{"id":198335,"date":"2025-10-24T12:43:15","date_gmt":"2025-10-24T12:43:15","guid":{"rendered":"https:\/\/www.europesays.com\/es\/198335\/"},"modified":"2025-10-24T12:43:15","modified_gmt":"2025-10-24T12:43:15","slug":"tom-aspinall-y-ciryl-gane-donde-ver-en-vivo-cartelera-y-horario","status":"publish","type":"post","link":"https:\/\/www.europesays.com\/es\/198335\/","title":{"rendered":"Tom Aspinall y Ciryl Gane: d\u00f3nde ver en vivo, cartelera y horario"},"content":{"rendered":"<p>&#13;<br \/>\n                    &#13;<br \/>\n                        &#13;<br \/>\n&#13;<\/p>\n<p>El ingl\u00e9s Aspinall defender\u00e1 la corona de los pesados ante le franc\u00e9s Gane, en la pelea principal del evento 321 de la UFC. Entearte de los detalles de la velada.<\/p>\n<p>&#13;<br \/>\n<img decoding=\"async\" class=\"mainImg r16x9\" width=\"416\" height=\"234\" fetchpriority=\"high\" src=\"https:\/\/www.europesays.com\/es\/wp-content\/uploads\/2025\/10\/aspinall-vs-gane_416x234.webp.webp\"  alt=\"Aspinall vs. Gane\" title=\"Aspinall vs. Gane\"\/><\/p>\n<p>Tom Aspinall y Ciryl Gane disputar\u00e1n, este s\u00e1bado en Abu Dabi, el t\u00edtulo pesado de la UFC. La vela 321 de la franquicia tendr\u00e1 una cartelera explosiva, en la nueva morada de la compa\u00f1\u00eda, Emiratos \u00c1rabes Unidos. Ac\u00e1 te dejamos la cartelera completa, el horario en que iniciar\u00e1n las preliminares, el main card y la pelea principal y como verlo por TV y online.\u00a0<\/p>\n<p>&#13;<br \/>\nCartelera completa de la UFC 321Principal<\/p>\n<ul>\n<li><b>Tom Aspinall (c) vs. Ciryl Gane<\/b>, por el t\u00edtulo de peso pesado<\/li>\n<li>Virna Jandiroba vs. Mackenzie Dern, por el t\u00edtulo de peso paja<\/li>\n<li>Alexander Volkov vs. Jailton Almeida; peso pesado<\/li>\n<li>Umar Nurmagomedov vs. Mario Bautista; peso gallo<\/li>\n<li>Aleksandar Rakic vs. Azamat Murzakanov; peso semipesado<\/li>\n<\/ul>\n<p>Preliminares<\/p>\n<ul>\n<li>Abdul-Kareem Al-Selwady vs. Matheus Camilo; peso ligero<\/li>\n<li>Ikram Aliskerov vs. Park Jun-yong; peso mediano<\/li>\n<li>Hamdy Abdelwahab vs. Chris Barnett; peso pesado<\/li>\n<li>Azat Maksum vs. Mitch Raposo; peso mosca<\/li>\n<li>Jaqueline Amorim vs. Mizuki Inoue; peso paja<\/li>\n<li>Nathaniel Wood vs. Jos\u00e9 Miguel Delgado; peso pluma<\/li>\n<li>Mateusz Rebocki vs. L&#8217;udovit Klein; peso ligo<\/li>\n<\/ul>\n<p><img decoding=\"async\" class=\"mainImg r16x9\" width=\"416\" height=\"234\" fetchpriority=\"low\" loading=\"lazy\" src=\"https:\/\/www.europesays.com\/es\/wp-content\/uploads\/2025\/10\/cartelera-ufc-321_416x234.webp.webp\"  alt=\"Cartelera UFC 321\" title=\"Cartelera UFC 321\"\/>Tom Aspinall y Ciryl Gane: d\u00f3nde ver en vivo por TV y ONLINE<\/p>\n<p>El partido se podr\u00e1 ver en vivo en la Argentina \u00fanicamente por Disney+, el servicio de streaming que ofrece ESPN. Hay tres maneras sencillas de suscribirte:<\/p>\n<ul>\n<li><b>Disney+ Est\u00e1ndar<\/b>: este plan incluir\u00e1 el cat\u00e1logo completo de Disney+ y Star junto a los canales lineales de ESPN e ESPN3. Este plan NO INCLUYE otros canales ni los eventos deportivos exclusivos de Disney+ ($10.699 por mes).<\/li>\n<li><b style=\"background-color: rgb(255, 255, 0);\">Disney+ Premium<\/b>: este plan incluir\u00e1 el cat\u00e1logo completo de Disney+ y Star junto a todos los deportes en vivo de ESPN, tanto los canales b\u00e1sicos lineales como los eventos exclusivos de la plataforma ($15.299 por mes).<\/li>\n<li><b>Disney+ Est\u00e1ndar con anuncios<\/b>: con los mismos beneficios que \u00abDisney+ Est\u00e1ndar\u00bb, aunque con anuncios incluidos. Ser\u00e1 el plan para qui\u00e9nes adquieran el servicio mediante el nivel 6 de Mercado Libre en los pa\u00edses disponibles.<\/li>\n<\/ul>\n<p>Horarios de la UFC 321: preliminares, main card, pelea principal<\/p>\n<ul>\n<li>11.00\/15.00\/<b>17.30<\/b>: <b>Argentina<\/b>, Brasil, Chile, Paraguay y Uruguay<\/li>\n<li>10.00\/14.00\/16.30: Bolivia y Venezuela, Estados Unidos (Este-EST)<\/li>\n<li>9.00\/13.00\/15.30: Ecuador, Per\u00fa y Colombia, Estados Unidos (Central-CST)<\/li>\n<li>8.00\/12.00\/14.30: Estados Unidos (Monta\u00f1a-MST), M\u00e9xico<\/li>\n<li>7.00\/11.00\/13.30: Estados Unidos (Pac\u00edfico-PST)<\/li>\n<\/ul>\n<p>&#13;<br \/>\n    &#13;<br \/>\n       &#13;<br \/>\n&#13;<br \/>\n        Te puede interesar<a href=\"https:\/\/www.tycsports.com\/polideportivo\/ufc-321-donde-ver-en-vivo-cartelera-y-horario-id694292.html\" onclick=\"ga4SelectContentEvent(&quot;UFC 321: d\\u00f3nde ver en vivo, cartelera y horario&quot;,&quot;Polideportivo&quot;,&quot;page_nota-comun-2024-blo_4109&quot;,&quot;Bruno Distefano&quot;);\" class=\"cardImageHolder\" rel=\"nofollow noopener\" target=\"_blank\"><img decoding=\"async\" class=\"cardImage r16x9\" width=\"416\" height=\"234\" fetchpriority=\"low\" loading=\"lazy\" src=\"https:\/\/www.europesays.com\/es\/wp-content\/uploads\/2025\/10\/ufc-321_416x234.webp\"  alt=\"UFC 321: d\u00f3nde ver en vivo, cartelera y horario\" title=\"UFC 321: d\u00f3nde ver en vivo, cartelera y horario\"\/><\/a><a href=\"https:\/\/www.tycsports.com\/polideportivo\/murio-asesinado-a-disparos-un-exluchador-de-ufc-a-plena-luz-del-dia-suman-mokhtarian-id691446.html\" onclick=\"ga4SelectContentEvent(&quot;Muri\\u00f3 asesinado a disparos un exluchador de UFC a plena luz del d\\u00eda&quot;,&quot;Polideportivo&quot;,&quot;page_nota-comun-2024-blo_4109&quot;,&quot;Federico Zbogar&quot;);\" class=\"cardImageHolder\" rel=\"nofollow noopener\" target=\"_blank\"><img decoding=\"async\" class=\"cardImage r16x9\" width=\"416\" height=\"234\" fetchpriority=\"low\" loading=\"lazy\" src=\"https:\/\/www.europesays.com\/es\/wp-content\/uploads\/2025\/10\/asesinan-a-suman-mokhtarianle_416x234.webp.webp\"  alt=\"Muri\u00f3 asesinado a disparos un exluchador de UFC a plena luz del d\u00eda\" title=\"Muri\u00f3 asesinado a disparos un exluchador de UFC a plena luz del d\u00eda\"\/><\/a><a href=\"https:\/\/www.tycsports.com\/polideportivo\/tiene-un-solo-brazo-sufrio-depresion-y-es-la-sensacion-de-la-ufc-id688661.html\" onclick=\"ga4SelectContentEvent(&quot;Tiene un solo brazo, sufri\\u00f3 depresi\\u00f3n y es la sensaci\\u00f3n de la UFC&quot;,&quot;Polideportivo&quot;,&quot;page_nota-comun-2024-blo_4109&quot;,&quot;Daniel Melluso&quot;);\" class=\"cardImageHolder\" rel=\"nofollow noopener\" target=\"_blank\">&#13;<br \/>\n                    &#13;<br \/>\n                    &#13;<br \/>\n                <img decoding=\"async\" class=\"cardImage r16x9\" width=\"416\" height=\"234\" fetchpriority=\"low\" loading=\"lazy\" src=\"https:\/\/www.europesays.com\/es\/wp-content\/uploads\/2025\/10\/marney-maxx_416x234.webp\"  alt=\"Tiene un solo brazo, sufri\u00f3 depresi\u00f3n y es la sensaci\u00f3n de la UFC\" title=\"Tiene un solo brazo, sufri\u00f3 depresi\u00f3n y es la sensaci\u00f3n de la UFC\"\/><\/a><a href=\"https:\/\/www.tycsports.com\/polideportivo\/por-que-una-region-de-3-millones-de-habitantes-es-la-cuna-de-luchadores-de-la-ufc-id688294.html\" onclick=\"ga4SelectContentEvent(&quot;Por qu\\u00e9 una regi\\u00f3n de 3M de habitantes es la cuna de luchadores de la UFC&quot;,&quot;Polideportivo&quot;,&quot;page_nota-comun-2024-blo_4109&quot;,&quot;Daniel Melluso&quot;);\" class=\"cardImageHolder\" rel=\"nofollow noopener\" target=\"_blank\">&#13;<br \/>\n                    &#13;<br \/>\n                    &#13;<br \/>\n                <img decoding=\"async\" class=\"cardImage r16x9\" width=\"416\" height=\"234\" fetchpriority=\"low\" loading=\"lazy\" src=\"https:\/\/www.europesays.com\/es\/wp-content\/uploads\/2025\/10\/la-republica-de-daguestan-rusia_416x234.webp.webp\"  alt=\"Por qu\u00e9 una regi\u00f3n de 3M de habitantes es la cuna de luchadores de la UFC\" title=\"Por qu\u00e9 una regi\u00f3n de 3M de habitantes es la cuna de luchadores de la UFC\"\/><\/a><a href=\"https:\/\/www.tycsports.com\/polideportivo\/power-slap-el-polemico-deporte-que-va-a-ser-mas-grande-que-la-ufc-id685163.html\" onclick=\"ga4SelectContentEvent(&quot;Cachetadas y morbo para la TV: el pol\\u00e9mico deporte que \\&quot;va a ser m\\u00e1s grande que la UFC\\u201d&quot;,&quot;Polideportivo&quot;,&quot;page_nota-comun-2024-blo_4109&quot;,&quot;Daniel Melluso&quot;);\" class=\"cardImageHolder\" rel=\"nofollow noopener\" target=\"_blank\">&#13;<br \/>\n                    &#13;<br \/>\n                    &#13;<br \/>\n                <img decoding=\"async\" class=\"cardImage r16x9\" width=\"416\" height=\"234\" fetchpriority=\"low\" loading=\"lazy\" src=\"https:\/\/www.europesays.com\/es\/wp-content\/uploads\/2025\/10\/power-slap_416x234.webp.webp\"  alt=\"Cachetadas y morbo para la TV: el pol\u00e9mico deporte que &quot;va a ser m\u00e1s grande que la UFC\u201d\" title=\"Cachetadas y morbo para la TV: el pol\u00e9mico deporte que &quot;va a ser m\u00e1s grande que la UFC\u201d\"\/><\/a><a href=\"https:\/\/www.tycsports.com\/polideportivo\/un-luchador-de-mma-casi-asesina-a-otro-en-el-ring-durante-un-vivo-por-kick-id681850.html\" onclick=\"ga4SelectContentEvent(&quot;Un luchador de MMA casi asesina a otro en el ring durante un vivo por Kick&quot;,&quot;Polideportivo&quot;,&quot;page_nota-comun-2024-blo_4109&quot;,&quot;Fernando Bajo &quot;);\" class=\"cardImageHolder\" rel=\"nofollow noopener\" target=\"_blank\">&#13;<br \/>\n                    &#13;<br \/>\n                    &#13;<br \/>\n                <img decoding=\"async\" class=\"cardImage r16x9\" width=\"416\" height=\"234\" fetchpriority=\"low\" loading=\"lazy\" src=\"https:\/\/www.europesays.com\/es\/wp-content\/uploads\/2025\/10\/mma-casi-aseina-vivo-kick_416x234.webp.webp\"  alt=\"Un luchador de MMA casi asesina a otro en el ring durante un vivo por Kick\" title=\"Un luchador de MMA casi asesina a otro en el ring durante un vivo por Kick\"\/><\/a>&#13;<br \/>\n&#13;<br \/>\n    &#13;<br \/>\n&#13;<br \/>\n&#13;<br \/>\n                  &#13;<\/p>\n","protected":false},"excerpt":{"rendered":"&#13; &#13; &#13; &#13; El ingl\u00e9s Aspinall defender\u00e1 la corona de los pesados ante le franc\u00e9s Gane, en&hellip;\n","protected":false},"author":2,"featured_media":198336,"comment_status":"","ping_status":"","sticky":false,"template":"","format":"standard","meta":{"footnotes":""},"categories":[276],"tags":[1488,168,25,24,23,167,343],"class_list":{"0":"post-198335","1":"post","2":"type-post","3":"status-publish","4":"format-standard","5":"has-post-thumbnail","7":"category-ufc","8":"tag-artes-marciales","9":"tag-deportes","10":"tag-es","11":"tag-espana","12":"tag-spain","13":"tag-sports","14":"tag-ufc"},"share_on_mastodon":{"url":"https:\/\/pubeurope.com\/@es\/115429207292728124","error":""},"_links":{"self":[{"href":"https:\/\/www.europesays.com\/es\/wp-json\/wp\/v2\/posts\/198335","targetHints":{"allow":["GET"]}}],"collection":[{"href":"https:\/\/www.europesays.com\/es\/wp-json\/wp\/v2\/posts"}],"about":[{"href":"https:\/\/www.europesays.com\/es\/wp-json\/wp\/v2\/types\/post"}],"author":[{"embeddable":true,"href":"https:\/\/www.europesays.com\/es\/wp-json\/wp\/v2\/users\/2"}],"replies":[{"embeddable":true,"href":"https:\/\/www.europesays.com\/es\/wp-json\/wp\/v2\/comments?post=198335"}],"version-history":[{"count":0,"href":"https:\/\/www.europesays.com\/es\/wp-json\/wp\/v2\/posts\/198335\/revisions"}],"wp:featuredmedia":[{"embeddable":true,"href":"https:\/\/www.europesays.com\/es\/wp-json\/wp\/v2\/media\/198336"}],"wp:attachment":[{"href":"https:\/\/www.europesays.com\/es\/wp-json\/wp\/v2\/media?parent=198335"}],"wp:term":[{"taxonomy":"category","embeddable":true,"href":"https:\/\/www.europesays.com\/es\/wp-json\/wp\/v2\/categories?post=198335"},{"taxonomy":"post_tag","embeddable":true,"href":"https:\/\/www.europesays.com\/es\/wp-json\/wp\/v2\/tags?post=198335"}],"curies":[{"name":"wp","href":"https:\/\/api.w.org\/{rel}","templated":true}]}}