{"id":198349,"date":"2025-10-24T12:50:11","date_gmt":"2025-10-24T12:50:11","guid":{"rendered":"https:\/\/www.europesays.com\/es\/198349\/"},"modified":"2025-10-24T12:50:11","modified_gmt":"2025-10-24T12:50:11","slug":"felipe-vi-interrumpe-de-forma-inesperada-el-posado-de-las-audiencias-de-los-premios-princesa-de-asturias","status":"publish","type":"post","link":"https:\/\/www.europesays.com\/es\/198349\/","title":{"rendered":"Felipe VI interrumpe de forma inesperada el posado de las audiencias de los Premios Princesa de Asturias"},"content":{"rendered":"<p data-journey-content=\"true\" data-node-id=\"3\" class=\"css-6wxqfj emevuu60\"><strong data-node-id=\"3.0\">Rara es la ocasi\u00f3n en la que Felipe VI se salta el protocolo o se sale del guion marcado en un acto de su agenda.<\/strong> La reina Letizia es quien nos tiene acostumbrados a protagonizar ese tipo de acciones, ya que, a pesar de querer tenerlo todo controlado, su espontaneidad a veces le juega malas pasadas. Pero este 24 de octubre, la an\u00e9cdota de las audiencias de los Premios Princesa de Asturias 2025 no se la lleva la Reina, sino el propio monarca. <strong data-node-id=\"3.2\">La Familia Real al completo ya se encuentra en Oviedo para presidir la ceremonia de entrega<\/strong>, que esta edici\u00f3n distinguen a Byung-Chul Han, Premio Princesa de Asturias de Comunicaci\u00f3n y Humanidades; Eduardo Mendoza, Premio Princesa de Asturias de las Letras; Douglas Massey, Premio Princesa de Asturias de Ciencias Sociales; Graciela Iturbide, Premio Princesa de Asturias de las Artes; Serena Williams, Premio Princesa de Asturias de los Deportes; Museo Nacional de Antropolog\u00eda de M\u00e9xico, Premio Princesa de Asturias de la Concordia; Mary-Claire King, Premio Princesa de Asturias de Investigaci\u00f3n Cient\u00edfica y T\u00e9cnica; y Mario Draghi, Premio Princesa de Asturias Cooperaci\u00f3n Internacional.<\/p>\n<p><img draggable=\"true\" alt=\"felipe vi\" title=\"Felipe VI\" loading=\"lazy\" width=\"4800\" height=\"7200\" decoding=\"async\" data-nimg=\"1\" style=\"color:transparent;width:100%;height:auto;\"   src=\"https:\/\/www.europesays.com\/es\/wp-content\/uploads\/2025\/10\/felipe-vi-princesa-asturias-68fb67c3259c1.jpg\" class=\"css-0 e1g79fud0\"\/><\/p>\n<p>Gtres<\/p>\n<p data-journey-content=\"true\" data-node-id=\"7\" class=\"css-6wxqfj emevuu60\">Eso ser\u00e1 en unas horas, pero previa a la entrega se celebran otros actos como el tradicional concierto de m\u00fasica en el Auditorio Felipe VI y las audiencias a los premiados y otras autoridades en el Hotel Reconquista de Oviedo. Precisamente, en una de estas audiencias, concretamente a los galardonados con las &#8216;Medallas de Asturias 2025&#8217;, &#8216;Hijo Predilecto 2025&#8217; e &#8216;Hijos Adoptivos 2025&#8217;, ha sido donde<strong data-node-id=\"7.1\"> el Rey ha protagonizado un espont\u00e1neo momento<\/strong>.<\/p>\n<p><img draggable=\"true\" alt=\"felipe vi\" title=\"Felipe VI\" loading=\"lazy\" width=\"4800\" height=\"3200\" decoding=\"async\" data-nimg=\"1\" style=\"color:transparent;width:100%;height:auto;\"   src=\"https:\/\/www.europesays.com\/es\/wp-content\/uploads\/2025\/10\/felipe-vi-cortinas-68fb67c08f573.jpg\" class=\"css-0 e1g79fud0\"\/><\/p>\n<p>Gtres<\/p>\n<p data-journey-content=\"true\" data-node-id=\"10\" class=\"css-6wxqfj emevuu60\">Cuando ya estaban todos colocados para la foto oficial, <strong data-node-id=\"10.1\">Felipe VI se ha fijado en la luz que entraba por la ventana y que daba de lleno en la cara de una de las galardonadas,<\/strong> concretamente a M\u00f3nica Oviedo Sastre, presidenta de COCEMFE Asturias, defensora de los derechos de las personas con discapacidad. Sin pens\u00e1rselo dos veces, ha interrumpido el posado y <strong data-node-id=\"10.3\">se ha ido hacia la ventana mirando la ventana y recolocando las cortinas<\/strong> por si pod\u00eda cambiar el sentido de la luz, algo que, a pesar de su buena intenci\u00f3n, no ha podido solucionar. <\/p>\n<p><img draggable=\"true\" alt=\"felipe vi\" title=\"Felipe VI\" loading=\"lazy\" width=\"4800\" height=\"7200\" decoding=\"async\" data-nimg=\"1\" style=\"color:transparent;width:100%;height:auto;\"   src=\"https:\/\/www.europesays.com\/es\/wp-content\/uploads\/2025\/10\/leonor-traje-azul-68fb67c13efaf.jpg\" class=\"css-0 e1g79fud0\"\/><\/p>\n<p>Gtres<\/p>\n<p data-journey-content=\"true\" data-node-id=\"15\" class=\"css-6wxqfj emevuu60\"><strong data-node-id=\"15.0\">Su mujer, Letizia, y sus hijas, observaban atentas la escena<\/strong>. Finalmente, la protagonista involuntaria del momento, sub\u00eda un escal\u00f3n de la plataforma colocada para las fotos, situ\u00e1ndose junto a otro premiado para continuar con la sesi\u00f3n de fotos.<\/p>\n<p><img src=\"https:\/\/www.europesays.com\/es\/wp-content\/uploads\/2025\/10\/1761310211_236_edf7d479-6cd4-48bc-8600-bcfd6ef75c9d_1734435678.jpg\" alt=\"Headshot of Magdalena Pi\u00f1ero\" title=\"Headshot of Magdalena Pi\u00f1ero\" width=\"100%\" height=\"100%\" decoding=\"async\" loading=\"lazy\" class=\"css-o0wq4v ev8dhu53\"\/><\/p>\n<p>Magdalena Pi\u00f1ero es periodista experta en coraz\u00f3n, celebridades y sociedad. Licenciada en Periodismo por la Universidad de Sevilla, se mud\u00f3 a Madrid para cursar el M\u00e1ster de Periodismo de la Agencia EFE. Hizo pr\u00e1cticas en la secci\u00f3n de Tribunales y en la de Sociedad y Televisi\u00f3n. En ambas disfrut\u00f3 mucho, pero fue en la segunda en la que descubri\u00f3 que cubrir el estreno de la serie de televisi\u00f3n del momento y entrevistar a sus protagonistas le apasionaba mucho m\u00e1s de lo que jam\u00e1s hubiera imaginado. Sonr\u00ede al recordar sus primeras ruedas de prensa, entre ellas &#8216;El programa de Ana Rosa&#8217;.<br \/>\nLleva m\u00e1s de una d\u00e9cada trabajando en la web de Diezminutos.es, pero es una nost\u00e1lgica y recuerda con cari\u00f1o su etapa en el formato de papel de la revista, en la que estuvo colaborando. Un tiempo en el que ha visto y trabajado en las noticias m\u00e1s destacadas del panorama nacional como la boda de Pilar Rubio y Sergio Ramos; el divorcio de Paula Echavarr\u00eda y David Bustamante; y acontecimientos hist\u00f3ricos como la coronaci\u00f3n de Felipe VI como rey de Espa\u00f1a.<br \/>\nAdem\u00e1s del coraz\u00f3n, le encanta la moda y la belleza. De ah\u00ed que ponga el mismo entusiasmo escribiendo sobre los looks de la Reina Letizia que sobre la crema favorita de Isasaweis. Tiene ojo cl\u00ednico para detectar si dos famosas han llevado el mismo vestido y hacer un tema sobre cu\u00e1l de ellas lo lleva mejor.<br \/>\nEn sus ratos libres, adem\u00e1s de seguir form\u00e1ndose en las \u00faltimas novedades digitales para aplicarlas en su trabajo, le encanta ver realities como &#8216;Supervivientes&#8217; y &#8216;Soy Georgina&#8217; (comparte con Georgina Rodr\u00edguez su amor por los ib\u00e9ricos), programas de coraz\u00f3n y todo lo que se emita en la parrilla televisiva de lo que pueda sacar un buen salseo. \u00bfLa excusa que pone siempre para verlos sin que la molesten? : \u00abLo hago por trabajo\u00bb.<\/p>\n","protected":false},"excerpt":{"rendered":"Rara es la ocasi\u00f3n en la que Felipe VI se salta el protocolo o se sale del guion&hellip;\n","protected":false},"author":2,"featured_media":198350,"comment_status":"","ping_status":"","sticky":false,"template":"","format":"standard","meta":{"footnotes":""},"categories":[174],"tags":[255,253,146,147,25,24,256,23],"class_list":{"0":"post-198349","1":"post","2":"type-post","3":"status-publish","4":"format-standard","5":"has-post-thumbnail","7":"category-famosos","8":"tag-celebrities","9":"tag-discover","10":"tag-entertainment","11":"tag-entretenimiento","12":"tag-es","13":"tag-espana","14":"tag-famosos","15":"tag-spain"},"share_on_mastodon":{"url":"https:\/\/pubeurope.com\/@es\/115429233459039191","error":""},"_links":{"self":[{"href":"https:\/\/www.europesays.com\/es\/wp-json\/wp\/v2\/posts\/198349","targetHints":{"allow":["GET"]}}],"collection":[{"href":"https:\/\/www.europesays.com\/es\/wp-json\/wp\/v2\/posts"}],"about":[{"href":"https:\/\/www.europesays.com\/es\/wp-json\/wp\/v2\/types\/post"}],"author":[{"embeddable":true,"href":"https:\/\/www.europesays.com\/es\/wp-json\/wp\/v2\/users\/2"}],"replies":[{"embeddable":true,"href":"https:\/\/www.europesays.com\/es\/wp-json\/wp\/v2\/comments?post=198349"}],"version-history":[{"count":0,"href":"https:\/\/www.europesays.com\/es\/wp-json\/wp\/v2\/posts\/198349\/revisions"}],"wp:featuredmedia":[{"embeddable":true,"href":"https:\/\/www.europesays.com\/es\/wp-json\/wp\/v2\/media\/198350"}],"wp:attachment":[{"href":"https:\/\/www.europesays.com\/es\/wp-json\/wp\/v2\/media?parent=198349"}],"wp:term":[{"taxonomy":"category","embeddable":true,"href":"https:\/\/www.europesays.com\/es\/wp-json\/wp\/v2\/categories?post=198349"},{"taxonomy":"post_tag","embeddable":true,"href":"https:\/\/www.europesays.com\/es\/wp-json\/wp\/v2\/tags?post=198349"}],"curies":[{"name":"wp","href":"https:\/\/api.w.org\/{rel}","templated":true}]}}