{"id":198351,"date":"2025-10-24T12:52:07","date_gmt":"2025-10-24T12:52:07","guid":{"rendered":"https:\/\/www.europesays.com\/es\/198351\/"},"modified":"2025-10-24T12:52:07","modified_gmt":"2025-10-24T12:52:07","slug":"felip-cirer-presenta-el-libro-joan-mari-cardona-passio-per-les-pitiuses-ocio-y-cultura","status":"publish","type":"post","link":"https:\/\/www.europesays.com\/es\/198351\/","title":{"rendered":"Felip Cirer presenta el libro &#8216;Joan Mar\u00ed Cardona. Passi\u00f3 per les Piti\u00fcses&#8217; | Ocio y cultura"},"content":{"rendered":"<p class=\"loc\">Ibiza<\/p>\n<p>Un viernes m\u00e1s, recibimos la visita del librero Pedro Gonz\u00e1lez, de Sa Cultural, que nos acerca todas las novedades del mundo editorial pitiuso y esta semana, trae una publicaci\u00f3n muy especial de la que se han editado mil ejemplares que se pueden adquirir en el Consell de Ibiza.<\/p>\n<p>Se trata del libro &#8216;Joan Mar\u00ed Cardona. Passi\u00f3 per les Piti\u00fcses&#8217;, que acaba de presentarse en sociedad y que hemos conocido en profundidad de la mano de su autor, Felip Cirer, que tambi\u00e9n ha estado en los micr\u00f3fonos de &#8216;Hoy por Hoy para Ibiza y Formentera&#8217;.<\/p>\n","protected":false},"excerpt":{"rendered":"Ibiza Un viernes m\u00e1s, recibimos la visita del librero Pedro Gonz\u00e1lez, de Sa Cultural, que nos acerca todas&hellip;\n","protected":false},"author":2,"featured_media":198352,"comment_status":"","ping_status":"","sticky":false,"template":"","format":"standard","meta":{"footnotes":""},"categories":[172],"tags":[224,146,147,25,24,225,23],"class_list":{"0":"post-198351","1":"post","2":"type-post","3":"status-publish","4":"format-standard","5":"has-post-thumbnail","7":"category-libros","8":"tag-books","9":"tag-entertainment","10":"tag-entretenimiento","11":"tag-es","12":"tag-espana","13":"tag-libros","14":"tag-spain"},"share_on_mastodon":{"url":"https:\/\/pubeurope.com\/@es\/115429241343696208","error":""},"_links":{"self":[{"href":"https:\/\/www.europesays.com\/es\/wp-json\/wp\/v2\/posts\/198351","targetHints":{"allow":["GET"]}}],"collection":[{"href":"https:\/\/www.europesays.com\/es\/wp-json\/wp\/v2\/posts"}],"about":[{"href":"https:\/\/www.europesays.com\/es\/wp-json\/wp\/v2\/types\/post"}],"author":[{"embeddable":true,"href":"https:\/\/www.europesays.com\/es\/wp-json\/wp\/v2\/users\/2"}],"replies":[{"embeddable":true,"href":"https:\/\/www.europesays.com\/es\/wp-json\/wp\/v2\/comments?post=198351"}],"version-history":[{"count":0,"href":"https:\/\/www.europesays.com\/es\/wp-json\/wp\/v2\/posts\/198351\/revisions"}],"wp:featuredmedia":[{"embeddable":true,"href":"https:\/\/www.europesays.com\/es\/wp-json\/wp\/v2\/media\/198352"}],"wp:attachment":[{"href":"https:\/\/www.europesays.com\/es\/wp-json\/wp\/v2\/media?parent=198351"}],"wp:term":[{"taxonomy":"category","embeddable":true,"href":"https:\/\/www.europesays.com\/es\/wp-json\/wp\/v2\/categories?post=198351"},{"taxonomy":"post_tag","embeddable":true,"href":"https:\/\/www.europesays.com\/es\/wp-json\/wp\/v2\/tags?post=198351"}],"curies":[{"name":"wp","href":"https:\/\/api.w.org\/{rel}","templated":true}]}}