{"id":198354,"date":"2025-10-24T12:54:23","date_gmt":"2025-10-24T12:54:23","guid":{"rendered":"https:\/\/www.europesays.com\/es\/198354\/"},"modified":"2025-10-24T12:54:23","modified_gmt":"2025-10-24T12:54:23","slug":"premios-billboard-de-la-musica-latina-chyno-miranda-y-su-esposa-desfilan-por-primera-vez-en-la-alfombra-roja","status":"publish","type":"post","link":"https:\/\/www.europesays.com\/es\/198354\/","title":{"rendered":"Premios Billboard de la M\u00fasica Latina: Chyno Miranda y su esposa desfilan por primera vez en la alfombra roja"},"content":{"rendered":"<p id=\"esHd-lDCmC\" data-wc=\"67\">Uno de los eventos m\u00e1s esperadas de la temporada ha llegado finalmente, se trata de los <strong>Premios Billboard de la M\u00fasica Latina<\/strong>. Una <a class=\"hm-link ho-link\" href=\"https:\/\/www.hola.com\/us-es\/moda\/20251023863437\/premios-billboard-musica-latina-2025-mejores-looks\/\" data-mrf-recirculation=\"article-body-link\" rel=\"nofollow noopener\" target=\"_blank\">larga lista de celebridades se ha dado cita en Miami derrochando glamour y estilo<\/a>. Entre todos los famosos hubo una pareja cuya presencia no pas\u00f3 desapercibida, pues se trat\u00f3 de su gran debut en la alfombra roja como matrimonio: <a class=\"hm-link ho-link\" href=\"https:\/\/www.hola.com\/us-es\/celebrities\/20241203733917\/chyno-miranda-astrid-falcon-mensaje-cumpleanios\/\" data-mrf-recirculation=\"article-body-link\" rel=\"nofollow noopener\" target=\"_blank\">Chyno Miranda y Astrid Falc\u00f3n<\/a>.<\/p>\n<p> <img src=\"https:\/\/www.europesays.com\/es\/wp-content\/uploads\/2025\/10\/f7ec0030c003-gettyimages-2242896318.jpg\"   width=\"682\" height=\"1024\" loading=\"lazy\" decoding=\"async\" alt=\"Chyno Miranda se encuentra nominado en los Premios Billboard de la M\u00fasica Latina junto a Nacho Mendoza.\" fetchpriority=\"auto\" class=\"image ho-image\"\/>\u00a9 WireImageChyno Miranda se encuentra nominado en los Premios Billboard de la M\u00fasica Latina junto a Nacho Mendoza.<\/p>\n<p id=\"e_rWAHkylxS\" data-wc=\"75\">Este 23 de octubre, Chyno acudi\u00f3 al James L. Knight Center, recinto que acoge la ceremonia, acompa\u00f1ado de su esposa Astrid, quien ha sido su apoyo incondicional en los \u00faltimos a\u00f1os. El cantante venezolano no pod\u00eda faltar esta noche, pues se encuentra nominado junto a su amigo y compa\u00f1ero <strong>Nacho Mendoza<\/strong> como <strong>Artista Tropical D\u00fao o Grupo<\/strong>. Esta nominaci\u00f3n marca el regreso del popular d\u00fao venezolano a las premiaciones internacionales luego de que se reunieran.<\/p>\n<p id=\"e-0txlJnTi1\" data-wc=\"76\">Chyno acudi\u00f3 al evento usando un estiloso blazer rojo y negro, con unos pantalones a juego y gafas de sol. Por su parte, Astrid luci\u00f3 muy guapa con un elegante vestido fucsia de estilo halter con un cut-out al frente y un bolso clutch metalizado. La pareja se mostr\u00f3 desfil\u00f3 tomada de la mano, derrochando amor y complicidad. Momentos antes, el int\u00e9rprete de Ni\u00f1a Bonita ya hab\u00eda compartido en su Instagram un posado con su pareja.<\/p>\n<p> <img src=\"https:\/\/www.europesays.com\/es\/wp-content\/uploads\/2025\/10\/875975eca66d-gettyimages-2242896317.jpg\"   width=\"682\" height=\"1024\" loading=\"lazy\" decoding=\"async\" alt=\"Chyno Miranda y Astrid Falc\u00f3n debutaron como matrimonio en la alfombra roja de los Premios Billboard de la M\u00fasica Latina.\" fetchpriority=\"auto\" class=\"image ho-image\"\/>\u00a9 WireImageChyno Miranda y Astrid Falc\u00f3n debutaron como matrimonio en la alfombra roja de los Premios Billboard de la M\u00fasica Latina.<\/p>\n<p id=\"e63RFXKX9-o\" data-wc=\"71\">\u00a0A su llegada a la gala, Chyno y su pareja fueron entrevistados por <strong>Carlos Ady\u00e1n<\/strong> y <strong>Aleyda Ortiz<\/strong>, y se mostraron muy emocionados y agradecidos. <strong>\u201cNominado, feliz de estar aqu\u00ed en la alfombra roja, mand\u00e1ndole muchas bendiciones a Nacho, y bendiciones a todos los que est\u00e1n aqu\u00ed con nosotros\u2026 (Estoy) muy feliz de estar aqu\u00ed<\/strong>\u201d, expres\u00f3 el cantante refiri\u00e9ndose a su compa\u00f1ero, quien no pudo acudir debido a otros compromisos profesionales.<\/p>\n<p> <img src=\"https:\/\/www.europesays.com\/es\/wp-content\/uploads\/2025\/10\/a8f933ad8173-429672296184149059770318768325648978851921898neditedok.jpg\"   width=\"1024\" height=\"747\" loading=\"lazy\" decoding=\"async\" alt=\"Chyno y Nacho.\" fetchpriority=\"auto\" class=\"image ho-image\"\/>\u00a9 Instagram @chinoynachoChyno expres\u00f3 su agradecimiento hacia su compa\u00f1ero y amigo Nacho Mendoza.<\/p>\n<p id=\"enuuvvNdqfV\" data-wc=\"63\"><strong>\u201cEstamos muy emocionados porque es una oportunidad que se nos da, primeramente, gracias a Dios, y tambi\u00e9n mandarle un saludo a Miguel que ha sido un apoyo importante en la carrera de Jes\u00fas\u201d<\/strong>, expres\u00f3 Astrid en su oportunidad, destacando tambi\u00e9n el importante papel que Nacho ha desempe\u00f1ado en la nueva etapa de la carrera de Chyno, cuyo nombre real es <strong>Jes\u00fas Alberto Miranda<\/strong>.<\/p>\n<p> <img src=\"https:\/\/www.europesays.com\/es\/wp-content\/uploads\/2025\/10\/d764a29c4b16-569006264185356015360080025195960426952991100n.jpg\"   width=\"576\" height=\"1024\" loading=\"lazy\" decoding=\"async\" alt=\"Chyno Miranda comparti\u00f3 esta foto antes de acudir a los Premios Billboard de la M\u00fasica Latina.\" fetchpriority=\"auto\" class=\"image ho-image\"\/>\u00a9 Instagram @chynomirandaChyno Miranda comparti\u00f3 esta foto antes de acudir a los Premios Billboard de la M\u00fasica Latina.<\/p>\n<p id=\"e3fkr28IGv4\" data-wc=\"77\">Chyno dijo que fue \u201cuna alegr\u00eda inmensa\u201d volver al escenario en Miami y habl\u00f3 de los conciertos que tiene programados en pr\u00f3ximas fechas junto a Nacho, entre ellos el que tienen agendado para el pr\u00f3ximo 25 de octubre en el Kaseya Center de Miami. \u201c<strong>La fuerza de Dios siempre con nosotros, estamos grabando m\u00fasica, mucho contenido por ah\u00ed.\u00a0<\/strong>Bendiciones infinitas para nosotros, estamos felices de todo el porvenir para nosotros, gracias inmensas para todos\u201d, agreg\u00f3 el cantante.<\/p>\n<p> <img src=\"https:\/\/www.europesays.com\/es\/wp-content\/uploads\/2025\/10\/b3819f891758-569010749185356074280080022482491565116500873n-1.jpg\"   width=\"1024\" height=\"941\" loading=\"lazy\" decoding=\"async\" alt=\"Chyno Miranda se mostr\u00f3 entusiasmado por sus proyectos musicales.\" fetchpriority=\"auto\" class=\"image ho-image\"\/>\u00a9 Instagram @chynomirandaChyno Miranda se mostr\u00f3 entusiasmado por sus proyectos musicales.<br \/>\nLa discreta relaci\u00f3n de Chyno y Astrid<\/p>\n<p id=\"eJwxihjfa4F\" data-wc=\"40\">A diferencia de otras parejas, Chyno Miranda y Astrid Falc\u00f3n han preferido reservarse los detalles de su historia de amor. Se sabe que ella apoy\u00f3 mucho al cantante en sus momentos m\u00e1s duros, demostrando as\u00ed la solidez de su relaci\u00f3n.<\/p>\n<p> <img src=\"https:\/\/www.europesays.com\/es\/wp-content\/uploads\/2025\/10\/4dbbd71e0637-chyno-miranda-y-astrid-falc-n.jpg\"   width=\"1024\" height=\"1024\" loading=\"lazy\" decoding=\"async\" alt=\"chyno miranda y astrid falc n\" fetchpriority=\"auto\" class=\"image ho-image\"\/>\u00a9 Instagram @chynomirandaChyno Miranda y Astrid despertaron los primeros rumores de matrimonio en 2023.<\/p>\n<p id=\"eFFJ0_gl_Oo\" data-wc=\"91\">En noviembre de 2023 empezaron a circular los primeros rumores de matrimonio entre ambos luego de que el venezolano publicara una foto en la que \u00e9l y ella luc\u00edan lo que parec\u00edan ser argollas de casados. <strong>\u201cAstrid, tu amor y apoyo han sido mi fortaleza en momentos desafiantes. Te agradezco por ser mi amor y estoy profundamente agradecido por todo lo que compartimos\u201d<\/strong>, expres\u00f3 en aquel momento. Aunque nunca se hicieron p\u00fablicas las fotos de la boda, en m\u00e1s de una ocasi\u00f3n Chyno se ha referido a Falc\u00f3n como su esposa.<\/p>\n","protected":false},"excerpt":{"rendered":"Uno de los eventos m\u00e1s esperadas de la temporada ha llegado finalmente, se trata de los Premios Billboard&hellip;\n","protected":false},"author":2,"featured_media":198355,"comment_status":"","ping_status":"","sticky":false,"template":"","format":"standard","meta":{"footnotes":""},"categories":[170],"tags":[517,54469,54836,146,147,25,24,184,185,23],"class_list":{"0":"post-198354","1":"post","2":"type-post","3":"status-publish","4":"format-standard","5":"has-post-thumbnail","7":"category-musica","8":"tag-actualidad","9":"tag-billboard-latin-music-awards","10":"tag-chyno-miranda","11":"tag-entertainment","12":"tag-entretenimiento","13":"tag-es","14":"tag-espana","15":"tag-music","16":"tag-musica","17":"tag-spain"},"share_on_mastodon":{"url":"https:\/\/pubeurope.com\/@es\/115429249461791786","error":""},"_links":{"self":[{"href":"https:\/\/www.europesays.com\/es\/wp-json\/wp\/v2\/posts\/198354","targetHints":{"allow":["GET"]}}],"collection":[{"href":"https:\/\/www.europesays.com\/es\/wp-json\/wp\/v2\/posts"}],"about":[{"href":"https:\/\/www.europesays.com\/es\/wp-json\/wp\/v2\/types\/post"}],"author":[{"embeddable":true,"href":"https:\/\/www.europesays.com\/es\/wp-json\/wp\/v2\/users\/2"}],"replies":[{"embeddable":true,"href":"https:\/\/www.europesays.com\/es\/wp-json\/wp\/v2\/comments?post=198354"}],"version-history":[{"count":0,"href":"https:\/\/www.europesays.com\/es\/wp-json\/wp\/v2\/posts\/198354\/revisions"}],"wp:featuredmedia":[{"embeddable":true,"href":"https:\/\/www.europesays.com\/es\/wp-json\/wp\/v2\/media\/198355"}],"wp:attachment":[{"href":"https:\/\/www.europesays.com\/es\/wp-json\/wp\/v2\/media?parent=198354"}],"wp:term":[{"taxonomy":"category","embeddable":true,"href":"https:\/\/www.europesays.com\/es\/wp-json\/wp\/v2\/categories?post=198354"},{"taxonomy":"post_tag","embeddable":true,"href":"https:\/\/www.europesays.com\/es\/wp-json\/wp\/v2\/tags?post=198354"}],"curies":[{"name":"wp","href":"https:\/\/api.w.org\/{rel}","templated":true}]}}