{"id":198361,"date":"2025-10-24T13:02:10","date_gmt":"2025-10-24T13:02:10","guid":{"rendered":"https:\/\/www.europesays.com\/es\/198361\/"},"modified":"2025-10-24T13:02:10","modified_gmt":"2025-10-24T13:02:10","slug":"hallaron-a-lowrdez-en-un-departamento-de-palermo-y-detuvieron-a-su-expareja-la-policia-allano-la-vivienda-y-encontro-a-la-exbandana","status":"publish","type":"post","link":"https:\/\/www.europesays.com\/es\/198361\/","title":{"rendered":"Hallaron a Lowrdez en un departamento de Palermo y detuvieron a su expareja | La Polic\u00eda allan\u00f3 la vivienda y encontr\u00f3 a la exBandana"},"content":{"rendered":"<p>Leandro Garc\u00eda G\u00f3mez, la expareja de la cantante <a href=\"https:\/\/www.pagina12.com.ar\/868129-lowrdez-hablo-con-la-policia-por-videollamada-pero-no-dijo-d\" rel=\"nofollow noopener\" target=\"_blank\">Lourdes Fern\u00e1ndez<\/a>, <b>fue detenido este jueves por la noche en su departamento del barrio porte\u00f1o de Palermo<\/b>, donde tambi\u00e9n se hallaba a la exBandana, quien caus\u00f3 gran preocupaci\u00f3n durante toda la jornada debido a una denuncia realizada por su madre, quien manifest\u00f3 estar tras casi tres semanas sin conocer su paradero.<\/p>\n<p>Tras una orden allanamiento dictada por el juzgado Nacional en lo Criminal y Correccional n\u00famero 47 en el domicilio de la calle Ravignani 2386, donde vive Garc\u00eda G\u00f3mez, a la Divisi\u00f3n Investigaciones Comunales 14 de la fuerza porte\u00f1a, <b>encontraron en el interior de la vivienda a Lowrdez<\/b>.<\/p>\n<p>Si bien su pareja no estaba en el departamento, se dict\u00f3 una orden de captura contra \u00e9l. Luego, Garc\u00eda G\u00f3mez logr\u00f3 ser aprehendido por efectivos de la Polic\u00eda de la Ciudad, a quien <b>encontraron escondido en otro sector del mismo edificio<\/b>.<\/p>\n<p>Adem\u00e1s del personal de la Justicia y agentes de la Polic\u00eda de la Ciudad, tambi\u00e9n se hizo presente personal del SAME, quien dispuso el traslado de la damnificada.<\/p>\n<p>El alerta sobre el paradero de la artista la hab\u00eda dado este mismo jueves por la ma\u00f1ana la propia madre, quien denunci\u00f3 ante la fuerza porte\u00f1a que su hija no se contactaba con ella desde el domingo 4 de octubre.<\/p>\n<p>Denuncias, sospechas y detenci\u00f3n de la expareja de\u00a0Lowrdez<\/p>\n<p>Durante el mediod\u00eda, Garc\u00eda G\u00f3mez hab\u00eda facilitado el ingreso a la vivienda a personal policial, pero <b>no le permiti\u00f3 a los uniformados revisar todo el departamento<\/b>. Los agentes tuvieron que aceptar las exigencias del due\u00f1o de casa, ya que <b>la Fiscal\u00eda interviniente no hab\u00eda dado la orden de allanamiento hasta este momento<\/b>.<\/p>\n<p>Ya en horas de la tarde, la Polic\u00eda de la Ciudad y el \u00e1rea de B\u00fasquedas de Personas entablaron una conversaci\u00f3n por videollamada con Lowrdez, quien no dio a conocer su ubicaci\u00f3n, pero s\u00ed quer\u00eda \u00abdar tranquilidad\u00bb.<\/p>\n<p><b>\u00abLa Polic\u00eda sigue en contacto permanente con ella\u00bb<\/b>, afirmaron desde la fuerza porte\u00f1a. Horas antes, la artista hab\u00eda posteado un video en Instagram en el que afirmaba que <b>sufri\u00f3 una \u00abgripe\u00bb y que estaba \u00abperfecta\u00bb<\/b>.<\/p>\n<p>Desde un comienzo, pese a dicho video, las autoridades hab\u00edan expresado que, hasta no conocer el estado de salud o alg\u00fan dato que confirme que estaba bien, no iban a cesar con la investigaci\u00f3n.<\/p>\n<p>En paralelo, Garc\u00eda G\u00f3mez mantuvo durante la tarde un cruce con periodistas, contra los que se mostr\u00f3 irritable con declaraciones combativas, en momentos en que sali\u00f3 de su departamento para ir al kiosco de la zona a comprar golosinas.<\/p>\n<p>Segu\u00ed leyendo:<\/p>\n","protected":false},"excerpt":{"rendered":"Leandro Garc\u00eda G\u00f3mez, la expareja de la cantante Lourdes Fern\u00e1ndez, fue detenido este jueves por la noche en&hellip;\n","protected":false},"author":2,"featured_media":198362,"comment_status":"","ping_status":"","sticky":false,"template":"","format":"standard","meta":{"footnotes":""},"categories":[91],"tags":[146,147,25,24,492,23,16317],"class_list":{"0":"post-198361","1":"post","2":"type-post","3":"status-publish","4":"format-standard","5":"has-post-thumbnail","7":"category-entretenimiento","8":"tag-entertainment","9":"tag-entretenimiento","10":"tag-es","11":"tag-espana","12":"tag-sociedad","13":"tag-spain","14":"tag-violencia-de-genero"},"share_on_mastodon":{"url":"https:\/\/pubeurope.com\/@es\/115429280671173230","error":""},"_links":{"self":[{"href":"https:\/\/www.europesays.com\/es\/wp-json\/wp\/v2\/posts\/198361","targetHints":{"allow":["GET"]}}],"collection":[{"href":"https:\/\/www.europesays.com\/es\/wp-json\/wp\/v2\/posts"}],"about":[{"href":"https:\/\/www.europesays.com\/es\/wp-json\/wp\/v2\/types\/post"}],"author":[{"embeddable":true,"href":"https:\/\/www.europesays.com\/es\/wp-json\/wp\/v2\/users\/2"}],"replies":[{"embeddable":true,"href":"https:\/\/www.europesays.com\/es\/wp-json\/wp\/v2\/comments?post=198361"}],"version-history":[{"count":0,"href":"https:\/\/www.europesays.com\/es\/wp-json\/wp\/v2\/posts\/198361\/revisions"}],"wp:featuredmedia":[{"embeddable":true,"href":"https:\/\/www.europesays.com\/es\/wp-json\/wp\/v2\/media\/198362"}],"wp:attachment":[{"href":"https:\/\/www.europesays.com\/es\/wp-json\/wp\/v2\/media?parent=198361"}],"wp:term":[{"taxonomy":"category","embeddable":true,"href":"https:\/\/www.europesays.com\/es\/wp-json\/wp\/v2\/categories?post=198361"},{"taxonomy":"post_tag","embeddable":true,"href":"https:\/\/www.europesays.com\/es\/wp-json\/wp\/v2\/tags?post=198361"}],"curies":[{"name":"wp","href":"https:\/\/api.w.org\/{rel}","templated":true}]}}