{"id":198369,"date":"2025-10-24T13:06:08","date_gmt":"2025-10-24T13:06:08","guid":{"rendered":"https:\/\/www.europesays.com\/es\/198369\/"},"modified":"2025-10-24T13:06:08","modified_gmt":"2025-10-24T13:06:08","slug":"adjudicacion-de-interinos-as-clm-publicadas-sustituciones-24-oct-ste-clm","status":"publish","type":"post","link":"https:\/\/www.europesays.com\/es\/198369\/","title":{"rendered":"ADJUDICACI\u00d3N DE INTERINOS\/AS CLM: Publicadas sustituciones 24 oct &#8211; STE-CLM"},"content":{"rendered":"<ol>\n<li><a href=\"https:\/\/news.google.com\/rss\/articles\/CBMiVkFVX3lxTE42LW45MjZVRW0xYV9neEd0WHFZQ2oyNHg1RWRVU3pXQ2xScGxYWGJrWXY1NS1nWGYxS21yMllPUnZHeEFNZWdrdHJpOUFBRFlMcmFqNFBR?oc=5\" target=\"_blank\" rel=\"nofollow noopener\">ADJUDICACI\u00d3N DE INTERINOS\/AS CLM: Publicadas sustituciones 24 oct<\/a>&nbsp;&nbsp;STE-CLM<\/li>\n<li><a href=\"https:\/\/news.google.com\/rss\/articles\/CBMigAJBVV95cUxQT0tQOTdkN2lnR3VRaTdOd2JmR1RWY1BLcWNGTGZXREd1Q2NSbm9oRVZ2RGNtcTdzakp5NlFNaXVhNm9tYTNmdldYaEJKMHQ0ZDFFc0ZzME94bEVmV3pRZzU0TEtjWkN3c1VFWHYyTUl4WWlUbGZXbF84Snh6dEZKeTNDVGxEUWRfSXhZTmlscHI5aTg0b3kyREVNSkVzU1l4RjlKdW9MVy0zZGc2aWZlc3haRXVjQVZieXlrb05kZml1ZktmeGJYM2V6eTFnTFNXLXJVdEh4Q0ktWnhZOTZwMmFMYnVQR0xoLVNVR3FGNzdXU2VkVXlPVGJMR0FJOGVC?oc=5\" target=\"_blank\" rel=\"nofollow noopener\">Plazas A LA CARTA disponibles para cuerpos de Maestros y EEMM objeto de adjudicaci\u00f3n el d\u00eda 24\/10\/2025. Acceso por Nuevo Portal<\/a>&nbsp;&nbsp;ANPE Castilla La Mancha<\/li>\n<li><a href=\"https:\/\/news.google.com\/rss\/articles\/CBMiY0FVX3lxTE41M3QzNzFIcVNQbG9RTkJCQVZOYWx3bEhYZXpwcmNKQ1ZoTmFPamZ1QTRCSjZaSTJIek9QX3prdVNMSm4tczdKdkNwakFPd0RsWXBlVHhYZkpRM1NXRmoxbUxOVQ?oc=5\" target=\"_blank\" rel=\"nofollow noopener\">Llamamiento telem\u00e1tico de 22 de octubre de 2025<\/a>&nbsp;&nbsp;FeSP-UGT Castilla-La Mancha<\/li>\n<li><a href=\"https:\/\/news.google.com\/rss\/articles\/CBMirgFBVV95cUxPSUtNeWEwTGJJLXR6UzRMY1U4Unp4NUZjbTFlR3hGSWlaQ1RJUmh0QVpyeUp4b0ZhRUNwREFSVmx0QW9rc05uN0RUTDd6cjBuaW92N3NCbWhPbFVmd1E3Qm5yZ0V3d201U3FhY3ZnNzhTVHBtWFE2ZkRJVVItNXhoTWVnR3oxTXdsZXFodUtZUUxraXk5UGpJaWl4dVA3Tmt6alR0Z0pmVzJIelVCdnc?oc=5\" target=\"_blank\" rel=\"nofollow noopener\">Llamamiento p\u00fablico telem\u00e1tico del d\u00eda 22\/10\/2025<\/a>&nbsp;&nbsp;ANPE Castilla La Mancha<\/li>\n<li><a href=\"https:\/\/news.google.com\/rss\/articles\/CBMiuwFBVV95cUxNYllrUEMwQVE0Y21yMHkzcy1HMzlKamtaNVgtMVBvMjB0YXVremZ1NVY3U3JMam9QNGh4alhJU3BsR1VnQVNuN2Y5bnctR3JnUVNHZ0VHM1BMTzFMUXliMDMzVmhyTGp3QThWc0F1ZGYtR01QVFhMY1ZmdHFHX3drNlVfMlZZQXIwdUFZWjB1WDdsODkxZ3QtR0lIZTlLTTM4WEdCZERvZHE3b0pkTHBwS3hDbUE5RHpnUVFR?oc=5\" target=\"_blank\" rel=\"nofollow noopener\">Adjudicaci\u00f3n de vacantes y sustituciones &#8211; Curso 2025-2026 &#8211; 21 de octubre<\/a>&nbsp;&nbsp;ANPE Cantabria<\/li>\n<\/ol>\n","protected":false},"excerpt":{"rendered":"ADJUDICACI\u00d3N DE INTERINOS\/AS CLM: Publicadas sustituciones 24 oct&nbsp;&nbsp;STE-CLM Plazas A LA CARTA disponibles para cuerpos de Maestros y&hellip;\n","protected":false},"author":2,"featured_media":198370,"comment_status":"","ping_status":"","sticky":false,"template":"","format":"standard","meta":{"footnotes":""},"categories":[8],"tags":[17,18,25,24,13,14,11,19,20,9,10,15,16,23,12,21,22],"class_list":{"0":"post-198369","1":"post","2":"type-post","3":"status-publish","4":"format-standard","5":"has-post-thumbnail","7":"category-espana","8":"tag-breaking-news","9":"tag-breakingnews","10":"tag-es","11":"tag-espana","12":"tag-featured-news","13":"tag-featurednews","14":"tag-headlines","15":"tag-latest-news","16":"tag-latestnews","17":"tag-news","18":"tag-noticias","19":"tag-noticias-destacadas","20":"tag-noticiasdestacadas","21":"tag-spain","22":"tag-titulares","23":"tag-ultimas-noticias","24":"tag-ultimasnoticias"},"share_on_mastodon":{"url":"https:\/\/pubeurope.com\/@es\/115429296322492559","error":""},"_links":{"self":[{"href":"https:\/\/www.europesays.com\/es\/wp-json\/wp\/v2\/posts\/198369","targetHints":{"allow":["GET"]}}],"collection":[{"href":"https:\/\/www.europesays.com\/es\/wp-json\/wp\/v2\/posts"}],"about":[{"href":"https:\/\/www.europesays.com\/es\/wp-json\/wp\/v2\/types\/post"}],"author":[{"embeddable":true,"href":"https:\/\/www.europesays.com\/es\/wp-json\/wp\/v2\/users\/2"}],"replies":[{"embeddable":true,"href":"https:\/\/www.europesays.com\/es\/wp-json\/wp\/v2\/comments?post=198369"}],"version-history":[{"count":0,"href":"https:\/\/www.europesays.com\/es\/wp-json\/wp\/v2\/posts\/198369\/revisions"}],"wp:featuredmedia":[{"embeddable":true,"href":"https:\/\/www.europesays.com\/es\/wp-json\/wp\/v2\/media\/198370"}],"wp:attachment":[{"href":"https:\/\/www.europesays.com\/es\/wp-json\/wp\/v2\/media?parent=198369"}],"wp:term":[{"taxonomy":"category","embeddable":true,"href":"https:\/\/www.europesays.com\/es\/wp-json\/wp\/v2\/categories?post=198369"},{"taxonomy":"post_tag","embeddable":true,"href":"https:\/\/www.europesays.com\/es\/wp-json\/wp\/v2\/tags?post=198369"}],"curies":[{"name":"wp","href":"https:\/\/api.w.org\/{rel}","templated":true}]}}