{"id":198389,"date":"2025-10-24T13:20:15","date_gmt":"2025-10-24T13:20:15","guid":{"rendered":"https:\/\/www.europesays.com\/es\/198389\/"},"modified":"2025-10-24T13:20:15","modified_gmt":"2025-10-24T13:20:15","slug":"feria-del-libro-de-cordoba","status":"publish","type":"post","link":"https:\/\/www.europesays.com\/es\/198389\/","title":{"rendered":"FERIA DEL LIBRO DE C\u00d3RDOBA"},"content":{"rendered":"<p class=\"ft-text\">Lo que surgi\u00f3 como plan B a ra\u00edz del cambio de organizaci\u00f3n, puede que acabe consolid\u00e1ndose como un evento aut\u00f3ctono mezcla de innovaci\u00f3n y tradici\u00f3n. La <a class=\"ft-link ft-link--decoration\" href=\"https:\/\/www.diariocordoba.com\/tags\/feria-del-libro\/\" rel=\"nofollow noopener\" target=\"_blank\">Feria del Libro<\/a> de <a class=\"ft-link ft-link--decoration\" href=\"https:\/\/www.diariocordoba.com\/local\/\" rel=\"nofollow noopener\" target=\"_blank\">C\u00f3rdoba<\/a> se est\u00e1 celebrando este a\u00f1o por primera vez de la mano de la asociaci\u00f3n de librer\u00edas de la ciudad (Aplico), que ante la premura del encargo, fruto de una antigua demanda, se vio obligada a trasladar el evento en el calendario. Del abril florido pas\u00f3 al <a class=\"ft-link ft-link--decoration\" href=\"https:\/\/www.diariocordoba.com\/local\/\" rel=\"nofollow noopener\" target=\"_blank\">octubre<\/a> floreciente, un mes cargado cada vez m\u00e1s de actividad cultural que ha hecho que la feria conmemore su 50 aniversario con nuevos br\u00edos. As\u00ed lo ven la mayor\u00eda de los libreros consultados, que no han notado cambios significativos en las ventas, a pesar de que muchos cordobeses se han ido enterando de las novedades sobre la marcha.<\/p>\n<p class=\"ft-text\">El<a class=\"ft-link ft-link--decoration\" href=\"https:\/\/www.diariocordoba.com\/tags\/bulevar-gran-capitan\/\" rel=\"nofollow noopener\" target=\"_blank\"> Bulevar Gran Capit\u00e1n<\/a> ha alojado esta vez m\u00e1s escritores que nunca, seg\u00fan las librer\u00edas presentes, muchos de ellos cordobeses que han encontrado acomodo en el Bulevar del Libro y en la caseta de las firmas. La coincidencia del d\u00eda de <a class=\"ft-link ft-link--decoration\" href=\"https:\/\/www.diariocordoba.com\/tags\/san-rafael\/\" rel=\"nofollow noopener\" target=\"_blank\">San Rafael<\/a> este <strong>24 de octubre <\/strong>ha llevado a los organizadores a conmemorar su cumplea\u00f1os repartiendo pastel cordob\u00e9s, una iniciativa que est\u00e1 teniendo buena acogida y que viene a sustituir las flores de San Jordi por el dulce t\u00edpico de la tierra. \u00abMe parece una idea genial\u00bb, comentaba Maril\u00f3, una usuaria que acudi\u00f3 a la cita a comprar un libro y se encontr\u00f3 con el regalito, \u00abhac\u00eda mucho tiempo que no com\u00eda pastel cordob\u00e9s y est\u00e1 riqu\u00edsimo, hay que promocionarlo m\u00e1s\u00bb. A mediod\u00eda, alguno hac\u00eda la broma pertinente: \u00abA la hora de la cervecita,<strong> habr\u00eda que cambiar el pastel por flamenqu\u00edn o salmorejo,<\/strong> pero todo se andar\u00e1\u00bb.<\/p>\n<p><img decoding=\"async\" src=\"https:\/\/www.europesays.com\/es\/wp-content\/uploads\/2025\/10\/efcf2910-ce3a-43dd-84a7-ccaf20cbf1ea_alta-libre-aspect-ratio_default_0.jpg\" width=\"1200\" height=\"800\" alt=\"Feria del Libro, ambiente y pastel cordobes por la compra de un libro por el d\u00eda de San Rafael\" class=\"ft-helper-img-rd\" loading=\"lazy\" hasdataaida=\"true\"\/><\/p>\n<p class=\"ft-helper-fontColor-quaternary ft-helper-fontSize-body-S ft-helper-spacer-t-xxs\">Los visitantes a la Feria del Libro disfrutan con el pastel cordob\u00e9s.  \/ MANUEL MURILLO<\/p>\n<p>Autores cordobeses<\/p>\n<p class=\"ft-text\">La presencia de autores cordobeses en este San Rafael es m\u00e1s notable que en otros d\u00edas. Desde por la ma\u00f1ana hasta por la tarde, ocupar\u00e1n la caseta del Bulevar y firmar\u00e1n ejemplares hasta ocho cordobeses con los m\u00e1s diversos g\u00e9neros y estilos: <strong>Irene B. Trenas<\/strong> con la antolog\u00eda de relatos y poemas Chicharra;<strong> Pilar Sanabria<\/strong> con su poemario en el que aborda la homosexualidad femenina Mujer que liba; <strong>Jos\u00e9 Mar\u00eda Higuera<\/strong> con el poemario Manzanas; <strong>Fernando Molero<\/strong> y su libro de relatos mezcla de realismo y fantas\u00eda Nadie est\u00e1 del todo solo; <strong>Rafael G\u00f3mez Villamandos<\/strong> con un estudios sobre La Anestesia en la Facultad de Veterinaria de C\u00f3rdoba durante el siglo XX; <strong>Mar\u00eda del Rosal<\/strong> y su novela juvenil Nunca te f\u00edes de una oveja negra, <strong>Noelia Mart\u00edn Luna<\/strong> con su novela rom\u00e1ntica Luchando con(tra) el amor y <strong>Francisco Santolalla Fragero<\/strong>, con el volumen de UCOpress dedicado a los Parques y Reservas Nacionales de Chile. Entre tanto cordob\u00e9s,se ha colado uno de los autores de Carmen Mola,<strong> Antonio Mercero,<\/strong> que presentar\u00e1 esta tarde su novela Est\u00e1 lloviendo y te quiero. Tambi\u00e9n habr\u00e1 alg\u00fan espect\u00e1culo infantil y firmas de libros. \u00bfAlguien da m\u00e1s? El programa completo <a class=\"ft-link ft-link--decoration\" href=\"https:\/\/ferialibrocordoba.es\/programacion\/\" rel=\"nofollow noopener\" target=\"_blank\">se puede consultar aqu\u00ed.<\/a><\/p>\n<p class=\"ft-text\">En cuanto al desarrollo de la feria este a\u00f1o, Juan Dios, de la <strong>librer\u00eda Al Andalus <\/strong>lleva 14 a\u00f1os acudiendo a la Feria del Libro de C\u00f3rdoba y se ha mostrado muy satisfecho con la organizaci\u00f3n. \u00abTodav\u00eda no se ha decidido si nos quedamos en abril o volvemos a octubre, pero <strong>lo que se decida tiene que ser definitivo para que la gente se acostumbre y se haga tradici\u00f3n<\/strong>\u00ab. Lo de tener un San Jordi cordob\u00e9s que se llame San Rafael est\u00e1 calando como una propuesta diferenciadora que abre muchas posibilidades. Seg\u00fan Ricardo Gonz\u00e1lez Mestre, editor de Utop\u00eda, <strong>\u00aben primavera hay demasiados eventos en C\u00f3rdoba<\/strong>, as\u00ed que dejarlo en octubre es interesante, lo que abrir\u00eda la puerta a mezclarlo con otras actividades de estas fechas\u00bb. En los corrillos, se hablaba de <strong>alg\u00fan intercambio cultural con Flora o con el Califato Gourmet<\/strong>, que coincide en octubre, para <strong>generar sinergias<\/strong> entre unos y otros.<\/p>\n<p><img decoding=\"async\" src=\"https:\/\/www.europesays.com\/es\/wp-content\/uploads\/2025\/10\/e8c1a46a-8557-4c35-9fbe-f0feb0bcc4c8_alta-libre-aspect-ratio_default_0.jpg\" width=\"1200\" height=\"800\" alt=\"Feria del Libro, ambiente y pastel cordobes por la compra de un libro por el d\u00eda de San Rafael\" class=\"ft-helper-img-rd\" loading=\"lazy\" hasdataaida=\"true\"\/><\/p>\n<p class=\"ft-helper-fontColor-quaternary ft-helper-fontSize-body-S ft-helper-spacer-t-xxs\">P\u00fablico en la Feria del Libro en el festivo por San Rafael.  \/ MANUEL MURILLO<\/p>\n<p class=\"ft-text\">Tambi\u00e9n ha habido lugar para la queja. \u00abTodo lo que se ha hecho ha sido a cargo de Aplico, <strong>el Ayuntamiento ha dado su subvenci\u00f3n, pero no ha aportado nada especial para este d\u00eda<\/strong>, ni siquiera ha comprado libros para regalar a los visitantes\u00bb, se quejaban algunos, \u00abni un barril de vino de la Tierra para agasajar a quien venga\u00bb.<\/p>\n<p class=\"ft-text\">Fernando Cabrera, de la librer\u00eda <strong>Por amor al Arte de Cabra, <\/strong>lleva cuatro ediciones y en su opini\u00f3n, \u00abel cambio de fecha <strong>no se ha notado en las ventas<\/strong> porque est\u00e1 funcionando m\u00e1s o menos igual o incluso mejor que en abril porque el tiempo acompa\u00f1a y no hay tantas opciones\u00bb. Adem\u00e1s, \u00ablos al\u00e9rgicos a los que expulsan los plataneros del Bulevar pueden venir ahora\u00bb, apostillaba una usuaria.<\/p>\n<p class=\"ft-text\">Sobre gustos, los colores, pero <strong>entre los libros m\u00e1s vendidos de este a\u00f1o<\/strong> destacan algunos t\u00edtulos. Comer\u00e1s flores, de Luc\u00eda Solla Sobra se est\u00e1 pidiendo mucho, igual que Los tres mundos de Santiago Posteguillo y Est\u00e1 lloviendo y te quiero, de Antonio Mercero.<\/p>\n","protected":false},"excerpt":{"rendered":"Lo que surgi\u00f3 como plan B a ra\u00edz del cambio de organizaci\u00f3n, puede que acabe consolid\u00e1ndose como un&hellip;\n","protected":false},"author":2,"featured_media":198390,"comment_status":"","ping_status":"","sticky":false,"template":"","format":"standard","meta":{"footnotes":""},"categories":[172],"tags":[224,6951,2760,3042,146,147,25,24,599,5780,12833,906,1496,225,25267,2228,23],"class_list":{"0":"post-198389","1":"post","2":"type-post","3":"status-publish","4":"format-standard","5":"has-post-thumbnail","7":"category-libros","8":"tag-books","9":"tag-celebra","10":"tag-cordoba","11":"tag-cordobes","12":"tag-entertainment","13":"tag-entretenimiento","14":"tag-es","15":"tag-espana","16":"tag-feria","17":"tag-feria-del-libro","18":"tag-jordi","19":"tag-librerias","20":"tag-libro","21":"tag-libros","22":"tag-pastel","23":"tag-san","24":"tag-spain"},"share_on_mastodon":{"url":"https:\/\/pubeurope.com\/@es\/115429351681366714","error":""},"_links":{"self":[{"href":"https:\/\/www.europesays.com\/es\/wp-json\/wp\/v2\/posts\/198389","targetHints":{"allow":["GET"]}}],"collection":[{"href":"https:\/\/www.europesays.com\/es\/wp-json\/wp\/v2\/posts"}],"about":[{"href":"https:\/\/www.europesays.com\/es\/wp-json\/wp\/v2\/types\/post"}],"author":[{"embeddable":true,"href":"https:\/\/www.europesays.com\/es\/wp-json\/wp\/v2\/users\/2"}],"replies":[{"embeddable":true,"href":"https:\/\/www.europesays.com\/es\/wp-json\/wp\/v2\/comments?post=198389"}],"version-history":[{"count":0,"href":"https:\/\/www.europesays.com\/es\/wp-json\/wp\/v2\/posts\/198389\/revisions"}],"wp:featuredmedia":[{"embeddable":true,"href":"https:\/\/www.europesays.com\/es\/wp-json\/wp\/v2\/media\/198390"}],"wp:attachment":[{"href":"https:\/\/www.europesays.com\/es\/wp-json\/wp\/v2\/media?parent=198389"}],"wp:term":[{"taxonomy":"category","embeddable":true,"href":"https:\/\/www.europesays.com\/es\/wp-json\/wp\/v2\/categories?post=198389"},{"taxonomy":"post_tag","embeddable":true,"href":"https:\/\/www.europesays.com\/es\/wp-json\/wp\/v2\/tags?post=198389"}],"curies":[{"name":"wp","href":"https:\/\/api.w.org\/{rel}","templated":true}]}}