{"id":198392,"date":"2025-10-24T13:22:09","date_gmt":"2025-10-24T13:22:09","guid":{"rendered":"https:\/\/www.europesays.com\/es\/198392\/"},"modified":"2025-10-24T13:22:09","modified_gmt":"2025-10-24T13:22:09","slug":"hansi-kursh-habla-del-proximo-disco-de-blind-guardian-documental-de-fates-warning-regreso-de-latzen","status":"publish","type":"post","link":"https:\/\/www.europesays.com\/es\/198392\/","title":{"rendered":"Hansi Kursh habla del pr\u00f3ximo disco de BLIND GUARDIAN. Documental de FATES WARNING. Regreso de LATZEN."},"content":{"rendered":"<p>\u00a0<\/p>\n<p style=\"text-align: center;\"><strong><a href=\"#GUARDIAN\">Hansi Kursh habla del pr\u00f3ximo disco de BLIND GUARDIAN<\/a> \u2013 <a href=\"#FATES_WARNING\">Documental de FATES WARNING<\/a> \u2013 <a href=\"#LATZEN\">Regreso de LATZEN<\/a>. <\/strong><\/p>\n<p>El cantante de <a title=\"Go to: Homepage\" href=\"http:\/\/www.blind-guardian.com\/\" target=\"_blank\" rel=\"noopener nofollow\"><strong>BLIND GUARDIAN<\/strong><\/a> Hansi K\u00fcrsch ha hablado del pr\u00f3ximo disco del grupo en una entrevista con The Metal Voice.<\/p>\n<p>\u201cMi impresi\u00f3n es que ya no deber\u00edamos ir mucho m\u00e1s lejos con la orquestaci\u00f3n. Habr\u00e1 composici\u00f3n cl\u00e1sica en el futuro, seguro, pero no llegaremos tan lejos como en \u201cLegacy Of The Dark Lands\u201d. Al menos no en mucho tiempo. Adem\u00e1s nos llev\u00f3 mucho tiempo hacer \u201cLegacy Of The Dark Lands\u201d, as\u00ed que dudo que haya algo as\u00ed. Sentimos que es el momento de dejarse llevar. Aunque luego una vez que estamos en el estudio no tenemos mucho control sobre donde nos va a llevar el viaje. Eso est\u00e1 ah\u00ed, pero hay ganas de m\u00fasica m\u00e1s sencilla. Tambi\u00e9n nos ha animado todo lo que hemos girado en los \u00faltimos tres a\u00f1os. Eso te da energ\u00eda y una vez que terminemos esta gira y volvamos a componer, habr\u00e1 cosas de eso en las nuevas composiciones. Tengo bastante confianza en que ir\u00e1 en esa direcci\u00f3n.<\/p>\n<p>De todas formas a\u00fan tenemos que componer el disco. Despu\u00e9s de la gira americana nos tomaremos un descanso. Nos centraremos en la composici\u00f3n y en la familia. Creo que tienes que darnos un a\u00f1o, a lo mejor uno y medio, y despu\u00e9s escuchar\u00e1s un nuevo disco. Creo que seguir\u00e1 los cl\u00e1sicos est\u00e1ndares de BLIND GUARDIAN, aunque quiz\u00e1 sea un poco m\u00e1s mel\u00f3dico, m\u00e1s a la antigua usanza, pero no puedo prometerlo. Es un sentimiento solo. Dir\u00eda que ser\u00e1 ya 2027 cuando salga. Utilizaremos 2026 para componer temas. Queremos calidad. T\u00e9cnicamente podr\u00edamos hacer un disco, incluida la producci\u00f3n, en 9 meses. Hicimos eso en los primeros a\u00f1os de la banda, pero quiero tomarme mi tiempo, igual que el resto de la banda. A principios de 2027 es posible que terminemos la producci\u00f3n y con suerte saldr\u00e1 a finales de 2027.\u201d<\/p>\n<p>Ten\u00e9is la charla completa a continuaci\u00f3n.<\/p>\n<p>Nuclear Blast sac\u00f3 el 2 de agosto de 2024 una versi\u00f3n regrabada del cl\u00e1sico cuarto disco de <a title=\"Go to: Homepage\" href=\"http:\/\/www.blind-guardian.com\/\" target=\"_blank\" rel=\"noopener nofollow\"><strong>BLIND GUARDIAN<\/strong><\/a> \u201cSomewhere Far Beyond\u201d renombrada para la ocasi\u00f3n \u201cSomewhere Far Beyond Revisited\u201d.<\/p>\n<p>Todos los detalles en esta <a href=\"https:\/\/www.rafabasa.com\/2024\/06\/07\/blind-guardian-cactus-think-inside-me\/#BLIND_GUARDIAN\" target=\"_blank\" rel=\"noopener nofollow\">noticia<\/a>.<\/p>\n<p><img fetchpriority=\"high\" decoding=\"async\" src=\"https:\/\/www.europesays.com\/es\/wp-content\/uploads\/2025\/10\/1761312129_711_7.jpg\" alt=\"Hansi Kursh habla del pr\u00f3ximo disco de BLIND GUARDIAN\" width=\"500\" height=\"333\"\/><\/p>\n<p>\u00a0<\/p>\n<p>\u00a0<\/p>\n<p>A continuaci\u00f3n pod\u00e9is ver un breve documental sobre <strong>FATES WARNING<\/strong> en el que se analiza su carrera y sobre todo el incierto futuro del grupo.<\/p>\n<p>El cantante Ray Alder <a href=\"https:\/\/www.rafabasa.com\/2024\/02\/25\/steven-wilson-yes-fates-warning\/#FATES_WARNING\" rel=\"nofollow noopener\" target=\"_blank\">afirm\u00f3 en 2024<\/a> que planeaban hacer cosas este a\u00f1o, pero est\u00e1 claro que no se ha concretado nada. No obstante el vocalista dej\u00f3 claro que <a href=\"https:\/\/www.rafabasa.com\/2023\/10\/02\/vixen-fates-warning-sound-of-broken-souls\/#FATES_WARNING\" rel=\"nofollow noopener\" target=\"_blank\">no ten\u00edan planes para un nuevo disco<\/a> y que el guitarrista Jim Matheos <a href=\"https:\/\/www.rafabasa.com\/2023\/05\/15\/judas-priest-bloodbound-fates-warning\/#FATES_WARNING\" target=\"_blank\" rel=\"noopener nofollow\">no ten\u00eda inter\u00e9s en componer para la banda<\/a>.<\/p>\n<p>En este <a href=\"https:\/\/www.rafabasa.com\/2020\/11\/15\/metallica-baron-rojo-fates-warning-anvil-macabre\/#FATES_WARNING\" target=\"_blank\" rel=\"noopener nofollow\">bloque<\/a> pod\u00e9is escuchar \u00edntegro el \u00faltimo trabajo de <strong>FATES WARNING<\/strong> \u201cLong Day Good Night\u201d, aparecido el 6 de noviembre de 2020 a trav\u00e9s de Metal Blade Records.<\/p>\n<p>M\u00e1s detalles y otro adelanto en esta <a href=\"https:\/\/www.rafabasa.com\/2020\/08\/25\/bon-jovi-uriah-heep-fates-warning-purpendicular\/#FATES_WARNING\" target=\"_blank\" rel=\"noopener nofollow\">noticia<\/a> y un adelanto en <a href=\"https:\/\/www.rafabasa.com\/2020\/10\/07\/def-leppard-volbeat-stone-temple-pilots-epica-fates-warning\/#FATES_WARNING\" target=\"_blank\" rel=\"noopener nofollow\">esta<\/a>.<\/p>\n<p>Otras informaciones sobre el grupo en este <a href=\"https:\/\/www.rafabasa.com\/2023\/07\/09\/video-del-proyecto-de-tarja-outlanders-reediciones-de-fates-warning-rosebad-en-gandia\/#FATES_WARNING\" target=\"_blank\" rel=\"noopener nofollow\">bloque<\/a>.<\/p>\n<p>\u00a0<\/p>\n<p>\u00a0<\/p>\n<p><strong>LATZEN <\/strong>han estrenado un nuevo single titulado \u201cMemento Mori\u201d.<\/p>\n<p>Comenta la banda: \u201c\u00bbMemento mori\u00bb, recuerda que morir\u00e1s. Los diferentes fragmentos de la canci\u00f3n, fuertes, suaves y llenos de ira, te introducen que la muerte no es sombra, sino un espejo, en este concepto de lo que nos vuelve a la verdad. Cada golpe del bombo es latido que se apaga y cada nota nos recuerda al final, as\u00ed que quemad en las llamas hasta que se convierta en polvo.\u201d<\/p>\n<p>Tocar\u00e1n en LEYENDAS DEL ROCK 2026.<\/p>\n<p>Su segundo y \u00faltimo trabajo \u201cArdi Larruz\u201d vio la luz en 1998.<\/p>\n<p>\u00a0<\/p>\n<p align=\"center\"><strong>Sigue el\u00a0<a href=\"https:\/\/whatsapp.com\/channel\/0029VaCprxVBA1f555USvT2O\" target=\"_blank\" rel=\"nofollow noopener\">Canal de RAFABASA.COM en WhatsApp<\/a>, donde encontrar\u00e1s todas nuestras novedades al instante<\/strong><\/p>\n<p>\u00a0<\/p>\n<p>\u00a0<\/p>\n<p>\u00a0<\/p>\n<p>\u00a0<\/p>\n<p>\u00a0<\/p>\n<p>\u00a0<\/p>\n","protected":false},"excerpt":{"rendered":"\u00a0 Hansi Kursh habla del pr\u00f3ximo disco de BLIND GUARDIAN \u2013 Documental de FATES WARNING \u2013 Regreso de&hellip;\n","protected":false},"author":2,"featured_media":198393,"comment_status":"","ping_status":"","sticky":false,"template":"","format":"standard","meta":{"footnotes":""},"categories":[170],"tags":[37918,146,147,25,24,54837,54838,184,185,23],"class_list":{"0":"post-198392","1":"post","2":"type-post","3":"status-publish","4":"format-standard","5":"has-post-thumbnail","7":"category-musica","8":"tag-blind-guardian","9":"tag-entertainment","10":"tag-entretenimiento","11":"tag-es","12":"tag-espana","13":"tag-fates-warning","14":"tag-latzen","15":"tag-music","16":"tag-musica","17":"tag-spain"},"share_on_mastodon":{"url":"https:\/\/pubeurope.com\/@es\/115429359413692183","error":""},"_links":{"self":[{"href":"https:\/\/www.europesays.com\/es\/wp-json\/wp\/v2\/posts\/198392","targetHints":{"allow":["GET"]}}],"collection":[{"href":"https:\/\/www.europesays.com\/es\/wp-json\/wp\/v2\/posts"}],"about":[{"href":"https:\/\/www.europesays.com\/es\/wp-json\/wp\/v2\/types\/post"}],"author":[{"embeddable":true,"href":"https:\/\/www.europesays.com\/es\/wp-json\/wp\/v2\/users\/2"}],"replies":[{"embeddable":true,"href":"https:\/\/www.europesays.com\/es\/wp-json\/wp\/v2\/comments?post=198392"}],"version-history":[{"count":0,"href":"https:\/\/www.europesays.com\/es\/wp-json\/wp\/v2\/posts\/198392\/revisions"}],"wp:featuredmedia":[{"embeddable":true,"href":"https:\/\/www.europesays.com\/es\/wp-json\/wp\/v2\/media\/198393"}],"wp:attachment":[{"href":"https:\/\/www.europesays.com\/es\/wp-json\/wp\/v2\/media?parent=198392"}],"wp:term":[{"taxonomy":"category","embeddable":true,"href":"https:\/\/www.europesays.com\/es\/wp-json\/wp\/v2\/categories?post=198392"},{"taxonomy":"post_tag","embeddable":true,"href":"https:\/\/www.europesays.com\/es\/wp-json\/wp\/v2\/tags?post=198392"}],"curies":[{"name":"wp","href":"https:\/\/api.w.org\/{rel}","templated":true}]}}