{"id":198408,"date":"2025-10-24T13:30:10","date_gmt":"2025-10-24T13:30:10","guid":{"rendered":"https:\/\/www.europesays.com\/es\/198408\/"},"modified":"2025-10-24T13:30:10","modified_gmt":"2025-10-24T13:30:10","slug":"alemania-y-espana-acuerdan-abrir-un-dialogo-para-que-el-catalan-pueda-ser-oficial-en-la-ue-en-plena-crisis-con-junts-espana","status":"publish","type":"post","link":"https:\/\/www.europesays.com\/es\/198408\/","title":{"rendered":"Alemania y Espa\u00f1a acuerdan \u201cabrir un di\u00e1logo\u201d para que el catal\u00e1n pueda ser oficial en la UE en plena crisis con Junts | Espa\u00f1a"},"content":{"rendered":"<p class=\"\">Las <a href=\"https:\/\/elpais.com\/expres\/2025-10-24\/junts-pone-en-jaque-al-gobierno-de-coalicion-consultara-a-sus-militantes-sin-rompe-con-pedro-sanchez.html\" target=\"_self\" rel=\"nofollow noopener\" title=\"https:\/\/elpais.com\/expres\/2025-10-24\/junts-pone-en-jaque-al-gobierno-de-coalicion-consultara-a-sus-militantes-sin-rompe-con-pedro-sanchez.html\">amenazas de Junts<\/a> de un oto\u00f1o caliente han tenido un efecto casi inmediato. Pedro S\u00e1nchez ha pactado con el Gobierno alem\u00e1n un comunicado conjunto en el que ambos Ejecutivos dan cuenta del inicio de una negociaci\u00f3n para resolver el asunto del reconocimiento del catal\u00e1n, el euskera y el gallego como lenguas oficiales en la Uni\u00f3n Europea.<\/p>\n<p class=\"\">Alemania es el principal<a href=\"https:\/\/elpais.com\/expres\/2025-10-24\/junts-pone-en-jaque-al-gobierno-de-coalicion-consultara-a-sus-militantes-sin-rompe-con-pedro-sanchez.html\" target=\"_self\" rel=\"nofollow noopener\" title=\"https:\/\/elpais.com\/expres\/2025-10-24\/junts-pone-en-jaque-al-gobierno-de-coalicion-consultara-a-sus-militantes-sin-rompe-con-pedro-sanchez.html\"> obst\u00e1culo para aprobar esta iniciativa<\/a>, clave para que Junts no rompa la legislatura. El Ejecutivo espa\u00f1ol cree que el alem\u00e1n, del mismo signo pol\u00edtico que el PP espa\u00f1ol, actu\u00f3 presionado por Alberto N\u00fa\u00f1ez Feij\u00f3o la \u00faltima vez que se intent\u00f3 aprobarlo. Pero S\u00e1nchez y el canciller alem\u00e1n, Friedrich Merz, se han acercado en los \u00faltimos meses y el espa\u00f1ol logra este comunicado conjunto que muestra, como dijo en la rueda de prensa de este jueves en Bruselas, que \u00e9l est\u00e1 haciendo lo que puede para cumplir con los compromisos con Junts. <\/p>\n<p class=\"\">El texto del comunicado es claro: \u201cNuestros dos gobiernos han acordado hoy abrir un di\u00e1logo con el objetivo de encontrar una respuesta a la solicitud espa\u00f1ola de que sus lenguas oficiales distintas del espa\u00f1ol sean reconocidas como oficiales en la Uni\u00f3n Europea de forma que sea aceptable para todos los Estados miembros\u201d.<\/p>\n<p class=\"\">\u201cLa<a href=\"https:\/\/elpais.com\/espana\/2025-07-18\/espana-sigue-impulsando-el-catalan-en-la-ue-aunque-no-convence-aun-a-todos-los-estados.html\" target=\"_blank\" rel=\"noreferrer nofollow noopener\" title=\"https:\/\/elpais.com\/espana\/2025-07-18\/espana-sigue-impulsando-el-catalan-en-la-ue-aunque-no-convence-aun-a-todos-los-estados.html\"> incorporaci\u00f3n de dichas lenguas <\/a>constituye una parte esencial de la identidad nacional pluriling\u00fce de Espa\u00f1a. Por ello, hemos decidido conjuntamente iniciar conversaciones bilaterales a partir de las cuales Espa\u00f1a presentar\u00e1 un texto para debate y decisi\u00f3n de los 27 Estados miembros en una futura reuni\u00f3n del Consejo de Asuntos Generales. Este di\u00e1logo bilateral comenzar\u00e1 a la mayor brevedad a cargo de nuestros respectivos Ministerios de Exteriores\u201d, a\u00f1ade la declaraci\u00f3n. <\/p>\n<p class=\"\">Este pacto llega en momentos de extrema tensi\u00f3n entre Junts y el PSOE. La formaci\u00f3n independentista celebrar\u00e1 este lunes una reuni\u00f3n de su direcci\u00f3n con el objetivo de dar indicaciones sobre qu\u00e9 trato hay que tener con el PSOE de ahora en adelante. El partido est\u00e1 decidido a romper los v\u00ednculos con Pedro S\u00e1nchez, y as\u00ed se lo plantear\u00e1 a los militantes, que decidir\u00e1n en una consulta interna. <\/p>\n<p class=\"\">\u201cLo que est\u00e1 en manos del Gobierno lo estamos cumpliendo\u201d, dijo este jueves el presidente del Gobierno, en una rueda de prensa tras terminar la reuni\u00f3n del Consejo Europeo en Bruselas. \u201cLo que est\u00e1 en manos de otros, estamos trabajando para que se cumpla\u201d, indic\u00f3, en referencia a la oficialidad del catal\u00e1n en las instituciones europeas, sin desvelar el contenido de este anuncio.<\/p>\n<p class=\"\">Espa\u00f1a ha intentado aprobar este asunto ya en varias ocasiones desde que en agosto de 2023 se comprometi\u00f3 con Junts a impulsar la medida en el seno de la UE, pero ha fracasado. En mayo, el Gobierno llev\u00f3 la propuesta para votaci\u00f3n, sin embargo, la decisi\u00f3n se aplaz\u00f3 ante la falta de apoyos. Una decena de pa\u00edses, entre ellos Alemania o Italia, expresaron \u201cpreocupaciones\u201d sobre las implicaciones legales. Tambi\u00e9n los servicios jur\u00eddicos del Consejo de la UE creen que la propuesta de Espa\u00f1a no se puede realizar sin cambiar los tratados. En julio el asunto se qued\u00f3 simplemente en un nuevo debate.<\/p>\n<p class=\"\">Desde entonces, S\u00e1nchez y Merz han acercado posiciones. El Gobierno espa\u00f1ol se ha acercado al alem\u00e1n para explicarle que este asunto es decisivo para la estabilidad pol\u00edtica en Espa\u00f1a, y parece que Berl\u00edn empieza a comprenderlo. Al conservador Merz le interesa una buena relaci\u00f3n con S\u00e1nchez, el gran referente socialdem\u00f3crata, porque ambos grupos deben pactar muchas cuestiones relevantes para Alemania, que est\u00e1 en pleno proceso de cambio productivo. <\/p>\n<p class=\"\">Este acercamiento incluy\u00f3 una visita el pasado 18 de septiembre de Merz a La Moncloa en la que ambos l\u00edderes hablaron abiertamente del tema del catal\u00e1n en la UE. En la rueda de prensa conjunta, Merz explic\u00f3 precisamente que ambos l\u00edderes pactaron un canal de comunicaci\u00f3n permanente para asuntos europeos, para poder hacer grandes pactos entre el PPE, que tiene en Merz a su l\u00edder m\u00e1s destacada, el PSE, que lo tiene en S\u00e1nchez, y los liberales para poder dirigir Europa sin la extrema derecha. <\/p>\n<p class=\"\">Merz mostr\u00f3 sinton\u00eda con el espa\u00f1ol en ese encuentro, pero enfri\u00f3 las expectativas sobre el catal\u00e1n en la UE. \u201cHemos hablado de las lenguas, conozco la posici\u00f3n espa\u00f1ola\u201d, admiti\u00f3 el alem\u00e1n con S\u00e1nchez al lado. \u201cHe estado en el Parlamento Europeo. S\u00e9 cu\u00e1n complicado es el servicio de idiomas, cada lengua amplia el problema. A medio plazo se podr\u00e1 resolver gracias a la inteligencia artificial, ya no necesitaremos int\u00e9rpretes. Entiendo bien el inter\u00e9s del Gobierno espa\u00f1ol sobre los desaf\u00edos ling\u00fc\u00edsticos, s\u00e9 que son idiomas que no se entienden entre s\u00ed [Merz record\u00f3 que de peque\u00f1o veraneaba con sus padres en Cullera], pero sobre c\u00f3mo resolverlo&#8230; lo tendremos que ver\u201d, remat\u00f3. Despu\u00e9s de esa cita, S\u00e1nchez volvi\u00f3 a encontrarse con Merz en Bruselas este jueves. Ah\u00ed hablaron de nuevo del catal\u00e1n, seg\u00fan fuentes del Ejecutivo, y el resultado de todas esas gestiones es este comunicado del Gobierno alem\u00e1n que abre la puerta a un cambio de posici\u00f3n en un asunto clave para Junts a tres d\u00edas de que se re\u00fana su Ejecutiva en Perpi\u00f1\u00e1n para lanzar una consulta a las bases sobre una posible ruptura con el PSOE.<\/p>\n","protected":false},"excerpt":{"rendered":"Las amenazas de Junts de un oto\u00f1o caliente han tenido un efecto casi inmediato. Pedro S\u00e1nchez ha pactado&hellip;\n","protected":false},"author":2,"featured_media":198409,"comment_status":"","ping_status":"","sticky":false,"template":"","format":"standard","meta":{"footnotes":""},"categories":[8],"tags":[1660,17,18,6061,25,24,32506,13,14,1661,785,11,3837,19,20,9,10,15,16,2959,956,37164,1699,23,12,21,22,1617],"class_list":{"0":"post-198408","1":"post","2":"type-post","3":"status-publish","4":"format-standard","5":"has-post-thumbnail","7":"category-espana","8":"tag-alemania","9":"tag-breaking-news","10":"tag-breakingnews","11":"tag-catalan","12":"tag-es","13":"tag-espana","14":"tag-euskera","15":"tag-featured-news","16":"tag-featurednews","17":"tag-friedrich-merz","18":"tag-gallego","19":"tag-headlines","20":"tag-juntsxcat","21":"tag-latest-news","22":"tag-latestnews","23":"tag-news","24":"tag-noticias","25":"tag-noticias-destacadas","26":"tag-noticiasdestacadas","27":"tag-pedro-sanchez","28":"tag-pp","29":"tag-ppe","30":"tag-psoe","31":"tag-spain","32":"tag-titulares","33":"tag-ultimas-noticias","34":"tag-ultimasnoticias","35":"tag-union-europea"},"share_on_mastodon":{"url":"https:\/\/pubeurope.com\/@es\/115429390664040685","error":""},"_links":{"self":[{"href":"https:\/\/www.europesays.com\/es\/wp-json\/wp\/v2\/posts\/198408","targetHints":{"allow":["GET"]}}],"collection":[{"href":"https:\/\/www.europesays.com\/es\/wp-json\/wp\/v2\/posts"}],"about":[{"href":"https:\/\/www.europesays.com\/es\/wp-json\/wp\/v2\/types\/post"}],"author":[{"embeddable":true,"href":"https:\/\/www.europesays.com\/es\/wp-json\/wp\/v2\/users\/2"}],"replies":[{"embeddable":true,"href":"https:\/\/www.europesays.com\/es\/wp-json\/wp\/v2\/comments?post=198408"}],"version-history":[{"count":0,"href":"https:\/\/www.europesays.com\/es\/wp-json\/wp\/v2\/posts\/198408\/revisions"}],"wp:featuredmedia":[{"embeddable":true,"href":"https:\/\/www.europesays.com\/es\/wp-json\/wp\/v2\/media\/198409"}],"wp:attachment":[{"href":"https:\/\/www.europesays.com\/es\/wp-json\/wp\/v2\/media?parent=198408"}],"wp:term":[{"taxonomy":"category","embeddable":true,"href":"https:\/\/www.europesays.com\/es\/wp-json\/wp\/v2\/categories?post=198408"},{"taxonomy":"post_tag","embeddable":true,"href":"https:\/\/www.europesays.com\/es\/wp-json\/wp\/v2\/tags?post=198408"}],"curies":[{"name":"wp","href":"https:\/\/api.w.org\/{rel}","templated":true}]}}