{"id":198412,"date":"2025-10-24T13:32:10","date_gmt":"2025-10-24T13:32:10","guid":{"rendered":"https:\/\/www.europesays.com\/es\/198412\/"},"modified":"2025-10-24T13:32:10","modified_gmt":"2025-10-24T13:32:10","slug":"duelo-en-las-alturas-para-reencontrarse","status":"publish","type":"post","link":"https:\/\/www.europesays.com\/es\/198412\/","title":{"rendered":"Duelo en las alturas para reencontrarse"},"content":{"rendered":"<p style=\"text-align: justify;\">El Bathco BM Torrelavega viaja este fin de semana a Granollers para medirse el domingo a las 19:00 <strong>contra el Fraikin BM Granollers<\/strong> en la jornada 7 de la <strong>Liga NEXUS ENERG\u00cdA ASOBAL<\/strong>. Un duelo en las alturas de la clasificaci\u00f3n donde el equipo naranja tratar\u00e1 de reencontrarse con su mejor versi\u00f3n tras el tropiezo del pasado fin de semana contra Frigor\u00edficos del Morrazo.<\/p>\n<p style=\"text-align: justify;\">Segundo y quinto clasificado se miden en un <strong>enfrentamiento que tiene a sus protagonistas separados en la clasificaci\u00f3n por un punto<\/strong>. Los catalanes suman 10 puntos y est\u00e1n empatados en el coliderato con el Bar\u00e7a, \u00fanico equipo que ha sido capaz de doblegarles en lo que va de temporada.<\/p>\n<p style=\"text-align: justify;\"><strong>EQUIPO RENOVADO<\/strong><\/p>\n<p><a target=\"_blank\" href=\"https:\/\/eldiariocantabria.publico.es\/ads\/20241029145309165687\" rel=\"nofollow noopener\"> <img decoding=\"async\" src=\"https:\/\/www.europesays.com\/es\/wp-content\/uploads\/2025\/07\/2025030323000081200.gif\" alt=\"Publicidad 165687\" width=\"728\" height=\"90\" loading=\"lazy\"  \/> <\/a><\/p>\n<p style=\"text-align: justify;\">El renovado equipo de Antonio Rama, en su <strong>\u2018A\u00f1o 1 Despu\u00e9s de Antonio Garc\u00eda\u2019<\/strong>, est\u00e1 mostrando una gran imagen y sacando adelante sus partidos con solvencia. En la temporada de confirmaci\u00f3n de Pablo Urdangar\u00edn, el papel de la explosi\u00f3n, de la revoluci\u00f3n, recae en la figura de Marcos Fis. El jovenc\u00edsimo lateral espa\u00f1ol est\u00e1 teniendo un impacto inmediato en la \u00e9lite y suma 36 goles en 6 partidos.<\/p>\n<p style=\"text-align: justify;\">Junto a ellos, la juventud y el descaro de Juan Palomino, Bruno Reguart o Gerard Domingo y el poso de jugadores como Sergi Franco o Adri\u00e1 Figueras. Un potencial ofensivo que queda bien protegido por Luka Krivokapic y Pau Panitti en porter\u00eda. Curiosamente,<strong> aunque ambos rondan el 30%, su equipo es el m\u00e1s goleado<\/strong> de la competici\u00f3n, debido principalmente al alto n\u00famero de ataques al que se juegan sus partidos. No en vano, tambi\u00e9n es el mayor goleador del campeonato.<\/p>\n<p style=\"text-align: justify;\">El partido comenzar\u00e1 a las 19:00 horas y estar\u00e1 dirigido por Luis Ignacio Colmenero y Jos\u00e9 Manuel Iniesta, de las federaciones castellano-leonesa y valenciana.<\/p>\n","protected":false},"excerpt":{"rendered":"El Bathco BM Torrelavega viaja este fin de semana a Granollers para medirse el domingo a las 19:00&hellip;\n","protected":false},"author":2,"featured_media":198413,"comment_status":"","ping_status":"","sticky":false,"template":"","format":"standard","meta":{"footnotes":""},"categories":[278],"tags":[32315,376,2771,168,320,5746,25,24,375,23,167],"class_list":{"0":"post-198412","1":"post","2":"type-post","3":"status-publish","4":"format-standard","5":"has-post-thumbnail","7":"category-balonmano","8":"tag-alturas","9":"tag-balonmano","10":"tag-cantabria","11":"tag-deportes","12":"tag-duelo","13":"tag-eldiariocantabria","14":"tag-es","15":"tag-espana","16":"tag-handball","17":"tag-spain","18":"tag-sports"},"share_on_mastodon":{"url":"https:\/\/pubeurope.com\/@es\/115429398734818544","error":""},"_links":{"self":[{"href":"https:\/\/www.europesays.com\/es\/wp-json\/wp\/v2\/posts\/198412","targetHints":{"allow":["GET"]}}],"collection":[{"href":"https:\/\/www.europesays.com\/es\/wp-json\/wp\/v2\/posts"}],"about":[{"href":"https:\/\/www.europesays.com\/es\/wp-json\/wp\/v2\/types\/post"}],"author":[{"embeddable":true,"href":"https:\/\/www.europesays.com\/es\/wp-json\/wp\/v2\/users\/2"}],"replies":[{"embeddable":true,"href":"https:\/\/www.europesays.com\/es\/wp-json\/wp\/v2\/comments?post=198412"}],"version-history":[{"count":0,"href":"https:\/\/www.europesays.com\/es\/wp-json\/wp\/v2\/posts\/198412\/revisions"}],"wp:featuredmedia":[{"embeddable":true,"href":"https:\/\/www.europesays.com\/es\/wp-json\/wp\/v2\/media\/198413"}],"wp:attachment":[{"href":"https:\/\/www.europesays.com\/es\/wp-json\/wp\/v2\/media?parent=198412"}],"wp:term":[{"taxonomy":"category","embeddable":true,"href":"https:\/\/www.europesays.com\/es\/wp-json\/wp\/v2\/categories?post=198412"},{"taxonomy":"post_tag","embeddable":true,"href":"https:\/\/www.europesays.com\/es\/wp-json\/wp\/v2\/tags?post=198412"}],"curies":[{"name":"wp","href":"https:\/\/api.w.org\/{rel}","templated":true}]}}