{"id":198414,"date":"2025-10-24T13:33:14","date_gmt":"2025-10-24T13:33:14","guid":{"rendered":"https:\/\/www.europesays.com\/es\/198414\/"},"modified":"2025-10-24T13:33:14","modified_gmt":"2025-10-24T13:33:14","slug":"la-cantera-del-toreo-en-directo-por-canal-sur","status":"publish","type":"post","link":"https:\/\/www.europesays.com\/es\/198414\/","title":{"rendered":"La cantera del toreo, en directo por Canal Sur"},"content":{"rendered":"<p>Con la temporada de corridas en plaza llegando a su fin, es el turno de los festejos populares, que ganan protagonismo en las parrillas de las televisiones auton\u00f3micas y locales. A partir del viernes 24 de octubre, cadenas como <a title=\"\u00c0 Punt\" href=\"https:\/\/www.larazon.es\/cultura\/toros\/television-valenciana-punt-redobla-apuesta-toros-directo_2025072368808887f4ec026a96b7f6a9.html\" target=\"_blank\" rel=\"nofollow noopener\">\u00c0 Punt<\/a>, <b>Ondatev\u00e9 y MediTv <\/b>centran su atenci\u00f3n en la localidad castellonense de Onda, epicentro del bou al carrer con encierros, exhibiciones y espectaculares emboladas de ganader\u00edas de renombre como<b> Palha, Murteira Grave y Adolfo Mart\u00edn.<\/b><\/p>\n<p>La cobertura de estos festejos permite seguir desde casa celebraciones de gran arraigo en la Comunidad Valenciana, que mantienen vivo el pulso taurino incluso fuera del circuito de plazas.<b> La televisi\u00f3n, especialmente la de proximidad, refuerza as\u00ed su papel como veh\u00edculo fundamental de difusi\u00f3n de una tauromaquia diversa y profundamente ligada al tejido social.<\/b><\/p>\n<p>El domingo, <a title=\"Canal Sur\" href=\"https:\/\/www.larazon.es\/tags\/canal-sur\/\" target=\"_blank\" rel=\"nofollow noopener\">Canal Sur<\/a> se suma a la oferta con la <b>final del XXVI Encuentro Andaluz de Escuelas Taurinas, en Baeza, con novillos deToros de El Torero<\/b> para alumnos de distintas provincias. Un festejo que representa la cantera del toreo andaluz y que cierra un fin de semana donde la juventud, la tradici\u00f3n y la identidad taurina local tendr\u00e1n un lugar privilegiado en pantalla.<\/p>\n<p><strong data-start=\"1500\" data-end=\"1571\">Programaci\u00f3n taurina del 24 al 26 de octubre de 2025 en televisi\u00f3n:<\/strong><\/p>\n<p><strong data-start=\"1578\" data-end=\"1603\">Viernes 24 de octubre<\/strong><\/p>\n<ul>\n<li><b>12:00 h \u2013 \u00c0 Punt \/ MediTV \/ Ondatev\u00e9. <\/b>Onda (Castell\u00f3n), Encierro. Toros de <b>Palha y Murteira Grave. <\/b>A continuaci\u00f3n, exhibici\u00f3n de dos toros del encierro.<\/li>\n<li><b>17:00 h \u2013 Ondatev\u00e9.<\/b> Onda (Castell\u00f3n), Bous al Carrer. Exhibici\u00f3n de cuatro toros de <b>Palha y Murteira Grave.<\/b> A continuaci\u00f3n, embolada de los dos toros exhibidos por la ma\u00f1ana.<\/li>\n<li><b>23:00 h \u2013 Ondatev\u00e9.<\/b> Onda (Castell\u00f3n), Bous al Carrer. Embolada de los cuatro toros exhibidos por la tarde.<\/li>\n<\/ul>\n<p><strong data-start=\"2042\" data-end=\"2066\">S\u00e1bado 25 de octubre<\/strong><\/p>\n<ul>\n<li><b>12:00 h \u2013 MediTV \/ Ondatev\u00e9.<\/b> Onda (Castell\u00f3n), Encierro. Toros de <b>Adolfo Mart\u00edn. <\/b>A continuaci\u00f3n, exhibici\u00f3n de dos toros del encierro.<\/li>\n<li><b>17:00 h \u2013 Ondatev\u00e9. <\/b>Onda (Castell\u00f3n), Bous al Carrer. Exhibici\u00f3n de cuatro toros de <b>Adolfo Mart\u00edn.<\/b> A continuaci\u00f3n, embolada de un toro.<\/li>\n<li><b>23:00 h \u2013 Ondatev\u00e9.<\/b> Onda (Castell\u00f3n), Bous al Carrer. Embolada de dos toros de <b>Adolfo Mart\u00edn.<\/b><\/li>\n<\/ul>\n<p><strong data-start=\"2440\" data-end=\"2465\">Domingo 26 de octubre<\/strong><\/p>\n<ul>\n<li><b>18:00 h \u2013 Canal Sur. <\/b>Baeza (Ja\u00e9n), XXVI Encuentro Andaluz de Escuelas Taurinas. Novillos de Toros de El Torero para <b>Tom\u00e1s Jim\u00e9nez, Gustavo Martos, Manolo Mart\u00ednez, Manuel Troncoso, Blas M\u00e1rquez, Diego Medina y Rojas Ram\u00edrez.<\/b><\/li>\n<\/ul>\n","protected":false},"excerpt":{"rendered":"Con la temporada de corridas en plaza llegando a su fin, es el turno de los festejos populares,&hellip;\n","protected":false},"author":2,"featured_media":85812,"comment_status":"","ping_status":"","sticky":false,"template":"","format":"standard","meta":{"footnotes":""},"categories":[277],"tags":[373,168,25,24,23,167,374],"class_list":{"0":"post-198414","1":"post","2":"type-post","3":"status-publish","4":"format-standard","5":"has-post-thumbnail","7":"category-toreo","8":"tag-bullfighting","9":"tag-deportes","10":"tag-es","11":"tag-espana","12":"tag-spain","13":"tag-sports","14":"tag-toreo"},"share_on_mastodon":{"url":"https:\/\/pubeurope.com\/@es\/115429402480060653","error":""},"_links":{"self":[{"href":"https:\/\/www.europesays.com\/es\/wp-json\/wp\/v2\/posts\/198414","targetHints":{"allow":["GET"]}}],"collection":[{"href":"https:\/\/www.europesays.com\/es\/wp-json\/wp\/v2\/posts"}],"about":[{"href":"https:\/\/www.europesays.com\/es\/wp-json\/wp\/v2\/types\/post"}],"author":[{"embeddable":true,"href":"https:\/\/www.europesays.com\/es\/wp-json\/wp\/v2\/users\/2"}],"replies":[{"embeddable":true,"href":"https:\/\/www.europesays.com\/es\/wp-json\/wp\/v2\/comments?post=198414"}],"version-history":[{"count":0,"href":"https:\/\/www.europesays.com\/es\/wp-json\/wp\/v2\/posts\/198414\/revisions"}],"wp:featuredmedia":[{"embeddable":true,"href":"https:\/\/www.europesays.com\/es\/wp-json\/wp\/v2\/media\/85812"}],"wp:attachment":[{"href":"https:\/\/www.europesays.com\/es\/wp-json\/wp\/v2\/media?parent=198414"}],"wp:term":[{"taxonomy":"category","embeddable":true,"href":"https:\/\/www.europesays.com\/es\/wp-json\/wp\/v2\/categories?post=198414"},{"taxonomy":"post_tag","embeddable":true,"href":"https:\/\/www.europesays.com\/es\/wp-json\/wp\/v2\/tags?post=198414"}],"curies":[{"name":"wp","href":"https:\/\/api.w.org\/{rel}","templated":true}]}}