{"id":198415,"date":"2025-10-24T13:34:09","date_gmt":"2025-10-24T13:34:09","guid":{"rendered":"https:\/\/www.europesays.com\/es\/198415\/"},"modified":"2025-10-24T13:34:09","modified_gmt":"2025-10-24T13:34:09","slug":"asi-logro-israel-adesanya-derrotar-al-fantasma-de-alex-pereira-en-la-ufc","status":"publish","type":"post","link":"https:\/\/www.europesays.com\/es\/198415\/","title":{"rendered":"as\u00ed logr\u00f3 Israel Adesanya derrotar al fantasma de Alex Pereira en la UFC"},"content":{"rendered":"<p data-gtm-element-container=\"modulo-texto-link\" class=\"paragraph\">Durante siete largos a\u00f1os, cada vez que<strong> Israel Adesanya<\/strong> se cruzaba en combate con <strong>Alex Pereira,<\/strong> el nigeriano sinti\u00f3 lo que experimentamos cualquiera de nosotros ante una visita al dentista. El brasile\u00f1o era su coco, la horma de su zapato, una derrota inevitable, un tipo que le pasaba por encima, ya fuera en un ring de kickboxing o en un oct\u00e1gono de la UFC.<\/p>\n<p data-gtm-element-container=\"modulo-texto-link\" class=\"paragraph\">Desde el 2 de abril de 2016 y hasta el 8 de abril de 2023, Poatan fue la pesadilla recurrente de The Last Stylebender, gan\u00e1ndole de casi todas las formas posibles y en medio mundo: <strong>China, Brasil y los Estados Unidos.<\/strong><\/p>\n<p data-gtm-element-container=\"modulo-texto-link\" class=\"paragraph\">Al africano se le aparec\u00edan todos los fantasmas cada vez que se cruzaba con el paulista\u2026 pero todo cambi\u00f3 en la<strong> primavera de 2023<\/strong> cuando, en Miami, un preciso pu\u00f1etazo mand\u00f3 al brasile\u00f1o al suelo, puso un t\u00edtulo en la cintura de Adesanya y logr\u00f3 que el 0 ya no luciera m\u00e1s en el casillero de victorias del nigeriano.<\/p>\n<p>Shenzen y Sao Paulo, el origen de todo<\/p>\n<p data-gtm-element-container=\"modulo-texto-link\" class=\"paragraph\">Mucho antes de que ambos luchadores llegaran a la UFC, se hab\u00edan hecho un nombre como destacados kickboxers. Compet\u00edan en el mismo peso y coincidieron en la promotora china<strong> Glory of Heroes<\/strong>, por lo que era cuesti\u00f3n de tiempo que sus caminos se cruzaran.<\/p>\n<p data-gtm-element-container=\"modulo-texto-link\" class=\"paragraph\">Y ocurri\u00f3, por primera vez, en la ciudad-prefactura de <strong>Shenzen<\/strong>, en un combate que el brasile\u00f1o gan\u00f3 por decisi\u00f3n un\u00e1nime en un combate t\u00e9cnico y parejo. Los jueces valoraron que Pereira fue m\u00e1s agresivo en los intercambios.<\/p>\n<p data-gtm-element-container=\"modulo-texto-link\" class=\"paragraph\">No hab\u00eda pasado ni un a\u00f1o cuando, en marzo de 2017, sus caminos volver\u00edan a entrelazarse en casa de Pereira. El nigeriano no quiso que se repitiera lo que hab\u00eda ocurrido el a\u00f1o anterior en China y sali\u00f3 sin complejos en el Gin\u00e1sio do Ibirapuera de la capital paulista.<\/p>\n<p data-gtm-element-container=\"modulo-texto-link\" class=\"paragraph\">Adesanya domin\u00f3 gran parte del combate con su precisi\u00f3n y sus movimientos marca de la casa, pero <strong>Pereira lo noque\u00f3 brutalmente con un gancho de izquierda<\/strong>, el golpe que luego se har\u00eda legendario. Era la primera vez que el africano quedaba fuera de combate por knockout.<\/p>\n<p>Hasta que volvamos a vernos<\/p>\n<p data-gtm-element-container=\"modulo-texto-link\" class=\"paragraph\">Para el nigeriano ese KO signific\u00f3 un punto de inflexi\u00f3n; era la segunda derrota seguida en kickboxing (tercera en toda su carrera) y tambi\u00e9n la segunda contra Pereira, por lo que decidi\u00f3 hacer la transici\u00f3n completa a las artes marciales mixtas, disciplina en la que ya compet\u00eda desde 2012.<\/p>\n<p data-gtm-element-container=\"modulo-texto-link\" class=\"paragraph\">Al a\u00f1o siguiente firm\u00f3 con la UFC, donde fue escalando sin parar en el peso medio, llegando a ganar el cintur\u00f3n, primero interino y m\u00e1s tarde unificado. En ese momento se sent\u00eda invencible e incluso hizo una incursi\u00f3n al peso semipesado, con un combate titular, pero el polaco<strong> Jan Blachowicz<\/strong> se encarg\u00f3 de bajarle los pies al suelo con la primera derrota en su trayectoria en la empresa y en las MMA.<\/p>\n<p data-gtm-element-container=\"modulo-texto-link\" class=\"paragraph\">Esto ocurri\u00f3 en <strong>marzo de 2021<\/strong>\u2026 pocos meses antes que Pereira hiciera su debut en la UFC, tambi\u00e9n en el peso medio, y con la misma receta que Adesanya: ganando sin parar hasta convertirse en retador al t\u00edtulo. \u00bfY qui\u00e9n era campe\u00f3n? El africano. La historia ten\u00eda todav\u00eda varios cap\u00edtulos por escribir.<\/p>\n<p>Escenario nuevo, mismo resultado<\/p>\n<p data-gtm-element-container=\"modulo-texto-link\" class=\"paragraph\">Adesanya era, all\u00e1 por 2022, uno de los atletas franquicia de la empresa de <strong>Dana White.<\/strong> Campe\u00f3n, con un poder de KO notable y habiendo logrado <strong>cinco defensas exitosas<\/strong>, se cit\u00f3 con el paulista en el Madison Square Garden de Nueva York con la misi\u00f3n de espantar los fantasmas del pasado.<\/p>\n<p data-gtm-element-container=\"modulo-texto-link\" class=\"paragraph\">Pero en el coraz\u00f3n de la Gran Manzana lo que ocurri\u00f3 fue que la historia se repiti\u00f3, con el sudamericano saliendo vencedor tras un combate que se fue al quinto asalto, pero que el \u00e1rbitro tuvo que parar despu\u00e9s que el campe\u00f3n fuera incapaz de capear el temporal.<\/p>\n<p data-gtm-element-container=\"modulo-texto-link\" class=\"paragraph\">El nigeriano domin\u00f3 gran parte del combate con su striking y defensa pero Pereira, fiel a su estilo, mantuvo la presi\u00f3n y conect\u00f3 una r\u00e1faga final devastadora para ganar su primer campeonato en UFC y <strong>poner el 0-3 en el cara a cara<\/strong> contra Adesanya.<\/p>\n<p data-gtm-element-container=\"modulo-texto-link\" class=\"paragraph\">\u00bfEra una pared imposible de derribar? \u00bfUna monta\u00f1a que no pod\u00eda escalar? Aunque las dudas se amontonaban en la cabeza del africano, el deporte le dar\u00eda una nueva ocasi\u00f3n para resarcirse bien pronto.<\/p>\n<p>                <img loading=\"lazy\" decoding=\"async\" data-full-src=\"https:\/\/www.mundodeportivo.com\/uploads\/2024\/05\/07\/6639ee7650102.png\" alt=\"pereira vs adesanya 2\" width=\"449\" height=\"300\" src=\"https:\/\/www.europesays.com\/es\/wp-content\/uploads\/2025\/10\/6639ee7650102.png\" class=\"lazy\"\/><\/p>\n<p class=\"caption-title \">Adesanya se veng\u00f3 de Pereira en el UFC 287<\/p>\n<p data-gtm-element-container=\"modulo-texto-link\" class=\"paragraph\">Para Adesanya no se hab\u00eda cumplido aquello de \u201ca la tercera va la vencida\u201d, pero persisti\u00f3 hasta vencer. Y el triunfo lleg\u00f3 en Miami, el 8 de abril de 2023, en la primera ocasi\u00f3n que tuvo para recuperar el t\u00edtulo.<\/p>\n<p data-gtm-element-container=\"modulo-texto-link\" class=\"paragraph\">El campe\u00f3n quiso repetir la f\u00f3rmula del combate anterior, jugando tambi\u00e9n con la <strong>psicolog\u00eda y la historia<\/strong>, claramente a su favor. Sin embargo, Adesanya lo atrap\u00f3 con un contragolpe de derecha y lo noque\u00f3 fr\u00edamente, vengando todas sus derrotas previas<\/p>\n<p data-gtm-element-container=\"modulo-texto-link\" class=\"paragraph\">Con el brasile\u00f1o mirando al techo, Adesanya se plant\u00f3 frente a \u00e9l haciendo el gesto de tensar un arco para disparar una flecha, el mismo que Poatan usa habitualmente cuando gana. Fue su victoria m\u00e1s dulce\u2026 y tambi\u00e9n la \u00faltima.<\/p>\n<p data-gtm-element-container=\"modulo-texto-link\" class=\"paragraph\"><strong>\u201cEspero que todos los que est\u00e1n detr\u00e1s de la pantalla<\/strong>, en este pabell\u00f3n, <strong>puedan sentir este nivel de felicidad al menos una vez en la vida<\/strong>\u201d, dijo, a\u00f1adiendo el deseo de que \u201cque todos puedan sentir lo feliz que estoy ahora mismo\u201d.<\/p>\n<p>    Otros reportajes del autor<\/p>\n<p>Caminos separados<\/p>\n<p data-gtm-element-container=\"modulo-texto-link\" class=\"paragraph\">Tras eso perdi\u00f3 el cintur\u00f3n (en este caso, frente a Sean Strickland) y sufri\u00f3 dos derrotas m\u00e1s, contra <strong>Dricus du Plessis<\/strong> en 2024 y m\u00e1s recientemente, en febrero de este 2025, contra <strong>Nassourdine Imavov<\/strong>.<\/p>\n<p data-gtm-element-container=\"modulo-texto-link\" class=\"paragraph\">Todo lo mal que le ha ido recientemente a Adesanya, en cambio, le ha ido bien a Pereira. \u00danicamente<strong> Magomed Ankalaev<\/strong> ha podido derrotarlo (en una pelea que le cost\u00f3 el cintur\u00f3n del peso semipesado), pero Poatan se cobr\u00f3 la venganza y recuper\u00f3 el t\u00edtulo hace apenas unas semanas.<\/p>\n<p data-gtm-element-container=\"modulo-texto-link\" class=\"paragraph\">Pensar en un <strong>tercer cap\u00edtulo dentro del oct\u00e1gono<\/strong> se antoja, a d\u00eda de hoy, lejano, puesto que Pereira est\u00e1 <strong>m\u00e1s cerca de la triple corona<\/strong>, mientras que Adesanya necesita reencontrar su mejor nivel (y ganar, algo que no hace desde hace <strong>dos a\u00f1os y medio<\/strong>) antes de un posible tercer encuentro.<\/p>\n<p data-gtm-element-container=\"modulo-texto-link\" class=\"paragraph\">Pero si algo nos ha ense\u00f1ado la UFC es que hay pocos imposibles\u2026<\/p>\n","protected":false},"excerpt":{"rendered":"Durante siete largos a\u00f1os, cada vez que Israel Adesanya se cruzaba en combate con Alex Pereira, el nigeriano&hellip;\n","protected":false},"author":2,"featured_media":198416,"comment_status":"","ping_status":"","sticky":false,"template":"","format":"standard","meta":{"footnotes":""},"categories":[276],"tags":[168,25,24,23,167,343],"class_list":{"0":"post-198415","1":"post","2":"type-post","3":"status-publish","4":"format-standard","5":"has-post-thumbnail","7":"category-ufc","8":"tag-deportes","9":"tag-es","10":"tag-espana","11":"tag-spain","12":"tag-sports","13":"tag-ufc"},"share_on_mastodon":{"url":"https:\/\/pubeurope.com\/@es\/115429406573872633","error":""},"_links":{"self":[{"href":"https:\/\/www.europesays.com\/es\/wp-json\/wp\/v2\/posts\/198415","targetHints":{"allow":["GET"]}}],"collection":[{"href":"https:\/\/www.europesays.com\/es\/wp-json\/wp\/v2\/posts"}],"about":[{"href":"https:\/\/www.europesays.com\/es\/wp-json\/wp\/v2\/types\/post"}],"author":[{"embeddable":true,"href":"https:\/\/www.europesays.com\/es\/wp-json\/wp\/v2\/users\/2"}],"replies":[{"embeddable":true,"href":"https:\/\/www.europesays.com\/es\/wp-json\/wp\/v2\/comments?post=198415"}],"version-history":[{"count":0,"href":"https:\/\/www.europesays.com\/es\/wp-json\/wp\/v2\/posts\/198415\/revisions"}],"wp:featuredmedia":[{"embeddable":true,"href":"https:\/\/www.europesays.com\/es\/wp-json\/wp\/v2\/media\/198416"}],"wp:attachment":[{"href":"https:\/\/www.europesays.com\/es\/wp-json\/wp\/v2\/media?parent=198415"}],"wp:term":[{"taxonomy":"category","embeddable":true,"href":"https:\/\/www.europesays.com\/es\/wp-json\/wp\/v2\/categories?post=198415"},{"taxonomy":"post_tag","embeddable":true,"href":"https:\/\/www.europesays.com\/es\/wp-json\/wp\/v2\/tags?post=198415"}],"curies":[{"name":"wp","href":"https:\/\/api.w.org\/{rel}","templated":true}]}}