{"id":198421,"date":"2025-10-24T13:38:09","date_gmt":"2025-10-24T13:38:09","guid":{"rendered":"https:\/\/www.europesays.com\/es\/198421\/"},"modified":"2025-10-24T13:38:09","modified_gmt":"2025-10-24T13:38:09","slug":"viernes-de-practicas-libres-en-el-hermano-rodriguez","status":"publish","type":"post","link":"https:\/\/www.europesays.com\/es\/198421\/","title":{"rendered":"viernes de pr\u00e1cticas libres en el Hermano Rodr\u00edguez"},"content":{"rendered":"<p>La <strong>F\u00f3rmula 1<\/strong> no se detiene y este fin de semana se celebra de la vig\u00e9sima fecha del calendario 2025 con el <strong>Gran Premio de M\u00e9xico<\/strong> que se disputa entre el viernes 24 y el domingo 26 de octubre en el <strong>Aut\u00f3dromo Hermanos Rodr\u00edguez<\/strong>. El campeonato llega a territorio azteca luego del vibrante <strong>GP de Estados Unidos<\/strong>, donde <strong>Max Verstappen<\/strong>, con su renacido <strong>Red Bull<\/strong>, se llev\u00f3 la victoria en Austin y se acerc\u00f3 a <strong>Oscar Piastri<\/strong> y <strong>Lando Norris,<\/strong> ambos con <strong>McLaren<\/strong>, en la pelea por el t\u00edtulo. Por su parte, <strong>Franco Colapinto<\/strong> busca sumar m\u00e1s cr\u00e9dito en <strong>Alpine<\/strong> para lograr la ya merecida butaca para la temporada 2026. La prueba, con el formato tradicional, tiene este viernes las habituales dos pr\u00e1cticas libres. <\/p>\n","protected":false},"excerpt":{"rendered":"La F\u00f3rmula 1 no se detiene y este fin de semana se celebra de la vig\u00e9sima fecha del&hellip;\n","protected":false},"author":2,"featured_media":198422,"comment_status":"","ping_status":"","sticky":false,"template":"","format":"standard","meta":{"footnotes":""},"categories":[270],"tags":[168,25,24,306,271,272,23,167],"class_list":{"0":"post-198421","1":"post","2":"type-post","3":"status-publish","4":"format-standard","5":"has-post-thumbnail","7":"category-formula-1","8":"tag-deportes","9":"tag-es","10":"tag-espana","11":"tag-f1","12":"tag-formula-1","13":"tag-formula1","14":"tag-spain","15":"tag-sports"},"share_on_mastodon":{"url":"https:\/\/pubeurope.com\/@es\/115429422103972020","error":""},"_links":{"self":[{"href":"https:\/\/www.europesays.com\/es\/wp-json\/wp\/v2\/posts\/198421","targetHints":{"allow":["GET"]}}],"collection":[{"href":"https:\/\/www.europesays.com\/es\/wp-json\/wp\/v2\/posts"}],"about":[{"href":"https:\/\/www.europesays.com\/es\/wp-json\/wp\/v2\/types\/post"}],"author":[{"embeddable":true,"href":"https:\/\/www.europesays.com\/es\/wp-json\/wp\/v2\/users\/2"}],"replies":[{"embeddable":true,"href":"https:\/\/www.europesays.com\/es\/wp-json\/wp\/v2\/comments?post=198421"}],"version-history":[{"count":0,"href":"https:\/\/www.europesays.com\/es\/wp-json\/wp\/v2\/posts\/198421\/revisions"}],"wp:featuredmedia":[{"embeddable":true,"href":"https:\/\/www.europesays.com\/es\/wp-json\/wp\/v2\/media\/198422"}],"wp:attachment":[{"href":"https:\/\/www.europesays.com\/es\/wp-json\/wp\/v2\/media?parent=198421"}],"wp:term":[{"taxonomy":"category","embeddable":true,"href":"https:\/\/www.europesays.com\/es\/wp-json\/wp\/v2\/categories?post=198421"},{"taxonomy":"post_tag","embeddable":true,"href":"https:\/\/www.europesays.com\/es\/wp-json\/wp\/v2\/tags?post=198421"}],"curies":[{"name":"wp","href":"https:\/\/api.w.org\/{rel}","templated":true}]}}