{"id":198428,"date":"2025-10-24T13:43:13","date_gmt":"2025-10-24T13:43:13","guid":{"rendered":"https:\/\/www.europesays.com\/es\/198428\/"},"modified":"2025-10-24T13:43:13","modified_gmt":"2025-10-24T13:43:13","slug":"verallia-presenta-su-libro-de-tendencias-2026","status":"publish","type":"post","link":"https:\/\/www.europesays.com\/es\/198428\/","title":{"rendered":"Verallia presenta su Libro de Tendencias 2026"},"content":{"rendered":"<p>La edici\u00f3n 2026 del Libro de Tendencias de Verallia, desarrollado en colaboraci\u00f3n con Carlin Creative, destaca las transformaciones profundas y duraderas en los comportamientos de los consumidores en los sectores de alimentos y bebidas. Los consumidores buscan cada vez m\u00e1s autenticidad, beneficios funcionales y formatos que fomenten la uni\u00f3n. Estos cambios est\u00e1n impulsando a las marcas a ver el envase no solo como un recipiente, sino como un activo estrat\u00e9gico en el coraz\u00f3n de su relaci\u00f3n con los consumidores.<\/p>\n<p>El an\u00e1lisis de <a href=\"https:\/\/es.verallia.com\/s\/?language=es\" target=\"_blank\" rel=\"noopener noreferrer nofollow\">Verallia<\/a> identifica tres arquetipos principales de consumidores: los herederos del sabor, nost\u00e1lgicos exigentes que valoran los cl\u00e1sicos reinventados y un renovado sentido de la tradici\u00f3n; los jugadores, principalmente la Generaci\u00f3n Z y los millennials m\u00e1s j\u00f3venes, atra\u00eddos por la financiaci\u00f3n y las experiencias compartidas; y el \u201cWe&amp;Me\u201d, consumidores que buscan conciliar el placer con la salud y la responsabilidad medioambiental.<\/p>\n<p>De estos arquetipos surgen cuatro din\u00e1micas clave de consumo. As\u00ed, destaca la uni\u00f3n m\u00e1s all\u00e1 de las pantallas: la convivencia vuelve a ser central, con formatos compartibles y experiencias intergeneracionales; el auge de lo funcional y basado en plantas: los superalimentos, las infusiones de hierbas y el abastecimiento local remodelan las recetas y los envases; la elegancia nost\u00e1lgica inclusiva: los estilos vintage elegantes, actualizados con un toque contempor\u00e1neo, resuenan a trav\u00e9s de generaciones; y la creatividad como refugio: la personalizaci\u00f3n, las colaboraciones art\u00edsticas y los empaques coleccionables fortalecen la singularidad y el atractivo.<\/p>\n<p>La directora de Marketing de Selective Line en Verallia, Elena Andia, ha resaltado que \u00abel sector de las bebidas est\u00e1 experimentando una profunda transformaci\u00f3n, marcada por un retorno a la simplicidad y al intercambio, as\u00ed como por un renovado apetito por la excepci\u00f3n y la est\u00e9tica. Los consumidores buscan placer, significado y diferenciaci\u00f3n. Para las marcas, el packaging se ha convertido en un vector clave de narraci\u00f3n e identidad. En Verallia, nuestro papel es anticiparnos a estas se\u00f1ales y traducirlas en soluciones creativas y sostenibles, que cobran vida a trav\u00e9s del vidrio, un material atemporal y con visi\u00f3n de futuro\u00bb.<\/p>\n<p>El Libro de Tendencias 2026 tambi\u00e9n presenta nuevos conceptos de botellas y tarros listos para su desarrollo. Formatos compartibles, siluetas en forma de t\u00f3tem, botellas para bebidas funcionales y frascos premium para salsas y condimentos, encarnan las tendencias identificadas y \u00abrefuerzan la posici\u00f3n de Verallia como un socio de confianza para anticipar las necesidades de los consumidores del ma\u00f1ana\u00bb, ha subrayado la compa\u00f1\u00eda.<\/p>\n<p>El Libro de Tendencias 2026 completo est\u00e1 disponible bajo pedido en el Departamento de Marketing de Verallia.<\/p>\n","protected":false},"excerpt":{"rendered":"La edici\u00f3n 2026 del Libro de Tendencias de Verallia, desarrollado en colaboraci\u00f3n con Carlin Creative, destaca las transformaciones&hellip;\n","protected":false},"author":2,"featured_media":198429,"comment_status":"","ping_status":"","sticky":false,"template":"","format":"standard","meta":{"footnotes":""},"categories":[172],"tags":[3076,224,146,147,25,24,1496,225,2782,23,2922,54840],"class_list":{"0":"post-198428","1":"post","2":"type-post","3":"status-publish","4":"format-standard","5":"has-post-thumbnail","7":"category-libros","8":"tag-3076","9":"tag-books","10":"tag-entertainment","11":"tag-entretenimiento","12":"tag-es","13":"tag-espana","14":"tag-libro","15":"tag-libros","16":"tag-presenta","17":"tag-spain","18":"tag-tendencias","19":"tag-verallia"},"share_on_mastodon":{"url":"https:\/\/pubeurope.com\/@es\/115429441723242115","error":""},"_links":{"self":[{"href":"https:\/\/www.europesays.com\/es\/wp-json\/wp\/v2\/posts\/198428","targetHints":{"allow":["GET"]}}],"collection":[{"href":"https:\/\/www.europesays.com\/es\/wp-json\/wp\/v2\/posts"}],"about":[{"href":"https:\/\/www.europesays.com\/es\/wp-json\/wp\/v2\/types\/post"}],"author":[{"embeddable":true,"href":"https:\/\/www.europesays.com\/es\/wp-json\/wp\/v2\/users\/2"}],"replies":[{"embeddable":true,"href":"https:\/\/www.europesays.com\/es\/wp-json\/wp\/v2\/comments?post=198428"}],"version-history":[{"count":0,"href":"https:\/\/www.europesays.com\/es\/wp-json\/wp\/v2\/posts\/198428\/revisions"}],"wp:featuredmedia":[{"embeddable":true,"href":"https:\/\/www.europesays.com\/es\/wp-json\/wp\/v2\/media\/198429"}],"wp:attachment":[{"href":"https:\/\/www.europesays.com\/es\/wp-json\/wp\/v2\/media?parent=198428"}],"wp:term":[{"taxonomy":"category","embeddable":true,"href":"https:\/\/www.europesays.com\/es\/wp-json\/wp\/v2\/categories?post=198428"},{"taxonomy":"post_tag","embeddable":true,"href":"https:\/\/www.europesays.com\/es\/wp-json\/wp\/v2\/tags?post=198428"}],"curies":[{"name":"wp","href":"https:\/\/api.w.org\/{rel}","templated":true}]}}