{"id":198432,"date":"2025-10-24T13:45:08","date_gmt":"2025-10-24T13:45:08","guid":{"rendered":"https:\/\/www.europesays.com\/es\/198432\/"},"modified":"2025-10-24T13:45:08","modified_gmt":"2025-10-24T13:45:08","slug":"el-mensaje-oculto-de-daddy-yankee-que-conmovio-al-publico-en-los-premios-billboard-de-la-musica-latina","status":"publish","type":"post","link":"https:\/\/www.europesays.com\/es\/198432\/","title":{"rendered":"El mensaje oculto de Daddy Yankee que conmovi\u00f3 al p\u00fablico en los Premios Billboard de la M\u00fasica Latina"},"content":{"rendered":"<p class=\"content-element\">El reguetonero puertorrique\u00f1o <a href=\"https:\/\/www.elnuevodia.com\/topicos\/daddy-yankee\/\" target=\"_self\" rel=\"nofollow noopener\" title=\"https:\/\/www.elnuevodia.com\/topicos\/daddy-yankee\/\"><b>Daddy Yankee<\/b><\/a> se present\u00f3 por primera vez en los escenarios tras casi dos a\u00f1os de haber anunciado su retiro de la m\u00fasica, y aprovech\u00f3 el espect\u00e1culo que ofreci\u00f3 en los<a href=\"https:\/\/www.elnuevodia.com\/entretenimiento\/musica\/notas\/lo-que-debes-saber-sobre-los-billboard-latin-music-awards-2025\/\" target=\"_self\" rel=\"nofollow noopener\" title=\"https:\/\/www.elnuevodia.com\/entretenimiento\/musica\/notas\/lo-que-debes-saber-sobre-los-billboard-latin-music-awards-2025\/\"><b> Premios Billboard de la M\u00fasica Latina <\/b><\/a>para dejar un mensaje especial al p\u00fablico que all\u00ed se encontraba.<\/p>\n<p class=\"content-element\"><b>\u201cPara m\u00ed es un honor estar con ustedes nuevamente, <\/b>qu\u00e9 lindo, pero <b>ahora con una misi\u00f3n para decirle al mundo que Jes\u00fas es el camino, la verdad y la vida.<\/b> A todos mis colegas que est\u00e1n aqu\u00ed, felicitaciones a todos. Con mucho respeto, los felicito por sus premios, pero<b> hay un premio mayor: la corona de la vida. Siempre, no lo olviden\u201d<\/b>, sostuvo el artista.<\/p>\n<p class=\"content-element\">Su presentaci\u00f3n en la vig\u00e9sima quinta edici\u00f3n de los premios marc\u00f3 su regreso oficial tras concluir, en diciembre de 2023, con<b> \u201cLa \u00faltima vuelta\u201d<\/b>, lo que en aquel momento denomin\u00f3 como su \u201cgira de despedida\u201d. El cierre de ese recorrido tuvo lugar en el <a href=\"https:\/\/www.elnuevodia.com\/topicos\/coliseo-puerto-rico\/\" target=\"_self\" rel=\"nofollow noopener\" title=\"https:\/\/www.elnuevodia.com\/topicos\/coliseo-puerto-rico\/\"><b>Coliseo de Puerto Rico Jos\u00e9 Miguel Agrelot<\/b><\/a>, donde, ante sus fan\u00e1ticos, anunci\u00f3 su conversi\u00f3n al cristianismo con las palabras: <b>\u201cReconozco que Jes\u00fas vive en m\u00ed\u201d.<\/b><\/p>\n<p> PUBLICIDAD<\/p>\n<p class=\"content-element\">Durante la noche del jueves, el artista sorprendi\u00f3 al p\u00fablico con un emotivo gesto.<\/p>\n<p class=\"content-element\"><b>\u201cLes dej\u00e9 una sorpresa a todos debajo de sus asientos, la pueden ahora mismo abrir, una palabra de edificaci\u00f3n que les ministre en sus vidas. <\/b>Recuerden, Jes\u00fas es el camino, la verdad y la vida, y Cristo viene\u201d, expres\u00f3 el Big Boss luego de interpretar su m\u00e1s reciente \u00e9xito, <a href=\"https:\/\/www.elnuevodia.com\/entretenimiento\/musica\/notas\/asi-se-escucha-el-nuevo-tema-el-toque-de-daddy-yankee\/\" target=\"_self\" rel=\"nofollow noopener\" title=\"https:\/\/www.elnuevodia.com\/entretenimiento\/musica\/notas\/asi-se-escucha-el-nuevo-tema-el-toque-de-daddy-yankee\/\"><b>\u201cSonr\u00edele\u201d<\/b><\/a>, tema que forma parte de su nueva producci\u00f3n discogr\u00e1fica<b> <\/b><a href=\"https:\/\/www.elnuevodia.com\/entretenimiento\/musica\/notas\/asi-se-escucha-el-nuevo-tema-el-toque-de-daddy-yankee\/\" target=\"_self\" rel=\"nofollow noopener\" title=\"https:\/\/www.elnuevodia.com\/entretenimiento\/musica\/notas\/asi-se-escucha-el-nuevo-tema-el-toque-de-daddy-yankee\/\"><b>\u201cLamento en baile\u201d.<\/b><\/a><\/p>\n<p><img decoding=\"async\" src=\"https:\/\/www.elnuevodia.com\/entretenimiento\/farandula\/notas\/el-mensaje-oculto-de-daddy-yankee-que-conmovio-al-publico-en-los-premios-billboard-de-la-musica-latina\/[object Object]\" alt=\"previa\"\/><img decoding=\"async\" src=\"https:\/\/www.elnuevodia.com\/entretenimiento\/farandula\/notas\/el-mensaje-oculto-de-daddy-yankee-que-conmovio-al-publico-en-los-premios-billboard-de-la-musica-latina\/[object Object]\" alt=\"siguiente\"\/><\/p>\n<p><b>1 \/ 15 | <\/b> Moda y estilo: as\u00ed llegaron los famosos a la alfombra azul de los Premios Billboard de la M\u00fasica Latina. Daddy Yankee en su primera aparici\u00f3n p\u00fablica, tras casi dos a\u00f1os de retirarse. &#8211; Marta Lavandier<\/p>\n<p>1\/15Moda y estilo: as\u00ed llegaron los famosos a la alfombra azul de los Premios Billboard de la M\u00fasica Latina<\/p>\n<p>Daddy Yankee en su primera aparici\u00f3n p\u00fablica, tras casi dos a\u00f1os de retirarse.Marta Lavandier<img decoding=\"async\" aria-hidden=\"true\" class=\"social-share-btn-icon\" src=\"https:\/\/www.elnuevodia.com\/pf\/resources\/v2\/icons\/share-white.svg?d=211\"\/>Compartir<\/p>\n<p class=\"content-element\">Al concluir su presentaci\u00f3n, el p\u00fablico se levant\u00f3 y comenz\u00f3 a buscar cu\u00e1l era el mensaje que Daddy Yankee hab\u00eda dejado. <b>Se trataba del Salmo 30:11: \u201cHas cambiado mi lamento en baile\u201d.<\/b><\/p>\n","protected":false},"excerpt":{"rendered":"El reguetonero puertorrique\u00f1o Daddy Yankee se present\u00f3 por primera vez en los escenarios tras casi dos a\u00f1os de&hellip;\n","protected":false},"author":2,"featured_media":198433,"comment_status":"","ping_status":"","sticky":false,"template":"","format":"standard","meta":{"footnotes":""},"categories":[170],"tags":[54841,12019,146,147,25,24,184,185,48877,54842,23,37338],"class_list":{"0":"post-198432","1":"post","2":"type-post","3":"status-publish","4":"format-standard","5":"has-post-thumbnail","7":"category-musica","8":"tag-daddy-yankee","9":"tag-disco","10":"tag-entertainment","11":"tag-entretenimiento","12":"tag-es","13":"tag-espana","14":"tag-music","15":"tag-musica","16":"tag-premios-billboard-a-la-musica-latina","17":"tag-sonriele","18":"tag-spain","19":"tag-telemundo"},"share_on_mastodon":{"url":"https:\/\/pubeurope.com\/@es\/115429449847792886","error":""},"_links":{"self":[{"href":"https:\/\/www.europesays.com\/es\/wp-json\/wp\/v2\/posts\/198432","targetHints":{"allow":["GET"]}}],"collection":[{"href":"https:\/\/www.europesays.com\/es\/wp-json\/wp\/v2\/posts"}],"about":[{"href":"https:\/\/www.europesays.com\/es\/wp-json\/wp\/v2\/types\/post"}],"author":[{"embeddable":true,"href":"https:\/\/www.europesays.com\/es\/wp-json\/wp\/v2\/users\/2"}],"replies":[{"embeddable":true,"href":"https:\/\/www.europesays.com\/es\/wp-json\/wp\/v2\/comments?post=198432"}],"version-history":[{"count":0,"href":"https:\/\/www.europesays.com\/es\/wp-json\/wp\/v2\/posts\/198432\/revisions"}],"wp:featuredmedia":[{"embeddable":true,"href":"https:\/\/www.europesays.com\/es\/wp-json\/wp\/v2\/media\/198433"}],"wp:attachment":[{"href":"https:\/\/www.europesays.com\/es\/wp-json\/wp\/v2\/media?parent=198432"}],"wp:term":[{"taxonomy":"category","embeddable":true,"href":"https:\/\/www.europesays.com\/es\/wp-json\/wp\/v2\/categories?post=198432"},{"taxonomy":"post_tag","embeddable":true,"href":"https:\/\/www.europesays.com\/es\/wp-json\/wp\/v2\/tags?post=198432"}],"curies":[{"name":"wp","href":"https:\/\/api.w.org\/{rel}","templated":true}]}}