{"id":198442,"date":"2025-10-24T13:50:14","date_gmt":"2025-10-24T13:50:14","guid":{"rendered":"https:\/\/www.europesays.com\/es\/198442\/"},"modified":"2025-10-24T13:50:14","modified_gmt":"2025-10-24T13:50:14","slug":"avanza-la-instalacion-de-dos-telescopios-de-observacion-astronomica-en-el-hierro","status":"publish","type":"post","link":"https:\/\/www.europesays.com\/es\/198442\/","title":{"rendered":"Avanza la instalaci\u00f3n de dos telescopios de observaci\u00f3n astron\u00f3mica en El Hierro"},"content":{"rendered":"\n<p> Estos dos m\u00f3dulos contar\u00e1n con una inversi\u00f3n total de 282.00 euros y se construyen en el Parque Cultural de El Julan <\/p>\n<p>El <strong><a href=\"https:\/\/rtvc.es\/tag\/cabildo-de-el-hierro\/\" rel=\"nofollow noopener\" target=\"_blank\">Cabildo de El Hierro<\/a><\/strong> sigue ejecutando las obras de construcci\u00f3n de <strong>dos m\u00f3dulos de observaci\u00f3n<\/strong>, uno divulgativo y otro profesional de uso cient\u00edfico, para la puesta en marcha de un <strong><a href=\"https:\/\/rtvc.es\/tag\/astronomia\/\" rel=\"nofollow noopener\" target=\"_blank\">parque astron\u00f3mico<\/a><\/strong> en el Centro de Interpretaci\u00f3n del Parque Cultural de El Julan, en el municipio herre\u00f1o de El Pinar.<\/p>\n<p> <img fetchpriority=\"high\" decoding=\"async\" width=\"1024\" height=\"681\" data-lazy-type=\"image\" src=\"https:\/\/www.europesays.com\/es\/wp-content\/uploads\/2025\/10\/Via-Lactea-1024x681.webp.webp\" alt=\"Imagen de archivo de la V\u00eda L\u00e1ctea\" class=\"lazy lazy-hidden wp-image-586386\"  \/><\/p>\n<p>Imagen de archivo de la V\u00eda L\u00e1ctea | Myeungki Kim \/ Pixabay <\/p>\n<p>El presidente insular, Alpidio Armas, visit\u00f3 este viernes las <strong>obras de este observatorio<\/strong>, que cuenta con una <strong>inversi\u00f3n total de 282.000 euros<\/strong>, con el que la instituci\u00f3n pretende potenciar el turismo astron\u00f3mico en El Hierro.<\/p>\n<p>   <a href=\"https:\/\/whatsapp.com\/channel\/0029Va8SLphIyPtOoag1Or0S\" rel=\"nofollow noopener\" target=\"_blank\"> <img class=\"lazy lazy-hidden\" decoding=\"async\" data-lazy-type=\"image\" src=\"https:\/\/www.europesays.com\/es\/wp-content\/uploads\/2025\/08\/banner-whatsapp-rtvc-29.gif\" alt=\"M\u00e1s Actualidad en el canal de Whatsapp de RTVC\" title=\"M\u00e1s Actualidad en el canal de Whatsapp de RTVC\" style=\"max-width: 100%; max-height: 100%;margin-bottom: 0px; height: 100px; width: 970px; display: block;\"\/><\/p>\n<p><\/a>    Para\u00edso astron\u00f3mico mundial <\/p>\n<p>Seg\u00fan inform\u00f3 el Cabildo, las instalaciones estar\u00e1n dotadas de dos puntos de observaci\u00f3n: <strong>uno divulgativo<\/strong>, que integra un aula de interpretaci\u00f3n, y <strong>otro profesional<\/strong>, especializado, completamente automatizado con uso rob\u00f3tico remoto para uso cient\u00edfico<\/p>\n<p>Cada uno de ellos contar\u00e1n con <strong>telescopios instalados y diverso material especializado<\/strong>. Por otro lado, Armas se\u00f1al\u00f3 que la observaci\u00f3n astron\u00f3mica se ha convertido en un <strong>activo tur\u00edstico<\/strong>, con un incremento cada vez mayor de aficionados a la astronom\u00eda y del turismo nacional e internacional.<\/p>\n<p>\u201cEl Hierro puede convertirse en un <strong>para\u00edso astron\u00f3mico internacional<\/strong> por sus privilegiadas condiciones atmosf\u00e9ricas y su posici\u00f3n geogr\u00e1fica, permitiendo observar objetos celestes que no son posibles de percibir desde otros lugares del continente europeo\u00bb, a\u00f1adi\u00f3 el presidente herre\u00f1o.<\/p>\n<p> <img loading=\"lazy\" decoding=\"async\" width=\"1024\" height=\"683\" data-lazy-type=\"image\" src=\"https:\/\/www.europesays.com\/es\/wp-content\/uploads\/2025\/10\/EuropaPress_5156863_vista_general_estrellas_observatorio_roque_muchachos_26_abril_2023_palma-1024x68.jpeg\" alt=\"\" class=\"lazy lazy-hidden wp-image-555099\"  \/><\/p>\n<p>El Hierro puede convertirse en un para\u00edso astron\u00f3mico internacional por sus privilegiadas condiciones atmosf\u00e9ricas \/ Archivo RTVC <\/p>\n<p>Este parque astron\u00f3mico dar\u00e1 la posibilidad de <strong>ver con facilidad la V\u00eda L\u00e1ctea<\/strong>, c\u00famulos estelares y planetas; constelaciones del hemisferio norte y del hemisferio Sur, algo \u00fanico debido a la <strong>latitud de las islas Canarias<\/strong>, seg\u00fan se\u00f1alan desde el Cabildo.<\/p>\n<p>Finalmente, estos<strong> trabajos<\/strong> se financian con cargo a los fondos del Next Generation EU, Mecanismo de Recuperaci\u00f3n y Resiliencia de la Uni\u00f3n Europea (MRR UE), dentro del programa de \u201cPlanes Territoriales de Sostenibilidad Tur\u00edstica en Destinos (PSTD)\u201d.<\/p>\n","protected":false},"excerpt":{"rendered":"Estos dos m\u00f3dulos contar\u00e1n con una inversi\u00f3n total de 282.00 euros y se construyen en el Parque Cultural&hellip;\n","protected":false},"author":2,"featured_media":198443,"comment_status":"","ping_status":"","sticky":false,"template":"","format":"standard","meta":{"footnotes":""},"categories":[81],"tags":[647,54843,119,123,124,49645,25,24,54844,117,121,122,23,118,120],"class_list":{"0":"post-198442","1":"post","2":"type-post","3":"status-publish","4":"format-standard","5":"has-post-thumbnail","7":"category-ciencia-y-tecnologia","8":"tag-astronomia","9":"tag-cabildo-el-hierro","10":"tag-ciencia","11":"tag-ciencia-y-tecnologia","12":"tag-cienciaytecnologia","13":"tag-el-hierro","14":"tag-es","15":"tag-espana","16":"tag-observatorio-de-canarias","17":"tag-science","18":"tag-science-and-technology","19":"tag-scienceandtechnology","20":"tag-spain","21":"tag-technology","22":"tag-tecnologia"},"share_on_mastodon":{"url":"https:\/\/pubeurope.com\/@es\/115429469602856541","error":""},"_links":{"self":[{"href":"https:\/\/www.europesays.com\/es\/wp-json\/wp\/v2\/posts\/198442","targetHints":{"allow":["GET"]}}],"collection":[{"href":"https:\/\/www.europesays.com\/es\/wp-json\/wp\/v2\/posts"}],"about":[{"href":"https:\/\/www.europesays.com\/es\/wp-json\/wp\/v2\/types\/post"}],"author":[{"embeddable":true,"href":"https:\/\/www.europesays.com\/es\/wp-json\/wp\/v2\/users\/2"}],"replies":[{"embeddable":true,"href":"https:\/\/www.europesays.com\/es\/wp-json\/wp\/v2\/comments?post=198442"}],"version-history":[{"count":0,"href":"https:\/\/www.europesays.com\/es\/wp-json\/wp\/v2\/posts\/198442\/revisions"}],"wp:featuredmedia":[{"embeddable":true,"href":"https:\/\/www.europesays.com\/es\/wp-json\/wp\/v2\/media\/198443"}],"wp:attachment":[{"href":"https:\/\/www.europesays.com\/es\/wp-json\/wp\/v2\/media?parent=198442"}],"wp:term":[{"taxonomy":"category","embeddable":true,"href":"https:\/\/www.europesays.com\/es\/wp-json\/wp\/v2\/categories?post=198442"},{"taxonomy":"post_tag","embeddable":true,"href":"https:\/\/www.europesays.com\/es\/wp-json\/wp\/v2\/tags?post=198442"}],"curies":[{"name":"wp","href":"https:\/\/api.w.org\/{rel}","templated":true}]}}