{"id":198453,"date":"2025-10-24T13:56:20","date_gmt":"2025-10-24T13:56:20","guid":{"rendered":"https:\/\/www.europesays.com\/es\/198453\/"},"modified":"2025-10-24T13:56:20","modified_gmt":"2025-10-24T13:56:20","slug":"el-alegato-de-daniel-guzman-sobre-la-cultura-los-toros-y-las-subvenciones-me-van-a-machacar","status":"publish","type":"post","link":"https:\/\/www.europesays.com\/es\/198453\/","title":{"rendered":"El alegato de Daniel Guzm\u00e1n sobre la cultura, los toros y las subvenciones: \u00abMe van a machacar\u00bb"},"content":{"rendered":"<p>El actor y director\u00a0<strong><a data-external=\"0\" data-intl-links-es=\"https:\/\/www.elplural.com\/extratele\/emotivo-recuerdo-daniel-guzman-jose-luis-gil-companeros-aqui-no-hay-quien-viva-mejores_362860102\" href=\"https:\/\/www.elplural.com\/extratele\/emotivo-recuerdo-daniel-guzman-jose-luis-gil-companeros-aqui-no-hay-quien-viva-mejores_362860102\" rel=\"follow nofollow noopener\" target=\"_self\" title=\"El emotivo recuerdo de Daniel Guzm\u00e1n a Jos\u00e9 Luis Gil, compa\u00f1eros en &#039;Aqu\u00ed no hay quien viva&#039;: &quot;De los mejores&quot;\">Daniel Guzm\u00e1n<\/a><\/strong>\u00a0se ha posicionado contundentemente y ha acabado con aquellos que llaman arte al maltrato del animal. Guzm\u00e1n, durante la promoci\u00f3n de su nuevo proyecto, ha comentado en un podcast lo que siente respecto a la protecci\u00f3n cultural de las corridas de toros y critica el origen de los fondos que subvencionan estas.<\/p>\n<p><strong>Daniel Guzm\u00e1n<\/strong>, que se dio a conocer por interpretar al personaje de Roberto en la ic\u00f3nica serie de Antena 3<b> Aqu\u00ed no hay quien viva<\/b>, acaba de estrenar su nueva pel\u00edcula<strong> La deuda<\/strong>.\u00a0El actor ganador de dos premios <strong>Goya <\/strong>al Mejor cortometraje de ficci\u00f3n y\u00a0Mejor director novel, ha lanzado su punto de vista sobre la tauromaquia zanjando que \u00ablas corridas de toros est\u00e1n acabadas\u00bb:\u00a0\u00abEst\u00e1n obsoletas. S\u00f3lo existen porque el PP lo declar\u00f3 bien de inter\u00e9s cultural y s\u00f3lo se mantiene por las subvenciones\u00bb.<\/p>\n<p>Guzm\u00e1n est\u00e1 de gira promocional y ha aprovechado el podcast de <strong>Animales Humanos de Ibai Vegan<\/strong> para aclarar su posicionamiento sobre la cultura de los toros en nuestro pa\u00eds, y de paso lanzar un recado por las subvenciones que reciben.<\/p>\n<p>Seg\u00fan la encuesta de <strong>Sigma Dos para\u00a0El Mundo\u00a0de abril de 2025<\/strong>, el<strong> 78%<\/strong> de la poblaci\u00f3n admite ser antitaurina en Espa\u00f1a, pero solo el <strong>48%<\/strong> est\u00e1n a favor de que se derogue la protecci\u00f3n cultural a los toros. Los partidos <strong>PP,<\/strong> con un <strong>31,3%,\u00a0<\/strong>y<strong> Vox,\u00a0<\/strong>con el<strong> 37,6%,<\/strong> son los que mayor porcentaje taurino atraen. Sin embargo, entre sus votantes hay un gran porcentaje que no, el <strong>60,1%<\/strong> en <strong>Vox <\/strong>y el<strong> 64,9%<\/strong> en el <strong>PP<\/strong>.<\/p>\n<p>Por otro lado, en la izquierda, el <strong>92,1%<\/strong> de los votantes de <strong>Sumar <\/strong>son antitaurinos, mientras que el <strong>PSOE<\/strong> cuenta con el <strong>87,6%<\/strong> frente a un <strong>10,2%<\/strong> taurino.<\/p>\n<p>\u00abEsos s\u00ed que tienen chiringuitos\u00bb<\/p>\n<p>\u00abLas plazas de toros est\u00e1n vac\u00edas. Y el maltrato&#8230; que inventen otra cosa. Que saquen un toro de pl\u00e1stico, colega. Te lo digo yo, que he corrido capeas\u201d, ha argumentado Daniel Guzm\u00e1n respecto a la subvenci\u00f3n de los toros.<\/p>\n<p>\u00abLleg\u00f3 un momento que tuve sentido com\u00fan y dije, \u00bfpara yo disfrutar tiene que estresarse y sufrir una vaquilla? La ten\u00e9is que torturar y ponerle banderillas y desangrarla y meterle la espada y desangrarle los pulmones. Que tienen sentimientos, que tienen sistema nervioso. <strong>Eso es una barbaridad<\/strong>\u00ab, ha confesado.<\/p>\n<p>\u201cEsos s\u00ed que tienen chiringuitos\u00bb, ha a\u00f1adido Guzm\u00e1n. Adem\u00e1s, ha opinado sobre los impuestos y para lo que deber\u00edan dirigirse: \u00ab\u00bfPara que queden cuatro chiringuitos lo vas a declarar bien de inter\u00e9s cultural? Yo lo pago con mis impuestos. A m\u00ed me quitan el 50%. y estoy orgulloso de que le lo quiten. Para que haya sanidad y educaci\u00f3n p\u00fablica, para que no haya concertada y sanidad privada\u00bb.\u00a0<\/p>\n<p>Daniel Guzm\u00e1n, tras este alegado, ha terminado la intervenci\u00f3n pronosticando las cr\u00edticas que iba a recibir por dichas palabras:\u00a0\u00ab<strong>Ahora me va a machacar toda la fachosfera y los protaurinos<\/strong>&#8230;\u00bb.<\/p>\n","protected":false},"excerpt":{"rendered":"El actor y director\u00a0Daniel Guzm\u00e1n\u00a0se ha posicionado contundentemente y ha acabado con aquellos que llaman arte al maltrato&hellip;\n","protected":false},"author":2,"featured_media":198454,"comment_status":"","ping_status":"","sticky":false,"template":"","format":"standard","meta":{"footnotes":""},"categories":[277],"tags":[373,168,25,24,23,167,374],"class_list":{"0":"post-198453","1":"post","2":"type-post","3":"status-publish","4":"format-standard","5":"has-post-thumbnail","7":"category-toreo","8":"tag-bullfighting","9":"tag-deportes","10":"tag-es","11":"tag-espana","12":"tag-spain","13":"tag-sports","14":"tag-toreo"},"share_on_mastodon":{"url":"https:\/\/pubeurope.com\/@es\/115429493565067590","error":""},"_links":{"self":[{"href":"https:\/\/www.europesays.com\/es\/wp-json\/wp\/v2\/posts\/198453","targetHints":{"allow":["GET"]}}],"collection":[{"href":"https:\/\/www.europesays.com\/es\/wp-json\/wp\/v2\/posts"}],"about":[{"href":"https:\/\/www.europesays.com\/es\/wp-json\/wp\/v2\/types\/post"}],"author":[{"embeddable":true,"href":"https:\/\/www.europesays.com\/es\/wp-json\/wp\/v2\/users\/2"}],"replies":[{"embeddable":true,"href":"https:\/\/www.europesays.com\/es\/wp-json\/wp\/v2\/comments?post=198453"}],"version-history":[{"count":0,"href":"https:\/\/www.europesays.com\/es\/wp-json\/wp\/v2\/posts\/198453\/revisions"}],"wp:featuredmedia":[{"embeddable":true,"href":"https:\/\/www.europesays.com\/es\/wp-json\/wp\/v2\/media\/198454"}],"wp:attachment":[{"href":"https:\/\/www.europesays.com\/es\/wp-json\/wp\/v2\/media?parent=198453"}],"wp:term":[{"taxonomy":"category","embeddable":true,"href":"https:\/\/www.europesays.com\/es\/wp-json\/wp\/v2\/categories?post=198453"},{"taxonomy":"post_tag","embeddable":true,"href":"https:\/\/www.europesays.com\/es\/wp-json\/wp\/v2\/tags?post=198453"}],"curies":[{"name":"wp","href":"https:\/\/api.w.org\/{rel}","templated":true}]}}