{"id":198467,"date":"2025-10-24T14:06:10","date_gmt":"2025-10-24T14:06:10","guid":{"rendered":"https:\/\/www.europesays.com\/es\/198467\/"},"modified":"2025-10-24T14:06:10","modified_gmt":"2025-10-24T14:06:10","slug":"musica-para-leer-en-granada","status":"publish","type":"post","link":"https:\/\/www.europesays.com\/es\/198467\/","title":{"rendered":"M\u00fasica para leer en Granada"},"content":{"rendered":"<p>\t\t\t\t\t\t\t<img loading=\"lazy\" decoding=\"async\" typeof=\"foaf:Image\" src=\"https:\/\/www.europesays.com\/es\/wp-content\/uploads\/2025\/10\/miguel_lopez_marcapasos.jpg\" width=\"650\" height=\"434\" alt=\"Presentaci\u00f3n del libro de Miguel L\u00f3pez en Marcapasos.\"\/><\/p>\n<p>Fotos JTG y Palen   <\/p>\n<p>Presentaci\u00f3n del libro de Miguel L\u00f3pez en Marcapasos.<\/p>\n<p>Estamos acostumbrados a que en Granada, con dos centenares de conciertos al mes, no pocos se solapen obligando a tener que elegir. Pero no suele ocurrir que tambi\u00e9n suceda con las presentaciones de libros\u2026\u00a1de m\u00fasica! As\u00ed ha sucedido esta semana en la puesta de largo p\u00fablica de dos textos muy interesantes de leer: \u2018Indiologia\u2019 (Aguilar) del bater\u00eda mutante Nani Casta\u00f1eda, y \u2018La m\u00fasica viaja en tren\u2019 (Silex), del periodista Miguel L\u00f3pez P\u00e9rez. Se presentaron respectivamente en la librer\u00eda Babel a cargo de Eduardo T\u00e9bar (y con Gonzalo Borabora ambientando), y en la disquer\u00eda Marcapasos con Salvador Perpi\u00f1\u00e1 de introductor (con el Oso de Benal\u00faa tocando).<\/p>\n<p class=\"sumari\">Cuando las furgonetas acondicionadas no exist\u00edan, la m\u00fasica viajaba subiendo al tren a la carrera, como tantos otros vagabundos retratados en \u2018Bound For Glory\u2019 por Woody Guthrie (ahora, en cierta forma sigue pasando con el fat\u00eddico \u2018La Bestia\u2019 mexicano)<\/p>\n<p>L\u00f3pez es un periodista de largo recorrido (\u00bfse acuerda alguien del \u2018Diario 16\u2019?). Su firma se ha visto ya en las portadas de libros como \u2018Viaje a Caledonia\u2019 o \u2018The Last Waltz: Imposible vivir as\u00ed\u2019 y en su nuevo t\u00edtulo une su afici\u00f3n y oficio, puesto que trabaj\u00f3 en la comunicaci\u00f3n de Renfe: \u00a1La m\u00fasica y el tren juntos! Cuando las furgonetas acondicionadas no exist\u00edan, la m\u00fasica viajaba subiendo al tren a la carrera, como tantos otros vagabundos retratados en \u2018Bound For Glory\u2019 por Woody Guthrie (ahora, en cierta forma sigue pasando con el fat\u00eddico \u2018La Bestia\u2019 mexicano).\u00a0<\/p>\n<p>El autor describe la coincidencia de la \u00e9poca dorada del tren con los a\u00f1os en que blues, jazz, g\u00f3spel o el soul forjan su identidad en Estados Unidos y Europa, a partir de un tronco com\u00fan afroamericano. Tambi\u00e9n se abordan los hitos musicales del tren espa\u00f1ol, desde su origen en Cuba hasta hoy. En estas p\u00e1ginas se narra la herencia del caballo de hierro en la vida y obra de gigantes como Bessie Smith, Jimmie Rodgers, Sister Rosetta Tharpe, Duke Ellington, Woody Guthrie, Johnny Cash, Bob Dylan, Beatles, Rolling Stones, Tom Waits o Van Morrison, entre otros. \u00abAqu\u00ed se cuentan cientos de historias sobre ese viaje que une en el infinito las v\u00edas paralelas sobre las que avanzan la m\u00fasica y el tren\u00bb, detalla su texto de promoci\u00f3n.<\/p>\n<p class=\"pie\">Presentaci\u00f3n del libro de Nani Casta\u00f1eda.\u00a0<\/p>\n<p>En la solapa del de Nani Casta\u00f1eda se lee que \u00abes un libro que se lee, se canta, se escucha y se baila\u00bb, cabe a\u00f1adir que tambi\u00e9n se \u2018r\u00ede\u2019 uno\/a, como sucedi\u00f3 en el discurso de su autor, plagado de detalles humor\u00edsticos y an\u00e9cdotas risibles.\u00a0<\/p>\n<p class=\"sumari\">Un d\u00eda en el que no ten\u00edan bolo ni ensayo, Nani debi\u00f3 mirar su colecci\u00f3n de discos y decidi\u00f3 seleccionar los que m\u00e1s le hab\u00edan gustado-barra-influenciado, se puso a pensar el porqu\u00e9 y opt\u00f3 por compartirlo<\/p>\n<p>Un d\u00eda en el que no ten\u00edan bolo ni ensayo, Nani debi\u00f3 mirar su colecci\u00f3n de discos y decidi\u00f3 seleccionar los que m\u00e1s le hab\u00edan gustado-barra-influenciado, se puso a pensar el porqu\u00e9 y opt\u00f3 por compartirlo. El que fuera autor de \u2018Mutante por la gracia de Dios\u2019 ha concluido su segunda entrada en el ISBN con esas 46 reflexiones suyas, personales e intransferibles (\u00bfo no?), que recuerdan otros trabajos subjetivos del mismo tipo sobre otras placas que en mundo han sido. Y en ese \u00abporque me da la gana, soy el autor\u00bb, tan repetido a lo largo de la velada est\u00e1 la enjundia del autor, su car\u00e1cter y su encanto.\u00a0<\/p>\n<p>Esta antolog\u00eda rese\u00f1a 46 discos \u2018imprescindibles\u2019 del panorama nacional e internacional desde finales de los 80 hasta el 2020, y \u00abes un libro intergeneracional. Un homenaje a esa m\u00fasica nacida de entre las grietas de la \u2018gran\u2019 industria musical, que la revitaliza y la eleva&#8230; \u00bftodav\u00eda?\u00bb. Buen final el del editor, porque \u00bfqu\u00e9 es, o qu\u00e9 fue el Indie? \u00bfQui\u00e9n lo fue y qui\u00e9n no? \u00bfPara qu\u00e9 sirvi\u00f3, si sirvi\u00f3 para algo? \u00bfExisti\u00f3 el indie?\u00a0<\/p>\n<p>\u00a0<\/p>\n","protected":false},"excerpt":{"rendered":"Fotos JTG y Palen Presentaci\u00f3n del libro de Miguel L\u00f3pez en Marcapasos. Estamos acostumbrados a que en Granada,&hellip;\n","protected":false},"author":2,"featured_media":198468,"comment_status":"","ping_status":"","sticky":false,"template":"","format":"standard","meta":{"footnotes":""},"categories":[172],"tags":[224,146,147,25,24,225,23],"class_list":{"0":"post-198467","1":"post","2":"type-post","3":"status-publish","4":"format-standard","5":"has-post-thumbnail","7":"category-libros","8":"tag-books","9":"tag-entertainment","10":"tag-entretenimiento","11":"tag-es","12":"tag-espana","13":"tag-libros","14":"tag-spain"},"share_on_mastodon":{"url":"https:\/\/pubeurope.com\/@es\/115429532854724169","error":""},"_links":{"self":[{"href":"https:\/\/www.europesays.com\/es\/wp-json\/wp\/v2\/posts\/198467","targetHints":{"allow":["GET"]}}],"collection":[{"href":"https:\/\/www.europesays.com\/es\/wp-json\/wp\/v2\/posts"}],"about":[{"href":"https:\/\/www.europesays.com\/es\/wp-json\/wp\/v2\/types\/post"}],"author":[{"embeddable":true,"href":"https:\/\/www.europesays.com\/es\/wp-json\/wp\/v2\/users\/2"}],"replies":[{"embeddable":true,"href":"https:\/\/www.europesays.com\/es\/wp-json\/wp\/v2\/comments?post=198467"}],"version-history":[{"count":0,"href":"https:\/\/www.europesays.com\/es\/wp-json\/wp\/v2\/posts\/198467\/revisions"}],"wp:featuredmedia":[{"embeddable":true,"href":"https:\/\/www.europesays.com\/es\/wp-json\/wp\/v2\/media\/198468"}],"wp:attachment":[{"href":"https:\/\/www.europesays.com\/es\/wp-json\/wp\/v2\/media?parent=198467"}],"wp:term":[{"taxonomy":"category","embeddable":true,"href":"https:\/\/www.europesays.com\/es\/wp-json\/wp\/v2\/categories?post=198467"},{"taxonomy":"post_tag","embeddable":true,"href":"https:\/\/www.europesays.com\/es\/wp-json\/wp\/v2\/tags?post=198467"}],"curies":[{"name":"wp","href":"https:\/\/api.w.org\/{rel}","templated":true}]}}