{"id":198469,"date":"2025-10-24T14:07:19","date_gmt":"2025-10-24T14:07:19","guid":{"rendered":"https:\/\/www.europesays.com\/es\/198469\/"},"modified":"2025-10-24T14:07:19","modified_gmt":"2025-10-24T14:07:19","slug":"la-tele-no-es-del-gobierno-es-de-canarias","status":"publish","type":"post","link":"https:\/\/www.europesays.com\/es\/198469\/","title":{"rendered":"\u201cLa tele no es del Gobierno, es de Canarias\u201d"},"content":{"rendered":"<p class=\"article-text\">\n        \u201cLa Tele Canaria no es del Gobierno, es de Canarias\u201d. De esta forma ha respondido la plantilla de la Televisi\u00f3n Canaria al presidente del Gobierno regional, Fernando Clavijo, quien este jueves, en una entrevista en Radio Fayc\u00e1n, manifest\u00f3 en dos ocasiones que <a href=\"https:\/\/www.eldiario.es\/canariasahora\/carlossosa\/fernando-clavijo-television-canaria-gobierno-rtvc-privatizacion_1_12709722.html\" target=\"_blank\" data-mrf-recirculation=\"links-noticia\" class=\"link\" rel=\"nofollow noopener\">la Televisi\u00f3n Canaria era del Gobierno<\/a>.\u00a0\u00a0\n    <\/p>\n<p class=\"article-text\">\n        El l\u00edder de Coalici\u00f3n Canaria (CC) expres\u00f3 esas palabras cuando los periodistas que lo entrevistaban le reprocharon que, a diferencia de otros gobiernos nacionalistas sin lengua oficial, Canarias no tuviera una televisi\u00f3n propia que defienda sus valores como pueblo. \u201cEs la tele del Gobierno de Canarias\u201d, insisti\u00f3 Clavijo.\u00a0\n    <\/p>\n<p class=\"article-text\">\n        Trabajadores de la Televisi\u00f3n Canaria se han vuelto a concentrar este viernes a las puertas de los estudios de los servicios informativos ataviados con camisetas negras con la inscripci\u00f3n \u201cno a la privatizaci\u00f3n\u201d, en protesta por la nueva Ley Audiovisual de Canarias. Una norma que, seg\u00fan el personal del ente auton\u00f3mico, abre la puerta a un modelo que \u201cdebilita\u201d al medio p\u00fablico y a sus profesionales permitiendo la privatizaci\u00f3n de los informativos y \u201cponiendo en riesgo la independencia y pluralidad\u201d del servicio.\u00a0\n    <\/p>\n<p class=\"article-text\">\n        En el transcurso de la concentraci\u00f3n de este viernes, los periodistas han recordado al presidente regional que la Televisi\u00f3n Canaria pertenece a la comunidad aut\u00f3noma, no al Gobierno.\u00a0\n    <\/p>\n<p class=\"article-text\">\n        Frente a los temores expresados por la plantilla de la Televisi\u00f3n Canaria sobre la privatizaci\u00f3n de los servicios informativos, se pronunci\u00f3 Clavijo en los siguientes t\u00e9rminos durante su entrevista en Radio Fayc\u00e1n: \u201cSi hay que contratar un taxi para trasladar a un invitado a una tertulia, no vas a crear una central de taxis p\u00fablica\u201d.\u00a0\u00a0\n    <\/p>\n<p class=\"article-text\">\n        Adem\u00e1s, rechaz\u00f3 la posibilidad de convertir a los trabajadores y trabajadoras en personal laboral de la comunidad aut\u00f3noma. La plantilla de la televisi\u00f3n, que est\u00e1 formada por unas 450 personas, pertenece a la empresa p\u00fablica Televisi\u00f3n P\u00fablica. Los trabajadores no han puesto sobre la mesa la exigencia de pasar a ser personal laboral de la comunidad.\u00a0\n    <\/p>\n<p class=\"article-text\">\n        Despu\u00e9s de un cuarto de siglo de historia y de cosechar reconocimientos como el Premio Ondas para los servicios informativos por la cobertura de la erupci\u00f3n de La Palma, el regreso de Clavijo a la presidencia del Gobierno, en julio de 2023, ha significado para la Televisi\u00f3n Canaria un nuevo retroceso. Con apenas programaci\u00f3n propia, es superada en audiencia casi todos los meses por Televisi\u00f3n Espa\u00f1ola. Su empe\u00f1o en dirigir la televisi\u00f3n personalmente le condujo a imponerlo en las negociaciones con el Partido Popular, que no tiene ni voz ni voto en todas estas acciones que promueve personalmente el presidente canario con su n\u00facleo duro de presidencia del Gobierno y de Coalici\u00f3n Canaria.\n    <\/p>\n<p class=\"article-text\">\n        \u00a0E<a href=\"https:\/\/www.eldiario.es\/canariasahora\/politica\/clavijo-puentea-administradora-general-radio-television-publicas-le-impone-comisario-politico_1_12487510.html\" target=\"_blank\" data-mrf-recirculation=\"links-noticia\" class=\"link\" rel=\"nofollow noopener\">l Gobierno design\u00f3 el pasado verano a un comisario pol\u00edtico<\/a>\u00a0camuflado con el cargo de director de Medios y Contenidos del grupo RTVC mediante un procedimiento abierto al que solo se present\u00f3 una persona, C\u00e9sar Toledo. Para ello, puente\u00f3\u00a0a la administradora general del ente p\u00fablico, Mar\u00eda M\u00e9ndez, nombrada por el actual gobierno,\n    <\/p>\n<p class=\"article-text\">\n        Tras el nombramiento de Toledo, comenz\u00f3 el terremoto con la dimisi\u00f3n del director de Informativos, Paco Luis Quintana, que acto seguido fue apartado de la presentaci\u00f3n de la primera edici\u00f3n del Telenoticias.\n    <\/p>\n<p class=\"article-text\">\n        Este mismo jueves la plantilla de Televisi\u00f3n Canaria recibi\u00f3 el respaldo de otras dos cadenas p\u00fablicas: el Comit\u00e9 Intercentros de Radio Televisi\u00f3n Espa\u00f1ola y el Comit\u00e9 de Empresa de la Radio Televisi\u00f3n P\u00fablica Vasca.\n    <\/p>\n<p>    <a href=\"https:\/\/www.eldiario.es\/canariasahora\/carlossosa\/fernando-clavijo-television-canaria-gobierno-rtvc-privatizacion_1_12709722.html\" data-mrf-recirculation=\"saber-mas-abajo\" data-dl-event=\"saber-mas-abajo\" rel=\"nofollow noopener\" target=\"_blank\"><\/p>\n<p class=\"know-more__title\">Fernando Clavijo: \u201cLa Televisi\u00f3n Canaria es del Gobierno\u201d<\/p>\n<p>            <img decoding=\"async\" class=\"lazy\" loading=\"lazy\" data-src=\"https:\/\/static.eldiario.es\/clip\/dfa7ea29-cd9e-4cf5-8ffc-94b48375e439_16-9-aspect-ratio_default_0.jpg\" src=\"data:image\/svg+xml,%3Csvg xmlns=\" http:=\"\" viewbox=\"0 0 880 495\" alt=\"Fernando Clavijo: \u201cLa Televisi\u00f3n Canaria es del Gobierno\u201d\"\/><\/p>\n<p>                        <\/a><\/p>\n<p class=\"article-text\">\n        Los representantes laborales de RTVE acordaron por unanimidad en el comit\u00e9 intercentros \u201capoyar las movilizaciones por el Comit\u00e9 Intercentros de la Televisi\u00f3n Canaria y sus trabajadoras y trabajadores en contra de la posible externalizaci\u00f3n de los informativos o de la totalidad de la actividad de la Televisi\u00f3n Canaria\u201d.\n    <\/p>\n","protected":false},"excerpt":{"rendered":"\u201cLa Tele Canaria no es del Gobierno, es de Canarias\u201d. De esta forma ha respondido la plantilla de&hellip;\n","protected":false},"author":2,"featured_media":198470,"comment_status":"","ping_status":"","sticky":false,"template":"","format":"standard","meta":{"footnotes":""},"categories":[171],"tags":[27803,7221,1896,4014,146,147,25,24,582,689,1429,6461,23,7099,807,214],"class_list":{"0":"post-198469","1":"post","2":"type-post","3":"status-publish","4":"format-standard","5":"has-post-thumbnail","7":"category-tv","8":"tag-apropiacion","9":"tag-canaria","10":"tag-canarias","11":"tag-clavijo","12":"tag-entertainment","13":"tag-entretenimiento","14":"tag-es","15":"tag-espana","16":"tag-gobierno","17":"tag-no","18":"tag-plantilla","19":"tag-reacciona","20":"tag-spain","21":"tag-tele","22":"tag-television","23":"tag-tv"},"share_on_mastodon":{"url":"https:\/\/pubeurope.com\/@es\/115429536070964872","error":""},"_links":{"self":[{"href":"https:\/\/www.europesays.com\/es\/wp-json\/wp\/v2\/posts\/198469","targetHints":{"allow":["GET"]}}],"collection":[{"href":"https:\/\/www.europesays.com\/es\/wp-json\/wp\/v2\/posts"}],"about":[{"href":"https:\/\/www.europesays.com\/es\/wp-json\/wp\/v2\/types\/post"}],"author":[{"embeddable":true,"href":"https:\/\/www.europesays.com\/es\/wp-json\/wp\/v2\/users\/2"}],"replies":[{"embeddable":true,"href":"https:\/\/www.europesays.com\/es\/wp-json\/wp\/v2\/comments?post=198469"}],"version-history":[{"count":0,"href":"https:\/\/www.europesays.com\/es\/wp-json\/wp\/v2\/posts\/198469\/revisions"}],"wp:featuredmedia":[{"embeddable":true,"href":"https:\/\/www.europesays.com\/es\/wp-json\/wp\/v2\/media\/198470"}],"wp:attachment":[{"href":"https:\/\/www.europesays.com\/es\/wp-json\/wp\/v2\/media?parent=198469"}],"wp:term":[{"taxonomy":"category","embeddable":true,"href":"https:\/\/www.europesays.com\/es\/wp-json\/wp\/v2\/categories?post=198469"},{"taxonomy":"post_tag","embeddable":true,"href":"https:\/\/www.europesays.com\/es\/wp-json\/wp\/v2\/tags?post=198469"}],"curies":[{"name":"wp","href":"https:\/\/api.w.org\/{rel}","templated":true}]}}