{"id":198471,"date":"2025-10-24T14:08:11","date_gmt":"2025-10-24T14:08:11","guid":{"rendered":"https:\/\/www.europesays.com\/es\/198471\/"},"modified":"2025-10-24T14:08:11","modified_gmt":"2025-10-24T14:08:11","slug":"kpop-demon-hunters-realizara-su-primer-concierto-en-vivo","status":"publish","type":"post","link":"https:\/\/www.europesays.com\/es\/198471\/","title":{"rendered":"\u201cKpop Demon Hunters\u201d realizar\u00e1 su primer concierto en vivo"},"content":{"rendered":"<p>La agrupaci\u00f3n de <b>\u201cKpop Demon Hunters\u201d, conformada por EJAE, Audrey Nuna y Rei Ami, realizar\u00e1n su primer concierto en vivo<\/b>. Desde su estreno en agosto de 2025, la m\u00fasica del grupo se ha popularizado, llegando a posicionarlas en las listas de Billboard.<\/p>\n<p>El grupo de Kpop se presentar\u00e1 durante el concierto anual de KIIS-FM Jingle Ball, donde interpretar\u00e1n los temas m\u00e1s exitosos de la pel\u00edcula para sus fans. El anuncio fue realizado este mi\u00e9rcoles durante el programa de iHeartRadio (102.7) en Estados Unidos.<\/p>\n<p><b>El concierto de \u201cKpop Demon Hunters\u201d se llevar\u00e1 a cabo en el Intuit Dome de Los \u00c1ngeles, California, el pr\u00f3ximo 5 de diciembre<\/b> a las 7:30 de la noche. Las HUNTR\/X formar\u00e1n parte del cartel del show navide\u00f1o junto a otros artistas invitados.<\/p>\n<p><b>Las cantantes de la pel\u00edcula ya se hab\u00edan presentado previamente en vivo durante \u201cThe Tonight Show\u201d,<\/b> donde hicieron una aparici\u00f3n especial y presentaron una versi\u00f3n del tema \u201cGolden\u201d en vivo.<\/p>\n<p>El soundtrack de la pel\u00edcula de Netflix es uno de los m\u00e1s populares del momento, permaneciendo varias semanas en las listas musicales de Billboard, donde lleg\u00f3 a ocupar el n\u00famero uno del Hot 100 durante ocho semanas consecutivas.<\/p>\n<p>Adem\u00e1s, la cinta animada se convirti\u00f3 en una de las m\u00e1s vistas de la plataforma, acumulando m\u00e1s de 236 millones de visualizaciones y manteni\u00e9ndose varias semanas en el top 10 global de pel\u00edculas m\u00e1s reproducidas.<\/p>\n<p>Tanta ha sido la popularidad de \u201cKpop Demon Hunters\u201d que Netflix anunci\u00f3 una alianza con Mattel y Hasbro para lanzar una l\u00ednea de juguetes inspirada en la pel\u00edcula, con el objetivo de \u201csatisfacer la enorme demanda de los seguidores\u201d.<\/p>\n<p>Por otro lado, la directora Maggie Kang, en entrevista con Entertainment Weekly, revel\u00f3 que existieron muchas ideas descartadas que no pudieron incluirse en la pel\u00edcula, dejando entrever que una segunda parte podr\u00eda estar en camino.<\/p>\n","protected":false},"excerpt":{"rendered":"La agrupaci\u00f3n de \u201cKpop Demon Hunters\u201d, conformada por EJAE, Audrey Nuna y Rei Ami, realizar\u00e1n su primer concierto&hellip;\n","protected":false},"author":2,"featured_media":198472,"comment_status":"","ping_status":"","sticky":false,"template":"","format":"standard","meta":{"footnotes":""},"categories":[170],"tags":[146,147,25,24,184,185,152,23],"class_list":{"0":"post-198471","1":"post","2":"type-post","3":"status-publish","4":"format-standard","5":"has-post-thumbnail","7":"category-musica","8":"tag-entertainment","9":"tag-entretenimiento","10":"tag-es","11":"tag-espana","12":"tag-music","13":"tag-musica","14":"tag-netflix","15":"tag-spain"},"share_on_mastodon":{"url":"","error":""},"_links":{"self":[{"href":"https:\/\/www.europesays.com\/es\/wp-json\/wp\/v2\/posts\/198471","targetHints":{"allow":["GET"]}}],"collection":[{"href":"https:\/\/www.europesays.com\/es\/wp-json\/wp\/v2\/posts"}],"about":[{"href":"https:\/\/www.europesays.com\/es\/wp-json\/wp\/v2\/types\/post"}],"author":[{"embeddable":true,"href":"https:\/\/www.europesays.com\/es\/wp-json\/wp\/v2\/users\/2"}],"replies":[{"embeddable":true,"href":"https:\/\/www.europesays.com\/es\/wp-json\/wp\/v2\/comments?post=198471"}],"version-history":[{"count":0,"href":"https:\/\/www.europesays.com\/es\/wp-json\/wp\/v2\/posts\/198471\/revisions"}],"wp:featuredmedia":[{"embeddable":true,"href":"https:\/\/www.europesays.com\/es\/wp-json\/wp\/v2\/media\/198472"}],"wp:attachment":[{"href":"https:\/\/www.europesays.com\/es\/wp-json\/wp\/v2\/media?parent=198471"}],"wp:term":[{"taxonomy":"category","embeddable":true,"href":"https:\/\/www.europesays.com\/es\/wp-json\/wp\/v2\/categories?post=198471"},{"taxonomy":"post_tag","embeddable":true,"href":"https:\/\/www.europesays.com\/es\/wp-json\/wp\/v2\/tags?post=198471"}],"curies":[{"name":"wp","href":"https:\/\/api.w.org\/{rel}","templated":true}]}}