{"id":198473,"date":"2025-10-24T14:09:13","date_gmt":"2025-10-24T14:09:13","guid":{"rendered":"https:\/\/www.europesays.com\/es\/198473\/"},"modified":"2025-10-24T14:09:13","modified_gmt":"2025-10-24T14:09:13","slug":"los-traumas-de-bruce-springsteen-el-frankenstein-de-guillermo-del-toro-una-adolescente-que-quiere-ser-monja-y-otros-estrenos-el-cine-en-la-ser","status":"publish","type":"post","link":"https:\/\/www.europesays.com\/es\/198473\/","title":{"rendered":"Los traumas de Bruce Springsteen, el &#8216;Frankenstein&#8217; de Guillermo del Toro, una adolescente que quiere ser monja y otros estrenos | El cine en la SER"},"content":{"rendered":"<p class=\"loc\">Madrid <\/p>\n<p>Bruce Springsteen se hab\u00eda resistido hasta ahora a llevar su vida al cine. Rompe esa regla en &#8216;Deliver me from nowhere&#8217;, una pel\u00edcula que no es un biopic al uso, sino la historia de c\u00f3mo lidi\u00f3 el Boss con la depresi\u00f3n y los traumas, y c\u00f3mo compus\u00f3 uno de sus mejores discos, &#8216;Nebraska&#8217;. En este episodio charlamos de todo esto con el director y el protagonista, Jeremy Allen White. Adem\u00e1s, a algunos cines llega el &#8216;Frankenstein&#8217; de Guillermo del Toro, hay terror con &#8216;Black Phone 2&#8217; y Alauda Ruiz de Az\u00faa nos pone a debatir sobre religi\u00f3n y familia en &#8216;Los Domingos&#8217;, su flamante Concha de Oro. En televisi\u00f3n, recibimos a Manu R\u00edos para charlar sobre la segunda temporada de &#8216;Respira&#8217; y sobre su visi\u00f3n del oficio.<\/p>\n<p>\ud83c\udfa7 YA disponible en <a href=\"https:\/\/linktr.ee\/ElCineEnLaSER\" target=\"_blank\" rel=\"nofollow noopener\" title=\"https:\/\/linktr.ee\/ElCineEnLaSER\"><b>SER Podcast y todas las plataformas de audio<\/b><\/a><b> <\/b>(Spotify, Apple Podcast, iVoox, Amazon Music, Google Podcast&#8230;)<\/p>\n<p><b>M\u00e1s informaci\u00f3n <\/b><\/p>\n<p><img loading=\"lazy\" decoding=\"async\" src=\"https:\/\/www.europesays.com\/es\/wp-content\/uploads\/2025\/10\/https:\/\/sdmedia.playser.cadenaser.com\/playser\/image\/202510\/22\/1761148369921_1761153899_asset_still.j.jpeg\" width=\"16\" height=\"9\"\/><img loading=\"lazy\" decoding=\"async\" src=\"https:\/\/www.europesays.com\/es\/wp-content\/uploads\/2025\/10\/https:\/\/sdmedia.playser.cadenaser.com\/playser\/image\/202510\/21\/1761054121701_1761068574_asset_still.j.jpeg\" width=\"16\" height=\"9\"\/><\/p>\n","protected":false},"excerpt":{"rendered":"Madrid Bruce Springsteen se hab\u00eda resistido hasta ahora a llevar su vida al cine. Rompe esa regla en&hellip;\n","protected":false},"author":2,"featured_media":198474,"comment_status":"","ping_status":"","sticky":false,"template":"","format":"standard","meta":{"footnotes":""},"categories":[169],"tags":[8609,22714,177,146,147,25,24,176,43499,175,23,54849],"class_list":{"0":"post-198473","1":"post","2":"type-post","3":"status-publish","4":"format-standard","5":"has-post-thumbnail","7":"category-cine","8":"tag-20th-century-studios","9":"tag-bruce-springsteen","10":"tag-cine","11":"tag-entertainment","12":"tag-entretenimiento","13":"tag-es","14":"tag-espana","15":"tag-film","16":"tag-jeremy-allen-white","17":"tag-movies","18":"tag-spain","19":"tag-springsteen-deliver-me-from-nowhere"},"share_on_mastodon":{"url":"https:\/\/pubeurope.com\/@es\/115429544278575383","error":""},"_links":{"self":[{"href":"https:\/\/www.europesays.com\/es\/wp-json\/wp\/v2\/posts\/198473","targetHints":{"allow":["GET"]}}],"collection":[{"href":"https:\/\/www.europesays.com\/es\/wp-json\/wp\/v2\/posts"}],"about":[{"href":"https:\/\/www.europesays.com\/es\/wp-json\/wp\/v2\/types\/post"}],"author":[{"embeddable":true,"href":"https:\/\/www.europesays.com\/es\/wp-json\/wp\/v2\/users\/2"}],"replies":[{"embeddable":true,"href":"https:\/\/www.europesays.com\/es\/wp-json\/wp\/v2\/comments?post=198473"}],"version-history":[{"count":0,"href":"https:\/\/www.europesays.com\/es\/wp-json\/wp\/v2\/posts\/198473\/revisions"}],"wp:featuredmedia":[{"embeddable":true,"href":"https:\/\/www.europesays.com\/es\/wp-json\/wp\/v2\/media\/198474"}],"wp:attachment":[{"href":"https:\/\/www.europesays.com\/es\/wp-json\/wp\/v2\/media?parent=198473"}],"wp:term":[{"taxonomy":"category","embeddable":true,"href":"https:\/\/www.europesays.com\/es\/wp-json\/wp\/v2\/categories?post=198473"},{"taxonomy":"post_tag","embeddable":true,"href":"https:\/\/www.europesays.com\/es\/wp-json\/wp\/v2\/tags?post=198473"}],"curies":[{"name":"wp","href":"https:\/\/api.w.org\/{rel}","templated":true}]}}