{"id":198479,"date":"2025-10-24T14:12:10","date_gmt":"2025-10-24T14:12:10","guid":{"rendered":"https:\/\/www.europesays.com\/es\/198479\/"},"modified":"2025-10-24T14:12:10","modified_gmt":"2025-10-24T14:12:10","slug":"un-drama-de-la-directora-de-cinco-lobitos-sobre-una-joven-que-quiere-ser-monja-de-clausura","status":"publish","type":"post","link":"https:\/\/www.europesays.com\/es\/198479\/","title":{"rendered":"un drama de la directora de &#8216;Cinco lobitos&#8217; sobre una joven que quiere ser monja de clausura"},"content":{"rendered":"<p style=\"\">Los <strong>cines <\/strong>se llenan estos meses de <a href=\"https:\/\/www.abc.es\/play\/cine\/criticas\/\" title=\"www.abc.es\" data-voc-vtm-id=\"in-text-traffic\" data-mrf-link=\"www.abc.es\" rel=\"nofollow noopener\" target=\"_blank\">grandes estrenos<\/a> cargados de posibles candidaturas para la temporada de premios. Por un lado, encontramos t\u00edtulos que han pasado ya por festivales y que buscan el reconocimiento de la cr\u00edtica y el p\u00fablico, mientras que, por otro,  &#8230; se asoman propuestas m\u00e1s populares o familiares que buscan convertirse en &#8216;taquillazos&#8217; antes del invierno. <\/p>\n<p class=\"voc-p\" style=\"\">El hecho de que la temporada de premios est\u00e9 a la vuelta de la esquina \u2014los <strong>Premios Goya <\/strong>se celebrar\u00e1n el 28 de febrero\u2014 supone un escenario id\u00f3neo para los estrenos. Los distribuidores lo saben, y por eso muchos lanzamientos se producen entre octubre y diciembre: ni demasiado temprano (riesgo de perder impulso) ni demasiado tarde (peligro de quedarse fuera de la conversaci\u00f3n). <\/p>\n<p class=\"voc-p\" style=\"\">Son muchas las pel\u00edculas espa\u00f1olas que pasar\u00e1n por la cartelera en las pr\u00f3ximas semanas. Sin embargo, <strong>este viernes, 24 de octubre,<\/strong> llega a los cines una de las cintas m\u00e1s esperadas del a\u00f1o, que triunf\u00f3 en el<strong> Festival de Cine de San Sebasti\u00e1n <\/strong>y apunta a arrasar en los<strong> Premios Goya <\/strong>del pr\u00f3ximo a\u00f1o.<\/p>\n<p>\nLa nueva pel\u00edcula de Alauda Ruiz de Az\u00faa sobre la fe\n<\/p>\n<p class=\"voc-p\" style=\"\">La pel\u00edcula que llega hoy a los cines espa\u00f1oles es, nada m\u00e1s y nada menos, que <strong>&#8216;Los domingos&#8217;<\/strong>, una cinta dirigida y con guion de<strong> Alauda Ruiz de Az\u00faa<\/strong>, quien se encuentra detr\u00e1s de las premiadas &#8216;Cinco lobitos&#8217; -ganadora de tres Goyas- y &#8216;Querer&#8217;, miniserie que arras\u00f3 en Movistar Plus+ y entre la cr\u00edtica el a\u00f1o pasado.<\/p>\n<p class=\"voc-p\" style=\"\">&#8216;Los domingos&#8217; est\u00e1 protagonizada por <a href=\"https:\/\/new22-www.abc.es\/play\/cine\/noticias\/blanca-soroa-ultimo-milagro-cine-espanol-claro-20251022020533-nt.html\" title=\"new22-www.abc.es\" data-voc-vtm-id=\"in-text-traffic\" data-mrf-link=\"new22-www.abc.es\" rel=\"nofollow noopener\" target=\"_blank\">Blanca Soroa<\/a>, que debuta en el cine con el papel de una joven de 17 a\u00f1os que se plantea entrar en un convento de clausura. Completan el reparto <strong>Patricia L\u00f3pez Arnaiz<\/strong>, Miguel Garc\u00e9s, Juan Minuj\u00edn, Mabel Rivera y Nagore Aranburu, entre otros.<\/p>\n<p class=\"voc-p\" style=\"\">&#8216;Los domingos&#8217; narra la historia de Ainara (Blanca Soroa), una joven idealista y brillante de 17 a\u00f1os que debe enfrentarse a la importante decisi\u00f3n de qu\u00e9 carrera universitaria estudiar. Sin embargo, comienza a sentirse cada vez m\u00e1s cerca de Dios y se plantea abrazar la vida de <strong>monja de clausura<\/strong>, en contra de la voluntad de sus padres y de toda su familia. <\/p>\n<p class=\"voc-p\" style=\"\">\u00abTen\u00eda unos 20 a\u00f1os cuando me contaron la historia. En ese momento me pareci\u00f3 muy misterioso el hecho de que alguien joven tome una <strong>decisi\u00f3n tan radical como la de encerrarse en una orden religiosa de clausura<\/strong>. Y me llam\u00f3 mucho la atenci\u00f3n el cisma que provoc\u00f3 en la familia\u00bb, cont\u00f3 Ruiz de Az\u00faa en una <a href=\"https:\/\/new22-www.abc.es\/play\/cine\/noticias\/alauda-ruiz-azua-chicas-querian-monjas-historias-20250922145140-nt.html\" title=\"new22-www.abc.es\" data-voc-vtm-id=\"in-text-traffic\" data-mrf-link=\"new22-www.abc.es\" rel=\"nofollow noopener\" target=\"_blank\">entrevista con ABC<\/a>.<\/p>\n<p><img decoding=\"async\" loading=\"lazy\" src=\"https:\/\/www.europesays.com\/es\/wp-content\/uploads\/2025\/10\/newspaint-1761308384486-1200x840-kNeG--760x427@diario_abc.jpg\" class=\"voc-img\" width=\"760\" height=\"427\" alt=\"'Los Domingos'\" data-voc-vtm-id=\"in-text-traffic\"\/><\/p>\n<p>&#8216;Los Domingos&#8217;<\/p>\n<p class=\"voc-p\" style=\"\">Cuando descubri\u00f3 esta historia, la cineasta consider\u00f3 que era un <strong>\u00abtema muy complejo\u00bb<\/strong> y no era el momento para ello. Sin embargo, tras &#8216;Cinco lobitos&#8217;, se vio \u00abm\u00e1s adulta y m\u00e1s fuerte para investigarlo, documentarme y entender el \u00e1ngulo de la familia\u00bb.<\/p>\n<p class=\"voc-p\" style=\"\">Tal y como explic\u00f3 la directora vasca, &#8216;Los domingos&#8217; se narra desde <strong>dos puntos de vista<\/strong>: el de Ainara y el de su t\u00eda Maite. La cinta propone una reflexi\u00f3n profunda sobre temas como <strong>la fe, la vocaci\u00f3n o la identidad personal <\/strong>frente a la familia. Todo ello, contado desde la sensibilidad de Ruiz de Az\u00faa para retratar conflictos internos y silencios familiares. <\/p>\n<p>\nConcha de Oro en el Festival de San Sebasti\u00e1n\n<\/p>\n<p class=\"voc-p\" style=\"\">La nueva producci\u00f3n de Ruiz de Az\u00faa es, sin duda, una de las pel\u00edculas espa\u00f1olas a tener en cuenta en esta temporada de premios. Y es que la cinta ya fue seleccionada en la Secci\u00f3n Oficial a competici\u00f3n del <strong>Festival Internacional de Cine de San Sebasti\u00e1n<\/strong> para su estreno mundial. <\/p>\n<p class=\"voc-p\" style=\"\">Adem\u00e1s, obtuvo el premio m\u00e1ximo del certamen, <strong>la Concha de Oro,<\/strong> lo que, sumado al excelente recibimiento que ha tenido entre la cr\u00edtica, la posiciona como una de las pel\u00edculas favoritas de cara a la pr\u00f3xima edici\u00f3n de los <strong>Premios Goya<\/strong>.<\/p>\n","protected":false},"excerpt":{"rendered":"Los cines se llenan estos meses de grandes estrenos cargados de posibles candidaturas para la temporada de premios.&hellip;\n","protected":false},"author":2,"featured_media":198480,"comment_status":"","ping_status":"","sticky":false,"template":"","format":"standard","meta":{"footnotes":""},"categories":[91],"tags":[9806,146,147,25,24,22473,3980,315,5012,1257,2228,11678,23,9861,54850],"class_list":{"0":"post-198479","1":"post","2":"type-post","3":"status-publish","4":"format-standard","5":"has-post-thumbnail","7":"category-entretenimiento","8":"tag-cines","9":"tag-entertainment","10":"tag-entretenimiento","11":"tag-es","12":"tag-espana","13":"tag-favorita","14":"tag-goya","15":"tag-hoy","16":"tag-llega","17":"tag-pelicula","18":"tag-san","19":"tag-sebastian","20":"tag-spain","21":"tag-trata","22":"tag-triunfado"},"share_on_mastodon":{"url":"https:\/\/pubeurope.com\/@es\/115429556304048450","error":""},"_links":{"self":[{"href":"https:\/\/www.europesays.com\/es\/wp-json\/wp\/v2\/posts\/198479","targetHints":{"allow":["GET"]}}],"collection":[{"href":"https:\/\/www.europesays.com\/es\/wp-json\/wp\/v2\/posts"}],"about":[{"href":"https:\/\/www.europesays.com\/es\/wp-json\/wp\/v2\/types\/post"}],"author":[{"embeddable":true,"href":"https:\/\/www.europesays.com\/es\/wp-json\/wp\/v2\/users\/2"}],"replies":[{"embeddable":true,"href":"https:\/\/www.europesays.com\/es\/wp-json\/wp\/v2\/comments?post=198479"}],"version-history":[{"count":0,"href":"https:\/\/www.europesays.com\/es\/wp-json\/wp\/v2\/posts\/198479\/revisions"}],"wp:featuredmedia":[{"embeddable":true,"href":"https:\/\/www.europesays.com\/es\/wp-json\/wp\/v2\/media\/198480"}],"wp:attachment":[{"href":"https:\/\/www.europesays.com\/es\/wp-json\/wp\/v2\/media?parent=198479"}],"wp:term":[{"taxonomy":"category","embeddable":true,"href":"https:\/\/www.europesays.com\/es\/wp-json\/wp\/v2\/categories?post=198479"},{"taxonomy":"post_tag","embeddable":true,"href":"https:\/\/www.europesays.com\/es\/wp-json\/wp\/v2\/tags?post=198479"}],"curies":[{"name":"wp","href":"https:\/\/api.w.org\/{rel}","templated":true}]}}