{"id":198493,"date":"2025-10-24T14:20:20","date_gmt":"2025-10-24T14:20:20","guid":{"rendered":"https:\/\/www.europesays.com\/es\/198493\/"},"modified":"2025-10-24T14:20:20","modified_gmt":"2025-10-24T14:20:20","slug":"a-que-hora-pelea-hoy-marlon-chito-vera-contra-aiemann-zahabi-en-el-ufc-fight-night-de-vancouver-donde-ver-en-vivo-la-cartelera-otros-deportes-deportes","status":"publish","type":"post","link":"https:\/\/www.europesays.com\/es\/198493\/","title":{"rendered":"A qu\u00e9 hora pelea hoy Marlon \u2018Chito\u2019 Vera contra Aiemann Zahabi en el UFC Fight Night de Vancouver: d\u00f3nde ver En Vivo la cartelera | Otros Deportes | Deportes"},"content":{"rendered":"<p class=\"text-left prose-text\"><b>Marlon <\/b><b>Chito <\/b><b>Vera<\/b> regresa al oct\u00e1gono este s\u00e1bado, 18 de octubre, para enfrentar al canadiense <b>Aiemann Zahabi<\/b> como parte de la cartelera estelar del <b>UFC Fight Night<\/b>, en Vancouver. <b>Su pelea est\u00e1 estimada para alrededor de las 19:30 (hora de Ecuador)<\/b>.<\/p>\n<p><a class=\"break-words\" href=\"https:\/\/www.eluniverso.com\/deportes\/otros-deportes\/en-vivo-marlon-chito-vera-vs-aiemann-zahabi-en-el-ufc-fight-night-de-vancouver-nota\/\" rel=\"nofollow noopener\" target=\"_blank\">[En vivo] Marlon \u2018Chito\u2019 Vera vs. Aiemann Zahabi en el UFC Fight Night de Vancouver<\/a><\/p>\n<p class=\"text-left prose-text\">La transmisi\u00f3n de la cartelera estelar arrancar\u00e1 a las <b>18:00 (hora Ecuador)<\/b>, dado que las preliminares comienzan m\u00e1s temprano.<\/p>\n<p class=\"text-left prose-text\">Vera llega despu\u00e9s de una <b>pausa prolongada<\/b>, m\u00e1s de un a\u00f1o sin acci\u00f3n en la UFC. Acumula <b>dos derrotas consecutivas<\/b>: ante <b>Deiveson Figueiredo<\/b> y frente a <b>Sean O\u2019Malley<\/b> (esta \u00faltima, en lucha por el t\u00edtulo).<\/p>\n<p><b>A qu\u00e9 hora ver En Vivo Marlon \u2018Chito\u2019 Vera vs. Aiemann Zahabi por el UFC Fight Night de Vancouver<\/b><\/p>\n<ul class=\"prose-list\">\n<li>17:30 &#8211; Los \u00c1ngeles<\/li>\n<li>18:30 &#8211; M\u00e9xico D. F. y Chicago<\/li>\n<li>19:30 &#8211; Ecuador, Colombia, Per\u00fa y Nueva York<\/li>\n<li>20:30 &#8211; Venezuela, Paraguay y Bolivia<\/li>\n<li>21:30 &#8211; Chile, Argentina, Uruguay y Brasil<\/li>\n<li>01:30 del s\u00e1bado &#8211; Londres<\/li>\n<li>02:30 del s\u00e1bado &#8211; Espa\u00f1a, Francia, Italia y Alemania<\/li>\n<li>03:30 del s\u00e1bado &#8211; Rusia<\/li>\n<\/ul>\n<p><b>D\u00f3nde ver Marlon \u2018Chito\u2019 Vera vs. Aiemann Zahabi<\/b><\/p>\n<ul class=\"prose-list\">\n<li><b>Fecha<\/b>: s\u00e1bado 18 de octubre <\/li>\n<li><b>Hora de inicio de la cartelera estelar<\/b>: 18:00 (hora de Ecuador)<\/li>\n<li><b>Lugar<\/b>: Rogers Arena, Vancouver, Canad\u00e1<\/li>\n<li><b>Transmiten: <\/b>ESPN, Disney+, UFC Fight Pass<\/li>\n<\/ul>\n<p><b>\u2018Streaming\u2019 para ver en vivo a Marlon \u2018Chito\u2019 Vera vs. Aiemann Zahabi por el UFC Fight Night de Vancouver<\/b><\/p>\n","protected":false},"excerpt":{"rendered":"Marlon Chito Vera regresa al oct\u00e1gono este s\u00e1bado, 18 de octubre, para enfrentar al canadiense Aiemann Zahabi como&hellip;\n","protected":false},"author":2,"featured_media":32752,"comment_status":"","ping_status":"","sticky":false,"template":"","format":"standard","meta":{"footnotes":""},"categories":[276],"tags":[168,25,24,23,167,343],"class_list":{"0":"post-198493","1":"post","2":"type-post","3":"status-publish","4":"format-standard","5":"has-post-thumbnail","7":"category-ufc","8":"tag-deportes","9":"tag-es","10":"tag-espana","11":"tag-spain","12":"tag-sports","13":"tag-ufc"},"share_on_mastodon":{"url":"https:\/\/pubeurope.com\/@es\/115429587242548300","error":""},"_links":{"self":[{"href":"https:\/\/www.europesays.com\/es\/wp-json\/wp\/v2\/posts\/198493","targetHints":{"allow":["GET"]}}],"collection":[{"href":"https:\/\/www.europesays.com\/es\/wp-json\/wp\/v2\/posts"}],"about":[{"href":"https:\/\/www.europesays.com\/es\/wp-json\/wp\/v2\/types\/post"}],"author":[{"embeddable":true,"href":"https:\/\/www.europesays.com\/es\/wp-json\/wp\/v2\/users\/2"}],"replies":[{"embeddable":true,"href":"https:\/\/www.europesays.com\/es\/wp-json\/wp\/v2\/comments?post=198493"}],"version-history":[{"count":0,"href":"https:\/\/www.europesays.com\/es\/wp-json\/wp\/v2\/posts\/198493\/revisions"}],"wp:featuredmedia":[{"embeddable":true,"href":"https:\/\/www.europesays.com\/es\/wp-json\/wp\/v2\/media\/32752"}],"wp:attachment":[{"href":"https:\/\/www.europesays.com\/es\/wp-json\/wp\/v2\/media?parent=198493"}],"wp:term":[{"taxonomy":"category","embeddable":true,"href":"https:\/\/www.europesays.com\/es\/wp-json\/wp\/v2\/categories?post=198493"},{"taxonomy":"post_tag","embeddable":true,"href":"https:\/\/www.europesays.com\/es\/wp-json\/wp\/v2\/tags?post=198493"}],"curies":[{"name":"wp","href":"https:\/\/api.w.org\/{rel}","templated":true}]}}