{"id":198498,"date":"2025-10-24T14:24:16","date_gmt":"2025-10-24T14:24:16","guid":{"rendered":"https:\/\/www.europesays.com\/es\/198498\/"},"modified":"2025-10-24T14:24:16","modified_gmt":"2025-10-24T14:24:16","slug":"no-hay-nada-que-celebrar","status":"publish","type":"post","link":"https:\/\/www.europesays.com\/es\/198498\/","title":{"rendered":"No hay nada que celebrar"},"content":{"rendered":"<p class=\"L6-news-detail__text\">Tras el Gran Premio de Estados Unidos en Austin, <b>Fernando Alonso<\/b> se congratul\u00f3 de haber sumado un punto con el noveno coche, lo que supuso un &#8216;palito&#8217; a <b>Aston Martin<\/b>.<\/p>\n<p class=\"L6-news-detail__text\"><b>Mike Krack<\/b>, jefe de pista de la escuder\u00eda, quiso restarle hierro a las palabras del asturiano y asegur\u00f3 que son<b> \u00abdemasiado autocr\u00edticos\u00bb.<\/b><\/p>\n<p class=\"L6-news-detail__text\">Y, efectivamente, a su llegada a M\u00e9xico Alonso ha mantenido la misma l\u00ednea cr\u00edtica dado el nivel mostrado esta temporada. <\/p>\n<p class=\"L6-news-detail__text\">\u00abSomos muy cr\u00edticos con nosotros mismos. Realmente <b>hemos estado rindiendo por debajo de nuestras posibilidades<\/b> b\u00e1sicamente durante todo el 2025&#8243;, se\u00f1al\u00f3 en declaraciones que publica &#8216;As&#8217;.<\/p>\n<p class=\"L6-news-detail__text\">De hecho cree que est\u00e1n lejos de poder lograr el objetivo que se establecieron a comienzos de a\u00f1o. <\/p>\n<p class=\"L6-news-detail__text\">\u00abCreo que si nos ponemos un list\u00f3n en febrero o marzo en la primera carrera del a\u00f1o y luego tenemos la temporada que hemos tenido, con algunos puntos bajos como equipo, pensaremos que <b>ha sido una temporada mala<\/b>\u00ab, se\u00f1al\u00f3.<\/p>\n<p class=\"L6-news-detail__text\">Es por ello que no se \u00abesconde el hecho de que <b>no somos suficientemente r\u00e1pidos\u00bb<\/b>.<\/p>\n<p class=\"L6-news-detail__text\">\u00abA veces son un par de puntos pero <b>no creo que sea nada para celebrar<\/b>. Ha sido una temporada dif\u00edcil y va a seguir ser as\u00ed\u00bb, zanj\u00f3 Fernando. <\/p>\n<p class=\"L6-support-news-video__title\">El Cafelito<\/p>\n<p>            <a href=\"https:\/\/www.lasexta.com\/noticias\/deportes\/futbol\/volveria-monchi-sevilla-respuesta-cafelito-pedrerol_2025102368fa4b1e147d304033e25622.html\" class=\"L6-news__link\" rel=\"nofollow noopener\" target=\"_blank\"><br \/>\n                \u00bfVolver\u00eda Monchi al Sevilla? Su respuesta en &#8216;El Cafelito&#8217; de Pedrerol<\/p>\n<p class=\"recirculation-video-desc\">El que fuera director deportivo del Sevilla dice que ahora es el momento de Antonio Cord\u00f3n: \u00abA m\u00ed lo que me apetece es que el Sevilla gane, que triunfe y que se consigan las cosas\u00bb.<\/p>\n<p>            <\/a><\/p>\n","protected":false},"excerpt":{"rendered":"Tras el Gran Premio de Estados Unidos en Austin, Fernando Alonso se congratul\u00f3 de haber sumado un punto&hellip;\n","protected":false},"author":2,"featured_media":198499,"comment_status":"","ping_status":"","sticky":false,"template":"","format":"standard","meta":{"footnotes":""},"categories":[270],"tags":[168,25,24,306,271,272,23,167],"class_list":{"0":"post-198498","1":"post","2":"type-post","3":"status-publish","4":"format-standard","5":"has-post-thumbnail","7":"category-formula-1","8":"tag-deportes","9":"tag-es","10":"tag-espana","11":"tag-f1","12":"tag-formula-1","13":"tag-formula1","14":"tag-spain","15":"tag-sports"},"share_on_mastodon":{"url":"https:\/\/pubeurope.com\/@es\/115429603409855142","error":""},"_links":{"self":[{"href":"https:\/\/www.europesays.com\/es\/wp-json\/wp\/v2\/posts\/198498","targetHints":{"allow":["GET"]}}],"collection":[{"href":"https:\/\/www.europesays.com\/es\/wp-json\/wp\/v2\/posts"}],"about":[{"href":"https:\/\/www.europesays.com\/es\/wp-json\/wp\/v2\/types\/post"}],"author":[{"embeddable":true,"href":"https:\/\/www.europesays.com\/es\/wp-json\/wp\/v2\/users\/2"}],"replies":[{"embeddable":true,"href":"https:\/\/www.europesays.com\/es\/wp-json\/wp\/v2\/comments?post=198498"}],"version-history":[{"count":0,"href":"https:\/\/www.europesays.com\/es\/wp-json\/wp\/v2\/posts\/198498\/revisions"}],"wp:featuredmedia":[{"embeddable":true,"href":"https:\/\/www.europesays.com\/es\/wp-json\/wp\/v2\/media\/198499"}],"wp:attachment":[{"href":"https:\/\/www.europesays.com\/es\/wp-json\/wp\/v2\/media?parent=198498"}],"wp:term":[{"taxonomy":"category","embeddable":true,"href":"https:\/\/www.europesays.com\/es\/wp-json\/wp\/v2\/categories?post=198498"},{"taxonomy":"post_tag","embeddable":true,"href":"https:\/\/www.europesays.com\/es\/wp-json\/wp\/v2\/tags?post=198498"}],"curies":[{"name":"wp","href":"https:\/\/api.w.org\/{rel}","templated":true}]}}