{"id":198508,"date":"2025-10-24T14:29:07","date_gmt":"2025-10-24T14:29:07","guid":{"rendered":"https:\/\/www.europesays.com\/es\/198508\/"},"modified":"2025-10-24T14:29:07","modified_gmt":"2025-10-24T14:29:07","slug":"las-bibliotecas-son-mas-que-almacenes-de-libros-ocio-y-cultura","status":"publish","type":"post","link":"https:\/\/www.europesays.com\/es\/198508\/","title":{"rendered":"Las bibliotecas son m\u00e1s que almacenes de libros | Ocio y cultura"},"content":{"rendered":"<p class=\"loc\">Las Pedro\u00f1eras<\/p>\n<p>Hoy, 24 de octubre, celebramos el D\u00eda Internacional de las bibliotecas.<\/p>\n<p>Que hoy se conmemore el d\u00eda de las bibliotecas no es casual. Se instaur\u00f3 el 24 de octubre para recordar que, en 1992, la Biblioteca Nacional de Sarajevo qued\u00f3 totalmente en ruinas por el conflicto de los Balcanes. Ahora es la Biblioteca Nacional y Universitaria de Bosnia y Herzegovina.<\/p>\n<p>Las bibliotecas son los faros de conocimiento en nuestros pueblos, esos refugios de la imaginaci\u00f3n que, en la era digital, siguen siendo m\u00e1s esenciales que nunca. Parafraseando a la gran Mar\u00eda Moliner, una biblioteca no es un lujo, sino una de las necesidades de la vida. Para celebrar este d\u00eda, en Hoy por Hoy Radio Azul hemos hablado con Mari Nieves Ruiz L\u00f3pez, bibliotecaria de Munera, que nos ha contado que las bibliotecas no son solo grandes almacenes de libros.<\/p>\n<p>Munera tiene unos 3.400 habitantes, un tama\u00f1o poblacional similar al de muchos otros municipios de nuestra comarca. Para los pueblos, tener un espacio como las bibliotecas es fundamental. En muchas ocasiones en los pueblos las bibliotecas tienen retos mayores que en las ciudades.<\/p>\n<p>En la biblioteca de Munera, adem\u00e1s de los prestamos de libros o los clubes de lectura, cuentan con servicio de internet o pr\u00e9stamo de audiovisuales. Adem\u00e1s, a lo largo del a\u00f1o tienen proyectos. Este a\u00f1o se ha llamado \u2018Biblioteca Refugio\u2019 y han obtenido con \u00e9l el su d\u00e9cimo premio Mar\u00eda Moliner. Dentro de este proyecto se han incluido todas las actividades que realizan como viajes literarios, encuentros con autores o la conmemoraci\u00f3n del 50 aniversario del concurso Molino de la Bella Quiteria.<\/p>\n<p>Ruiz L\u00f3pez tambi\u00e9n ha incluido las<a href=\"https:\/\/cadenaser.com\/castillalamancha\/2025\/01\/20\/la-biblioteca-refugio-de-munera-ensena-castellano-a-los-ninos-y-ninas-migrantes-radio-azul\/\" target=\"_blank\" rel=\"nofollow noopener\" title=\"https:\/\/cadenaser.com\/castillalamancha\/2025\/01\/20\/la-biblioteca-refugio-de-munera-ensena-castellano-a-los-ninos-y-ninas-migrantes-radio-azul\/\"> clases de apoyo con las que est\u00e1 ense\u00f1ando castellano a tres ni\u00f1os saharauis<\/a>. Empezaron hace pr\u00e1cticamente un a\u00f1o y la semana que viene retomar\u00e1n su integraci\u00f3n idiom\u00e1tica.<\/p>\n<p>Las bibliotecas, espacios de lectura, de aprendizaje y, sobre todo, de cultura.<\/p>\n<p>Escuche aqu\u00ed la entrevista completa<\/p>\n<p>El c\u00f3digo iframe se ha copiado en el portapapeles<\/p>\n<p class=\"tit\">Entrevista a Mari Nieves Ruiz L\u00f3pez, bibliotecaria de Munera (24\/10\/2025)<\/p>\n<p>00:00:0012:27<\/p>\n<p>FacebookTwitterLinkedinWhatsAppCerrar<\/p>\n","protected":false},"excerpt":{"rendered":"Las Pedro\u00f1eras Hoy, 24 de octubre, celebramos el D\u00eda Internacional de las bibliotecas. Que hoy se conmemore el&hellip;\n","protected":false},"author":2,"featured_media":198509,"comment_status":"","ping_status":"","sticky":false,"template":"","format":"standard","meta":{"footnotes":""},"categories":[172],"tags":[224,146,147,25,24,225,23],"class_list":{"0":"post-198508","1":"post","2":"type-post","3":"status-publish","4":"format-standard","5":"has-post-thumbnail","7":"category-libros","8":"tag-books","9":"tag-entertainment","10":"tag-entretenimiento","11":"tag-es","12":"tag-espana","13":"tag-libros","14":"tag-spain"},"share_on_mastodon":{"url":"https:\/\/pubeurope.com\/@es\/115429622751592363","error":""},"_links":{"self":[{"href":"https:\/\/www.europesays.com\/es\/wp-json\/wp\/v2\/posts\/198508","targetHints":{"allow":["GET"]}}],"collection":[{"href":"https:\/\/www.europesays.com\/es\/wp-json\/wp\/v2\/posts"}],"about":[{"href":"https:\/\/www.europesays.com\/es\/wp-json\/wp\/v2\/types\/post"}],"author":[{"embeddable":true,"href":"https:\/\/www.europesays.com\/es\/wp-json\/wp\/v2\/users\/2"}],"replies":[{"embeddable":true,"href":"https:\/\/www.europesays.com\/es\/wp-json\/wp\/v2\/comments?post=198508"}],"version-history":[{"count":0,"href":"https:\/\/www.europesays.com\/es\/wp-json\/wp\/v2\/posts\/198508\/revisions"}],"wp:featuredmedia":[{"embeddable":true,"href":"https:\/\/www.europesays.com\/es\/wp-json\/wp\/v2\/media\/198509"}],"wp:attachment":[{"href":"https:\/\/www.europesays.com\/es\/wp-json\/wp\/v2\/media?parent=198508"}],"wp:term":[{"taxonomy":"category","embeddable":true,"href":"https:\/\/www.europesays.com\/es\/wp-json\/wp\/v2\/categories?post=198508"},{"taxonomy":"post_tag","embeddable":true,"href":"https:\/\/www.europesays.com\/es\/wp-json\/wp\/v2\/tags?post=198508"}],"curies":[{"name":"wp","href":"https:\/\/api.w.org\/{rel}","templated":true}]}}