{"id":198553,"date":"2025-10-24T14:55:17","date_gmt":"2025-10-24T14:55:17","guid":{"rendered":"https:\/\/www.europesays.com\/es\/198553\/"},"modified":"2025-10-24T14:55:17","modified_gmt":"2025-10-24T14:55:17","slug":"black-phone-2-una-secuela-entre-el-sueno-y-la-pesadilla","status":"publish","type":"post","link":"https:\/\/www.europesays.com\/es\/198553\/","title":{"rendered":"&#8216;Black Phone 2&#8217;: una secuela entre el sue\u00f1o y la pesadilla"},"content":{"rendered":"<p><a class=\"v-mdl-ath__fig-a\" href=\"https:\/\/www.lasprovincias.es\/autor\/iker-cortes-110.html\" title=\"Iker Cort\u00e9s\" rel=\"nofollow noopener\" target=\"_blank\"><br \/>\n<img decoding=\"async\" class=\"v-mdl-ath__img\" src=\"https:\/\/www.europesays.com\/es\/wp-content\/uploads\/2025\/08\/autor-110-foto-2.jpeg\" alt=\"Iker Cort\u00e9s\"\/><br \/>\n<\/a><\/p>\n<p class=\"v-mdl-ath__p v-mdl-ath__p--6\">\nJueves, 23 de octubre 2025, 18:27<\/p>\n<p>| Actualizado 18:37h.<\/p>\n<p class=\"v-p\">Para Scott Derrickson fue \u00absumamente gratificante\u00bb que los espectadores acogieran tan bien &#8216;Black Phone&#8217; cuando se estren\u00f3 en 2022. Basada en un relato de Joe Hill, la pel\u00edcula, que colocaba a Ethan Hawke en el papel del Captor, un s\u00e1dico asesino que encierra a ni\u00f1os en un s\u00f3tano insonorizado, recaud\u00f3 160 millones de d\u00f3lares en todo el mundo. \u00abMucho de ella -deja caer en las notas de producci\u00f3n- ven\u00eda de mi infancia, y que ciertas emociones personales conectaran con tanta gente, sobre todo j\u00f3venes, dio sentido a algunos de mis recuerdos m\u00e1s oscuros. En cierto modo, sent\u00ed que todo ten\u00eda un prop\u00f3sito\u00bb.<\/p>\n<p class=\"v-p\">El \u00e9xito de la entrega original, a caballo entre el terror sobrenatural y un inquietante realismo, pronto hizo pensar en la posibilidad de una segunda entrega, aunque \u00aben ning\u00fan momento me pareci\u00f3 que Black Phone estuviera inacabada\u00bb, apunta el director de t\u00edtulos como &#8216;Sinister&#8217; o &#8216;Doctor Strange&#8217;. Un correo electr\u00f3nico de Joe Hill con un concepto b\u00e1sico \u00abgenial\u00bb para la misma -el Captor quiere vengarse de Finn y llama desde la tumba- le hizo cambiar de opini\u00f3n a un cineasta que hasta el momento no hab\u00eda dirigido una secuela. \u00abMe di cuenta de que si esperaba unos a\u00f1os, hasta que los personajes fueran un poco mayores, los protagonistas pod\u00edan ser chicos que ya van al instituto. La historia de Finn y de Gwen merecer\u00eda ser contada de nuevo\u00bb, relata.<\/p>\n<p><img decoding=\"async\" loading=\"lazy\" src=\"https:\/\/www.europesays.com\/es\/wp-content\/uploads\/2025\/10\/2596_D032_00024R_CROP-kWxE-U2303458787503Sx-650x455@RC.jpg\" class=\"v-a-img\" width=\"650\" height=\"455\" alt=\"Scott Derrickson da indicaciones a Madeleine McGraw.\" data-voc-vtm-id=\"in-text-traffic\"\/><\/p>\n<p>Scott Derrickson da indicaciones a Madeleine McGraw.<\/p>\n<p><img loading=\"lazy\" decoding=\"async\" src=\"https:\/\/www.europesays.com\/es\/wp-content\/uploads\/2025\/10\/2596_D032_00024R_CROP-kWxE-U23034587875037M-1920x1344@RC.jpg\" class=\"v-mdl__img-z\" width=\"1920\" height=\"1344\" alt=\"\"\/><\/p>\n<p class=\"v-p\">Hace cuatro a\u00f1os que Finn logr\u00f3 acabar con el Captor gracias, en parte, a las llamadas que recibi\u00f3 en aquel l\u00fagubre s\u00f3tano de anteriores v\u00edctimas, sin embargo el tel\u00e9fono no ha cesado de sonar desde entonces. &#8216;Black Phone 2&#8217;, que desembarca este viernes en las salas de cine, arranca tambi\u00e9n con un telefonazo: el que marca Hope Adler desde Alpine Lake, un campamento cristiano situado en las monta\u00f1as rocosas de Colorado que ech\u00f3 el cierre a finales de los cincuenta. Corre el a\u00f1o 1957 y Hope no sabe a qui\u00e9n est\u00e1 llamando, pero los n\u00fameros que ha marcado son los que unos ni\u00f1os, que se le aparecen en unos extra\u00f1os sue\u00f1os, est\u00e1n dibujando bajo la capa helada del lago. La acci\u00f3n salta entonces a 1982. El trauma del cautiverio no deja de hacer mella en Finn, de 17 a\u00f1os, que se coloca con mar\u00eda para tratar de escapar de la muerte de su buen amigo Robin y de unas llamadas que no dejan de asediarle.<\/p>\n<p>Tres fotogramas de la pel\u00edcula.<\/p>\n<p><img decoding=\"async\" loading=\"lazy\" src=\"https:\/\/www.europesays.com\/es\/wp-content\/uploads\/2025\/10\/2596_D010_00247R-kWxE--1200x841@RC.jpg\" class=\"v-mdl__img-z\" width=\"1200\" height=\"841\" alt=\"Imagen principal - Tres fotogramas de la pel\u00edcula.\"\/><\/p>\n<p><img decoding=\"async\" loading=\"lazy\" src=\"https:\/\/www.europesays.com\/es\/wp-content\/uploads\/2025\/10\/2596_D010_00108R-kWxE--1200x851@RC.jpg\" class=\"v-mdl__img-z\" width=\"1200\" height=\"851\" alt=\"Imagen secundaria 1 - Tres fotogramas de la pel\u00edcula.\"\/><\/p>\n<p><img decoding=\"async\" loading=\"lazy\" src=\"https:\/\/www.europesays.com\/es\/wp-content\/uploads\/2025\/10\/2596_D008_00543R-kWxE--711x841@RC.jpg\" class=\"v-mdl__img-z\" width=\"711\" height=\"841\" alt=\"Imagen secundaria 2 - Tres fotogramas de la pel\u00edcula.\"\/><\/p>\n<p class=\"v-p\">No es el \u00fanico con problemas. Mientras lidia con el acoso de algunas de sus compa\u00f1eras de clase, Gwen, la hermana peque\u00f1a de Finn (Madeleine McGraw), est\u00e1 empezando a experimentar una serie de pesadillas donde ve a ni\u00f1os que corren aterrorizados bajo una intensa nieve hasta que, finalmente, son descuartizados. Los sue\u00f1os acaban con los peque\u00f1os dibujando unas iniciales, nuevamente bajo la capa de hielo del lago. El problema es que las pesadillas son cada vez m\u00e1s reales y aterradoras. Con el fin de acabar de una vez por todas con la maldici\u00f3n la joven de 15 a\u00f1os convencer\u00e1 a su hermano y a Ernesto, un potencial noviete, para viajar hasta Alpine Lake y resolver el misterio.<\/p>\n<p class=\"v-p\">Sobre estas ra\u00edces crece una segunda entrega que, adem\u00e1s de mirarse en la primera parte, toma ideas prestadas de franquicias tan queridas como &#8216;Pesadilla en Elm Street&#8217;. Porque s\u00ed, las amenazas que Gwen recibe en sus sue\u00f1os pueden acabar cost\u00e1ndole la vida y dar\u00e1n pie a elementos que ya hemos visto en otros cl\u00e1sicos del g\u00e9nero. \u00abEstoy seguro de que todas las pel\u00edculas de terror que vi en los a\u00f1os 80 siguen influy\u00e9ndome de forma inevitable e invasiva. &#8216;Pesadilla en Elm Street&#8217; es la m\u00e1s obvia, y tambi\u00e9n, claro, algunas de las im\u00e1genes clave de la mucho m\u00e1s oscura &#8216;Cortinas&#8217;. Para quien haya vista esta \u00faltima, el homenaje es claro y descarado\u00bb, reconoce el realizador.<\/p>\n<p>Decisiones fallidas<\/p>\n<p class=\"v-p\">Sin embargo, a diferencia de la saga alumbrada por Wes Craven, en &#8216;Black Phone 2&#8217; no se juega a difuminar la frontera entre el sue\u00f1o y la realidad, al contrario. El cineasta ha apostado por el Super 8 para desarrollar los fragmentos en los que Gwen sue\u00f1a, buscando sus imperfecciones, su inestabilidad y el sonido que hace la cinta al arrastrarse. \u00abVibra y proporciona aberraciones visuales totalmente impredecibles, para bien y para mal, en el revelado. Me parece inquietante\u00bb, se\u00f1ala Derrickson. Son quiz\u00e1 las partes m\u00e1s interesantes de una pel\u00edcula entretenida, pero no tan disfrutable como la primera. La cinta, adem\u00e1s, falla al decidir, por ejemplo, cambiar las reglas en un momento determinado o en la previsible, y un poquito rid\u00edcula, secuencia de &#8216;terapia grupal&#8217; donde se vislumbra el camino hacia el final y se explicita el tema de toda la pel\u00edcula: ese pecado y ese trauma que se traspasa de padres a hijos y, en este caso, tambi\u00e9n a hermanos.<\/p>\n<p>Reporta un error<\/p>\n","protected":false},"excerpt":{"rendered":"Jueves, 23 de octubre 2025, 18:27 | Actualizado 18:37h. Para Scott Derrickson fue \u00absumamente gratificante\u00bb que los espectadores&hellip;\n","protected":false},"author":2,"featured_media":198554,"comment_status":"","ping_status":"","sticky":false,"template":"","format":"standard","meta":{"footnotes":""},"categories":[169],"tags":[1057,177,146,147,25,24,176,175,4626,9629,157,23,3466],"class_list":{"0":"post-198553","1":"post","2":"type-post","3":"status-publish","4":"format-standard","5":"has-post-thumbnail","7":"category-cine","8":"tag-black","9":"tag-cine","10":"tag-entertainment","11":"tag-entretenimiento","12":"tag-es","13":"tag-espana","14":"tag-film","15":"tag-movies","16":"tag-pesadilla","17":"tag-phone","18":"tag-secuela","19":"tag-spain","20":"tag-sueno"},"share_on_mastodon":{"url":"https:\/\/pubeurope.com\/@es\/115429725233129116","error":""},"_links":{"self":[{"href":"https:\/\/www.europesays.com\/es\/wp-json\/wp\/v2\/posts\/198553","targetHints":{"allow":["GET"]}}],"collection":[{"href":"https:\/\/www.europesays.com\/es\/wp-json\/wp\/v2\/posts"}],"about":[{"href":"https:\/\/www.europesays.com\/es\/wp-json\/wp\/v2\/types\/post"}],"author":[{"embeddable":true,"href":"https:\/\/www.europesays.com\/es\/wp-json\/wp\/v2\/users\/2"}],"replies":[{"embeddable":true,"href":"https:\/\/www.europesays.com\/es\/wp-json\/wp\/v2\/comments?post=198553"}],"version-history":[{"count":0,"href":"https:\/\/www.europesays.com\/es\/wp-json\/wp\/v2\/posts\/198553\/revisions"}],"wp:featuredmedia":[{"embeddable":true,"href":"https:\/\/www.europesays.com\/es\/wp-json\/wp\/v2\/media\/198554"}],"wp:attachment":[{"href":"https:\/\/www.europesays.com\/es\/wp-json\/wp\/v2\/media?parent=198553"}],"wp:term":[{"taxonomy":"category","embeddable":true,"href":"https:\/\/www.europesays.com\/es\/wp-json\/wp\/v2\/categories?post=198553"},{"taxonomy":"post_tag","embeddable":true,"href":"https:\/\/www.europesays.com\/es\/wp-json\/wp\/v2\/tags?post=198553"}],"curies":[{"name":"wp","href":"https:\/\/api.w.org\/{rel}","templated":true}]}}