{"id":198581,"date":"2025-10-24T15:13:15","date_gmt":"2025-10-24T15:13:15","guid":{"rendered":"https:\/\/www.europesays.com\/es\/198581\/"},"modified":"2025-10-24T15:13:15","modified_gmt":"2025-10-24T15:13:15","slug":"el-arte-de-elevar-lo-cotidiano-con-moda-espanola","status":"publish","type":"post","link":"https:\/\/www.europesays.com\/es\/198581\/","title":{"rendered":"el arte de elevar lo cotidiano con moda espa\u00f1ola"},"content":{"rendered":"<p id=\"exDs0AiuN9\" data-wc=\"94\">Estamos inmersas en la rutina y ya con ganas de que lleguen las vacaciones de Navidad -s\u00ed, sabemos que a\u00fan queda mucho-, pero las salidas con amigas despu\u00e9s del trabajo lo son todo para recargar los \u00e1nimos para el resto de la semana. <a class=\"hm-link hf-link\" href=\"https:\/\/www.hola.com\/fashion\/20250616838297\/andrea-pascual-vestido-invitada-rojo-volantes-boda-costa-brava\/\" data-mrf-recirculation=\"article-body-link\" rel=\"nofollow noopener\" target=\"_blank\">Andrea Pascual<\/a><strong>\u00a0y\u00a0<\/strong><a class=\"hm-link hf-link\" href=\"https:\/\/www.hola.com\/hola-living\/20240904715914\/maria-vega-penichet-fierro-apartamento-chamberi\/\" data-mrf-recirculation=\"article-body-link\" rel=\"nofollow noopener\" target=\"_blank\">Mar\u00eda Vega-Penichet<\/a>, que adem\u00e1s de amigas son compa\u00f1eras en Kimomi Comunicaci\u00f3n, lo saben bien. Aunque est\u00e9n acostumbradas a organizar eventos de moda para firmas destacadas de nuestro pa\u00eds, rara vez las vemos desenvolverse en un ambiente m\u00e1s \u00edntimo y, como era de esperarse, nos conquistaron con sus looks.\u00a0<\/p>\n<p> <img src=\"https:\/\/www.europesays.com\/es\/wp-content\/uploads\/2025\/10\/4343f1ae8c4d-oq8a8901.jpg\"   width=\"682\" height=\"1024\" loading=\"lazy\" decoding=\"async\" alt=\"look de Andrea y Mar\u00eda Vega Penichet en una reuni\u00f3n de amigas en Madrid\" fetchpriority=\"auto\" class=\"image hf-image\"\/>\u00a9 studiomancarebe<br \/>\nAndrea Pascual y Mar\u00eda Vega-Penichet, de cena con amigas en Madrid<\/p>\n<p id=\"emgjK_Q4f4\" data-wc=\"69\">Tanto Andrea, <a class=\"hm-link hf-link\" href=\"https:\/\/www.hola.com\/actualidad\/20250101737965\/andrea-pascual-fiesta-navidad-invitadas-vip\/\" data-mrf-recirculation=\"article-body-link\" rel=\"nofollow noopener\" target=\"_blank\">mujer de Beltr\u00e1n G\u00f3mez-Acebo<\/a>, sobrino de Juan Carlos I, como Mar\u00eda, que es descendiente de una saga de banqueros y abogados, mantienen un perfil m\u00e1s discreto en lo personal, y es por eso que nos fascina descubrir nuevas facetas de ellas. Juntas, forman parte del <a class=\"hm-link hf-link\" href=\"https:\/\/www.hola.com\/fashion\/20250611837179\/vestido-estampado-invitada-embarazada-boda-marbella\/\" data-mrf-recirculation=\"article-body-link\" rel=\"nofollow noopener\" target=\"_blank\">exclusivo c\u00edrculo de la alta sociedad madrile\u00f1a<\/a>, pero son contadas sus apariciones en eventos medi\u00e1ticos. Son m\u00e1s de cenas peque\u00f1as, con amigas,<\/p>\n<p id=\"eay7tyds4_\" data-wc=\"80\">Andrea opt\u00f3 por darle <a class=\"hm-link hf-link\" href=\"https:\/\/www.hola.com\/fashion\/20251006858335\/como-vestir-de-lunes-a-domingo-con-blazer\/\" data-mrf-recirculation=\"article-body-link\" rel=\"nofollow noopener\" target=\"_blank\">un giro al uniforme cl\u00e1sico de lunes a viernes<\/a>, que generalmente consiste en <strong>una camisa blanca<\/strong>, pantalones sastre y una blazer negra. En su caso, s\u00ed que incorpor\u00f3 una camisa, de Uniqlo, pero combinada con <strong>unos leggings capri que ten\u00eda en su armario<\/strong> y sandalias negras de tac\u00f3n, de Bimani, sustituyendo la t\u00edpica americana por una <strong>chaqueta bomber de piel<\/strong>, de Massimo Dutti, que consolida la est\u00e9tica &#8216;retro&#8217;, y a la vez supertendencia, de su look.\u00a0<\/p>\n<p> <img src=\"https:\/\/www.europesays.com\/es\/wp-content\/uploads\/2025\/10\/8c314aa47700-oq8a9130.jpg\"   width=\"682\" height=\"1024\" loading=\"lazy\" decoding=\"async\" alt=\"look de Andrea y Mar\u00eda Vega Penichet en una reuni\u00f3n de amigas en Madrid\" fetchpriority=\"auto\" class=\"image hf-image\"\/>\u00a9 studiomancarebe<\/p>\n<p id=\"epoD2p4cD8f\" data-wc=\"51\">Para llevar todas sus cosas, eligi\u00f3 el modelo Carolina Shoulder Bag, de Lonbali (375 euros), que est\u00e1 realizado en Espa\u00f1a utilizando piel de vacuno de primera calidad con paneles en verde oliva que le dan ese punto diferenciador. Su dise\u00f1o estructurado, con gui\u00f1os a la arquitectura contempor\u00e1nea, resulta elegante, pero pr\u00e1ctico.<\/p>\n<p id=\"eYG-pMSm2cR\" data-wc=\"56\">Las joyas tampoco pasaron desapercibidas para nosotras, pues llevan la firma de So-Le Studio, un sello fundado por Maria Sole Ferragamo, heredera del linaje de moda italiana que le da su apellido materno. Su misi\u00f3n es transformar materiales sobrantes, como el cuero o el lat\u00f3n, en piezas esculturales, las cuales se elaboran enteramente en la Toscana.\u00a0<\/p>\n<p> <img src=\"https:\/\/www.europesays.com\/es\/wp-content\/uploads\/2025\/10\/a5d3f397ee19-oq8a8958.jpg\"   width=\"1024\" height=\"682\" loading=\"lazy\" decoding=\"async\" alt=\"look de Andrea y Mar\u00eda Vega Penichet en una reuni\u00f3n de amigas en Madrid\" fetchpriority=\"auto\" class=\"image hf-image\"\/>\u00a9 studiomancarebeMar\u00eda Vega-Penichet, Alejandra Dom\u00ednguez-Gila y Luc\u00eda Cuesta<\/p>\n<p id=\"e1FZ1n8XrwI\" data-wc=\"66\">Mar\u00eda, por su parte, decidi\u00f3 rescatar <strong>un vestido midi estampado de flores en tonos azulados, de\u00a0<\/strong><a class=\"hm-link hf-link\" href=\"https:\/\/www.hola.com\/fashion\/20251024863346\/jerseis-espanoles-favoritos-de-princesa-noruega-zara-mango\/\" data-mrf-recirculation=\"article-body-link\" rel=\"nofollow noopener\" target=\"_blank\">Zara<\/a>, con mangas abullonadas y volantes sobre el cuello. Por su versatilidad, fue un flechazo a primera vista y quisimos correr a comprarlo; sin embargo, una b\u00fasqueda r\u00e1pida nos confirm\u00f3 que era parte de una colecci\u00f3n anterior del gigante de Inditex y que su precio original era de 29,95 euros.\u00a0<\/p>\n<p> <img src=\"https:\/\/www.europesays.com\/es\/wp-content\/uploads\/2025\/10\/36d3265c3132-oq8a8430.jpg\"   width=\"682\" height=\"1024\" loading=\"lazy\" decoding=\"async\" alt=\"look de Andrea y Mar\u00eda Vega Penichet en una reuni\u00f3n de amigas en Madrid\" fetchpriority=\"auto\" class=\"image hf-image\"\/>\u00a9 studiomancarebe<\/p>\n<p id=\"e8cgCJ4Ebs\" data-wc=\"97\">El t\u00e1ndem de vestido con <a class=\"hm-link hf-link\" href=\"https:\/\/www.hola.com\/fashion\/20251023863338\/zara-botines-tacon-comodo-chicas-bajas\/\" data-mrf-recirculation=\"article-body-link\" rel=\"nofollow noopener\" target=\"_blank\">botas de ca\u00f1a alta en la temporada Oto\u00f1o\/Invierno<\/a> es siempre un acierto, ya que permite seguir usando vestidos cuando hace fr\u00edo y, al tiempo, alarga las piernas a simple vista. La licenciada en Marketing y Publicidad seleccion\u00f3 unas botas negras de aspecto ecuestre, de la francesa Isabel Marant, y, para rematar, <strong>marc\u00f3 su figura con un cintur\u00f3n de piel<\/strong> con hebilla dorada, de Balte\u012b Stud\u012bo. Doble beneficio en un mismo estilismo y sin hacer apenas esfuerzo. Complet\u00f3 el look con el mismo bolso de Lonbali que su amiga, pero en color negro.\u00a0<\/p>\n<p> <img src=\"https:\/\/www.europesays.com\/es\/wp-content\/uploads\/2025\/10\/47eac5ca1e18-oq8a8455.jpg\"   width=\"1080\" height=\"1080\" loading=\"lazy\" decoding=\"async\" alt=\"look de Andrea y Mar\u00eda Vega Penichet en una reuni\u00f3n de amigas en Madrid\" fetchpriority=\"auto\" class=\"image hf-image\"\/>\u00a9 studiomancarebe<\/p>\n<p id=\"egNuM5wVtBs\" data-wc=\"58\">No en vano son expertas en comunicaci\u00f3n y ayudan a distintas firmas a expandirse y darse a conocer. Saben c\u00f3mo <a class=\"hm-link hf-link\" href=\"https:\/\/www.hola.com\/fashion\/20251021862835\/camiseta-blanca-looks-otono-estilo-frio\/\" data-mrf-recirculation=\"article-body-link\" rel=\"nofollow noopener\" target=\"_blank\">potenciar b\u00e1sicos y sacar provecho a piezas sencillas<\/a> mediante combinaciones inesperadas y favorecedoras. Asimismo, dan protagonismo al <a class=\"hm-link hf-link\" href=\"https:\/\/www.hola.com\/fashion\/20250924856284\/bolsos-xl-made-in-spain\/\" data-mrf-recirculation=\"article-body-link\" rel=\"nofollow noopener\" target=\"_blank\">made in Spain<\/a>, incorporando accesorios y prendas espec\u00edficas de firmas internacionales que sumen y refuercen esa sofisticaci\u00f3n propia de nuestra moda.\u00a0<\/p>\n<p>  <img src=\"https:\/\/www.europesays.com\/es\/wp-content\/uploads\/2025\/10\/edd186d2fc0a-oq8a8412.jpg\"   width=\"1080\" height=\"1800\" loading=\"lazy\" decoding=\"async\" alt=\"look de Andrea y Mar\u00eda Vega Penichet en una reuni\u00f3n de amigas en Madrid\" fetchpriority=\"auto\" class=\"image hf-image\"\/>\u00a9 studiomancarebe<\/p>\n<p>  <img src=\"https:\/\/www.europesays.com\/es\/wp-content\/uploads\/2025\/10\/551a95d38b95-oq8a8408.jpg\"   width=\"1080\" height=\"1800\" loading=\"lazy\" decoding=\"async\" alt=\"look de Andrea y Mar\u00eda Vega Penichet en una reuni\u00f3n de amigas en Madrid\" fetchpriority=\"auto\" class=\"image hf-image\"\/>\u00a9 studiomancarebe<\/p>\n<p id=\"ejmcEVkOHt\" data-wc=\"52\">El hecho de que Andrea y Mar\u00eda hayan combinado prendas de nueva temporada con otras que hab\u00edan comprado hace tiempo delata <a class=\"hm-link hf-link\" href=\"https:\/\/www.hola.com\/fashion\/20251005858996\/pantalones-basicos-zara-otono\/\" data-mrf-recirculation=\"article-body-link\" rel=\"nofollow noopener\" target=\"_blank\">la importancia de tener un buen fondo de armario<\/a>, lleno de b\u00e1sicos que no pasan de moda y que valen para d\u00edas intensos de trabajo y noches de diversi\u00f3n con amigas.<\/p>\n","protected":false},"excerpt":{"rendered":"Estamos inmersas en la rutina y ya con ganas de que lleguen las vacaciones de Navidad -s\u00ed, sabemos&hellip;\n","protected":false},"author":2,"featured_media":198582,"comment_status":"","ping_status":"","sticky":false,"template":"","format":"standard","meta":{"footnotes":""},"categories":[174],"tags":[425,255,146,147,25,24,256,46876,10,23],"class_list":{"0":"post-198581","1":"post","2":"type-post","3":"status-publish","4":"format-standard","5":"has-post-thumbnail","7":"category-famosos","8":"tag-hola-fashion","9":"tag-celebrities","10":"tag-entertainment","11":"tag-entretenimiento","12":"tag-es","13":"tag-espana","14":"tag-famosos","15":"tag-moda-otono-invierno","16":"tag-noticias","17":"tag-spain"},"share_on_mastodon":{"url":"https:\/\/pubeurope.com\/@es\/115429796401143146","error":""},"_links":{"self":[{"href":"https:\/\/www.europesays.com\/es\/wp-json\/wp\/v2\/posts\/198581","targetHints":{"allow":["GET"]}}],"collection":[{"href":"https:\/\/www.europesays.com\/es\/wp-json\/wp\/v2\/posts"}],"about":[{"href":"https:\/\/www.europesays.com\/es\/wp-json\/wp\/v2\/types\/post"}],"author":[{"embeddable":true,"href":"https:\/\/www.europesays.com\/es\/wp-json\/wp\/v2\/users\/2"}],"replies":[{"embeddable":true,"href":"https:\/\/www.europesays.com\/es\/wp-json\/wp\/v2\/comments?post=198581"}],"version-history":[{"count":0,"href":"https:\/\/www.europesays.com\/es\/wp-json\/wp\/v2\/posts\/198581\/revisions"}],"wp:featuredmedia":[{"embeddable":true,"href":"https:\/\/www.europesays.com\/es\/wp-json\/wp\/v2\/media\/198582"}],"wp:attachment":[{"href":"https:\/\/www.europesays.com\/es\/wp-json\/wp\/v2\/media?parent=198581"}],"wp:term":[{"taxonomy":"category","embeddable":true,"href":"https:\/\/www.europesays.com\/es\/wp-json\/wp\/v2\/categories?post=198581"},{"taxonomy":"post_tag","embeddable":true,"href":"https:\/\/www.europesays.com\/es\/wp-json\/wp\/v2\/tags?post=198581"}],"curies":[{"name":"wp","href":"https:\/\/api.w.org\/{rel}","templated":true}]}}