{"id":198585,"date":"2025-10-24T15:15:32","date_gmt":"2025-10-24T15:15:32","guid":{"rendered":"https:\/\/www.europesays.com\/es\/198585\/"},"modified":"2025-10-24T15:15:32","modified_gmt":"2025-10-24T15:15:32","slug":"un-librito-para-una-gran-conmemoracion","status":"publish","type":"post","link":"https:\/\/www.europesays.com\/es\/198585\/","title":{"rendered":"Un librito para una gran conmemoraci\u00f3n"},"content":{"rendered":"<p>Los Estados Unidos estar\u00e1n conmemorando pronto sus 250 a\u00f1os de independencia.<\/p>\n<p>Ser\u00e1n momentos de reflexi\u00f3n para muchos, enfrentados a una crisis extraordinaria de la democracia. Con ecos globales, por el papel dominante que el pa\u00eds del norte ejerce en los destinos mundiales.<\/p>\n<p>El examen introspectivo se volcar\u00e1 sobre sus textos fundamentales, como la Declaraci\u00f3n de Independencia del 4 de julio de 1776, documento de enormes ramificaciones (David Hermitage, The Declaration of Independence. A Global History).<\/p>\n<p>Su Constituci\u00f3n (1789) ser\u00e1 tambi\u00e9n referencia obligada. Como lo ser\u00e1n los Papeles del federalista, los escritos de Alexander Hamilton, John Jay y James Madison entre 1787 y 1788, que sometieron sus nacientes instituciones a serio escrutinio. Compilados en un solo volumen, estos ensayos forman parte de una especie de jurisprudencia sobre el funcionamiento del gobierno representativo.<\/p>\n<p>La literatura sobre el tema es descomunal. Las biograf\u00edas sobre los \u201cpadres fundadores\u201d siguen apareciendo casi sin descanso.<\/p>\n<p>Una conmemoraci\u00f3n de tanto significado no puede limitarse a lo sucedido, ni a lo escrito, en 1776. Algunos desempolvar\u00e1n de sus estantes la obra cl\u00e1sica de Alexis de Tocqueville Democracia en Am\u00e9rica, publicada originalmente en dos tomos, 1835 y 1840, respectivamente, hito importante en las ciencias sociales en el mundo moderno.<\/p>\n<p>El librito de Camp podr\u00eda tener mayor resonancia en Colombia, pues se public\u00f3 en Bogot\u00e1, primero de manera seriada en la prensa oficial, y luego como libro en 1852, traducido por el educador y l\u00edder liberal Lorenzo Mar\u00eda Lleras.<\/p>\n<p>En estos d\u00edas me ha tocado repasar un librito hoy bastante olvidado, que quiz\u00e1s sea rescatado en las conmemoraciones que se anuncian.<\/p>\n<p>Se public\u00f3 en Nueva York en 1841, en una colecci\u00f3n de Biblioteca para la Familia, para que estuviese a la mano de todos los ciudadanos. Llevaba un t\u00edtulo muy sencillo: Democracy. Su autor, George Sidney Camp (1816-1888), naci\u00f3 en el pueblito de Owego, estudi\u00f3 leyes en las universidades de Yale y Nueva York y, tras practicar la profesi\u00f3n, se retir\u00f3 a su lugar natal, donde se ocup\u00f3 de labores ganaderas.<\/p>\n<p>El librito de Camp podr\u00eda tener mayor resonancia en Colombia, pues se public\u00f3 en Bogot\u00e1, primero de manera seriada en la prensa oficial, y luego como libro en 1852, traducido por el educador y l\u00edder liberal Lorenzo Mar\u00eda Lleras, tambi\u00e9n con su t\u00edtulo sencillo, Democracia.<\/p>\n<p>Es dif\u00edcil encontrar hoy referencias a Camp. \u201cUn escritor oscuro\u201d: es la descripci\u00f3n que lo retrata en una tesis de grado in\u00e9dita. Entre los pocos registros que he logrado identificar, algunos lo reconocen como un \u201cte\u00f3rico de la democracia\u201d. As\u00ed lo recibieron varios comentaristas contempor\u00e1neos al rese\u00f1ar su libro en la d\u00e9cada de 1840.<\/p>\n<p>Camp se present\u00f3 al p\u00fablico con las credenciales de ser el primer \u201camericano\u201d en estudiar el sistema de los Estados Unidos, frente al dominio de la materia por un franc\u00e9s, Tocqueville. Pero quiso tambi\u00e9n desafiar a otros te\u00f3ricos m\u00e1s cl\u00e1sicos entonces sobre las teor\u00edas de gobierno, al defender la \u201csuperioridad\u201d de la democracia estadounidense por encima de otras formas de gobierno. Para Camp, adem\u00e1s, la democracia era una promesa universal, a la que todos los pueblos del mundo podr\u00edan aspirar. Camp, parece, propag\u00f3 cierta \u201cfe democr\u00e1tica\u201d, una especie de religi\u00f3n secular extendida a trav\u00e9s de varias generaciones.<\/p>\n<p>Dos de sus cap\u00edtulos llaman mi atenci\u00f3n. El uno, donde refuta los temores de Tocqueville frente a la \u201ctiran\u00eda de las mayor\u00edas\u201d. Seg\u00fan Camp, ello no puede ocurrir en Estados Unidos por la existencia de instituciones que lo impiden y por las costumbres del pueblo americano. El otro, cuando defiende a los immigrantes y la tolerancia religiosa como elementos esenciales de la Constituci\u00f3n norteamericana.<\/p>\n<p>El librito de Camp podr\u00eda motivar muchas reflexiones para esta gran conmemoraci\u00f3n que se avecina.<\/p>\n","protected":false},"excerpt":{"rendered":"Los Estados Unidos estar\u00e1n conmemorando pronto sus 250 a\u00f1os de independencia. Ser\u00e1n momentos de reflexi\u00f3n para muchos, enfrentados&hellip;\n","protected":false},"author":2,"featured_media":198586,"comment_status":"","ping_status":"","sticky":false,"template":"","format":"standard","meta":{"footnotes":""},"categories":[172],"tags":[224,4875,146,147,25,24,629,3833,225,11602,23],"class_list":{"0":"post-198585","1":"post","2":"type-post","3":"status-publish","4":"format-standard","5":"has-post-thumbnail","7":"category-libros","8":"tag-books","9":"tag-democracia","10":"tag-entertainment","11":"tag-entretenimiento","12":"tag-es","13":"tag-espana","14":"tag-estados-unidos","15":"tag-independencia","16":"tag-libros","17":"tag-reflexiones","18":"tag-spain"},"share_on_mastodon":{"url":"https:\/\/pubeurope.com\/@es\/115429803695998463","error":""},"_links":{"self":[{"href":"https:\/\/www.europesays.com\/es\/wp-json\/wp\/v2\/posts\/198585","targetHints":{"allow":["GET"]}}],"collection":[{"href":"https:\/\/www.europesays.com\/es\/wp-json\/wp\/v2\/posts"}],"about":[{"href":"https:\/\/www.europesays.com\/es\/wp-json\/wp\/v2\/types\/post"}],"author":[{"embeddable":true,"href":"https:\/\/www.europesays.com\/es\/wp-json\/wp\/v2\/users\/2"}],"replies":[{"embeddable":true,"href":"https:\/\/www.europesays.com\/es\/wp-json\/wp\/v2\/comments?post=198585"}],"version-history":[{"count":0,"href":"https:\/\/www.europesays.com\/es\/wp-json\/wp\/v2\/posts\/198585\/revisions"}],"wp:featuredmedia":[{"embeddable":true,"href":"https:\/\/www.europesays.com\/es\/wp-json\/wp\/v2\/media\/198586"}],"wp:attachment":[{"href":"https:\/\/www.europesays.com\/es\/wp-json\/wp\/v2\/media?parent=198585"}],"wp:term":[{"taxonomy":"category","embeddable":true,"href":"https:\/\/www.europesays.com\/es\/wp-json\/wp\/v2\/categories?post=198585"},{"taxonomy":"post_tag","embeddable":true,"href":"https:\/\/www.europesays.com\/es\/wp-json\/wp\/v2\/tags?post=198585"}],"curies":[{"name":"wp","href":"https:\/\/api.w.org\/{rel}","templated":true}]}}