{"id":198605,"date":"2025-10-24T15:25:08","date_gmt":"2025-10-24T15:25:08","guid":{"rendered":"https:\/\/www.europesays.com\/es\/198605\/"},"modified":"2025-10-24T15:25:08","modified_gmt":"2025-10-24T15:25:08","slug":"los-premios-princesa-de-asturias-en-directo-los-galardones-reconocen-al-escritor-eduardo-mendoza-la-fotografa-graciela-iturbide-o-la-tenista-serena-williams-cultura","status":"publish","type":"post","link":"https:\/\/www.europesays.com\/es\/198605\/","title":{"rendered":"Los Premios Princesa de Asturias, en directo | Los galardones reconocen al escritor Eduardo Mendoza, la fot\u00f3grafa Graciela Iturbide o la tenista Serena Williams | Cultura"},"content":{"rendered":"<p>En la distancia larga o en la corta,\u00a0Eduardo Mendoza,\u00a0que recibe el premio Princesa de Asturias, es el extraterrestre que no merecen las letras espa\u00f1olas desde hace lo menos 50 a\u00f1os, cuando sin esperar nada de nada public\u00f3 en Seix Barral y en 1975\u00a0La verdad sobre el caso Savolta\u00a0de la mano de su amigo Pere Gimferrer: es una novela llena de cabriolas, melodramas, asesinatos, corrupciones, recortes de prensa, recortes de sumarios, periodistas y desastres sentimentales (m\u00e1s o menos como ahora). Bueno, no exactamente, porque este hombre debi\u00f3 nacer con la media sonrisa puesta encima, encabalgada sobre el mostacho que debi\u00f3 lucir ya de ni\u00f1o, como ahora tambi\u00e9n, pero m\u00e1s oscuro y con una suerte de placidez de\u00a0lord\u00a0brit\u00e1nico y contemplativo sin \u00ednfulas y sin miedo a casi nada.<\/p>\n<p><a href=\"https:\/\/elpais.com\/babelia\/2025-10-24\/hay-alguien-que-pueda-resistirse-a-eduardo-mendoza.html\" target=\"_blank\" rel=\"nofollow noopener\">Puede leer la opini\u00f3n completa aqu\u00ed.<\/a><\/p>\n","protected":false},"excerpt":{"rendered":"En la distancia larga o en la corta,\u00a0Eduardo Mendoza,\u00a0que recibe el premio Princesa de Asturias, es el extraterrestre&hellip;\n","protected":false},"author":2,"featured_media":198606,"comment_status":"","ping_status":"","sticky":false,"template":"","format":"standard","meta":{"footnotes":""},"categories":[8],"tags":[229,17,18,209,1130,168,47545,25,24,13,14,11439,244,11,19,20,11507,671,9,10,15,16,532,34665,54647,11362,1911,23,327,12,21,22],"class_list":{"0":"post-198605","1":"post","2":"type-post","3":"status-publish","4":"format-standard","5":"has-post-thumbnail","7":"category-espana","8":"tag-arte","9":"tag-breaking-news","10":"tag-breakingnews","11":"tag-cultura","12":"tag-deporte-femenino","13":"tag-deportes","14":"tag-eduardo-mendoza","15":"tag-es","16":"tag-espana","17":"tag-featured-news","18":"tag-featurednews","19":"tag-felipe-vi","20":"tag-fotografia","21":"tag-headlines","22":"tag-latest-news","23":"tag-latestnews","24":"tag-leonor-de-borbon","25":"tag-literatura","26":"tag-news","27":"tag-noticias","28":"tag-noticias-destacadas","29":"tag-noticiasdestacadas","30":"tag-premios","31":"tag-premios-princesa-de-asturias","32":"tag-princesa-de-asturias","33":"tag-reina-letizia","34":"tag-serena-williams","35":"tag-spain","36":"tag-tenis","37":"tag-titulares","38":"tag-ultimas-noticias","39":"tag-ultimasnoticias"},"share_on_mastodon":{"url":"","error":"Validation failed: Text character limit of 500 exceeded"},"_links":{"self":[{"href":"https:\/\/www.europesays.com\/es\/wp-json\/wp\/v2\/posts\/198605","targetHints":{"allow":["GET"]}}],"collection":[{"href":"https:\/\/www.europesays.com\/es\/wp-json\/wp\/v2\/posts"}],"about":[{"href":"https:\/\/www.europesays.com\/es\/wp-json\/wp\/v2\/types\/post"}],"author":[{"embeddable":true,"href":"https:\/\/www.europesays.com\/es\/wp-json\/wp\/v2\/users\/2"}],"replies":[{"embeddable":true,"href":"https:\/\/www.europesays.com\/es\/wp-json\/wp\/v2\/comments?post=198605"}],"version-history":[{"count":0,"href":"https:\/\/www.europesays.com\/es\/wp-json\/wp\/v2\/posts\/198605\/revisions"}],"wp:featuredmedia":[{"embeddable":true,"href":"https:\/\/www.europesays.com\/es\/wp-json\/wp\/v2\/media\/198606"}],"wp:attachment":[{"href":"https:\/\/www.europesays.com\/es\/wp-json\/wp\/v2\/media?parent=198605"}],"wp:term":[{"taxonomy":"category","embeddable":true,"href":"https:\/\/www.europesays.com\/es\/wp-json\/wp\/v2\/categories?post=198605"},{"taxonomy":"post_tag","embeddable":true,"href":"https:\/\/www.europesays.com\/es\/wp-json\/wp\/v2\/tags?post=198605"}],"curies":[{"name":"wp","href":"https:\/\/api.w.org\/{rel}","templated":true}]}}