{"id":198615,"date":"2025-10-24T15:33:22","date_gmt":"2025-10-24T15:33:22","guid":{"rendered":"https:\/\/www.europesays.com\/es\/198615\/"},"modified":"2025-10-24T15:33:22","modified_gmt":"2025-10-24T15:33:22","slug":"franco-colapinto-llego-a-mexico-se-tomo-unos-dias-de-relax-antes-de-la-carrera-y-mostro-todo-lo-que-hizo","status":"publish","type":"post","link":"https:\/\/www.europesays.com\/es\/198615\/","title":{"rendered":"Franco Colapinto lleg\u00f3 a M\u00e9xico, se tom\u00f3 unos d\u00edas de relax antes de la carrera y mostr\u00f3 todo lo que hizo"},"content":{"rendered":"<p class=\"mb-4 text-lg md:leading-8 break-words\">Una vez superado<a href=\"https:\/\/es-us.noticias.yahoo.com\/deportes\/intenso-di%C3%A1logo-radio-franco-colapinto-130050991.html\" rel=\"nofollow noopener\" data-ylk=\"slk:el altercado con Alpine por haber deso\u00eddo la orden de no pasar a Pierre Gasly;elm:context_link;itc:0;sec:content-canvas;outcm:mb_qualified_link;_E:mb_qualified_link;ct:story;\" class=\"link  yahoo-link\" target=\"_blank\"> el altercado con Alpine por haber deso\u00eddo la orden de no pasar a Pierre Gasly<\/a> en la \u00faltima carrera en Estados Unidos, <b>Franco Colapinto<\/b> viaj\u00f3 a<b> M\u00e9xico<\/b> para prepararse para el pr\u00f3ximo Gran Premio de la F\u00f3rmula 1 y se tom\u00f3 un merecido descanso que incluy\u00f3 de todo: <b>una pileta con vistas incre\u00edbles, partidos de pickleball y hasta se anim\u00f3 a cocinar tacos para su equipo<\/b>. A trav\u00e9s de sus redes sociales, el piloto mostr\u00f3 todos los detalles e hizo delirar a sus fan\u00e1ticos.<\/p>\n<p class=\"mb-4 text-lg md:leading-8 break-words\"><b>\u201cD\u00edas de descanso antes de empezar con todo. Qu\u00e9 lindo que es M\u00e9xico, lo extra\u00f1aba mucho. Mi lugar favorito en el mundo\u201d<\/b>, escribi\u00f3 el joven de 22 a\u00f1os al compartir un carrusel con fotos y videos de su experiencia en un lujoso hotel en la costa del Pac\u00edfico.<\/p>\n<p><img alt=\"El posteo de Colapinto en su cuenta de Instagram\" loading=\"lazy\" width=\"768\" height=\"524\" decoding=\"async\" data-nimg=\"1\" class=\"rounded-lg\" style=\"color:transparent\" src=\"https:\/\/www.europesays.com\/es\/wp-content\/uploads\/2025\/10\/03a4915b71c5ebd059b57be24e3cf658.jpeg\"\/><\/p>\n<p>El posteo de Colapinto en su cuenta de Instagram<\/p>\n<p class=\"mb-4 text-lg md:leading-8 break-words\">Dentro de las actividades que hizo Franco en su estad\u00eda, una de ellas fue relajarse en una pileta enorme, rodeada de vegetaci\u00f3n y con una vista <a href=\"https:\/\/es-us.noticias.yahoo.com\/deportes\/colapinto-cont%C3%B3-intercambio-mensajes-checo-163850666.html\" rel=\"nofollow noopener\" data-ylk=\"slk:privilegiada al mar mexicano;elm:context_link;itc:0;sec:content-canvas;outcm:mb_qualified_link;_E:mb_qualified_link;ct:story;\" class=\"link  yahoo-link\" target=\"_blank\">privilegiada al mar mexicano<\/a>. Obviamente, la imagen del piloto relajado en el sol despert\u00f3 los comentarios de sus seguidores en las redes sociales.<\/p>\n<p><img alt=\"El piloto de 22 a\u00f1os disfrut\u00f3 de una lujo piscina (Foto: @francolapinto)\" loading=\"lazy\" width=\"810\" height=\"1080\" decoding=\"async\" data-nimg=\"1\" class=\"rounded-lg\" style=\"color:transparent\" src=\"https:\/\/www.europesays.com\/es\/wp-content\/uploads\/2025\/10\/0091f4bbbf46871ef1f127e9999d93cd.jpeg\"\/><\/p>\n<p>El piloto de 22 a\u00f1os disfrut\u00f3 de una lujo piscina (Foto: @francolapinto)<\/p>\n<p class=\"mb-4 text-lg md:leading-8 break-words\">Se sabe que Franco es fan\u00e1tico del p\u00e1del y que es muy amigo de Fernando Belastegu\u00edn, el argentino que es el jugador m\u00e1s ganador de la historia en ese deporte. Sin embargo, esta vez cambi\u00f3 de paleta y <b>se anim\u00f3 a jugar al pickleball<\/b>, un deporte novedoso que es muy practicado en Estados Unidos y muy parecido al p\u00e1del. En el video que comparti\u00f3 el integrante del equipo Alpine se lo puede ver <b>sin la remera y con mucho sudor <\/b>tras una tarde de juego.<\/p>\n<p class=\"mb-4 text-lg md:leading-8 break-words\">Por \u00faltimo, el pilarense se anim\u00f3 a meter mano en la cocina y <b>prepar\u00f3 unos tacos para los comensales que estaban con \u00e9l<\/b>. En uno de los videos que comparti\u00f3 se lo puede ver aplastar y cocinar las tortillas en la plancha con gran precisi\u00f3n. \u201cCuidado que no se quemen\u201d, le dijeron mientras Franco estaba muy concentrado en su tarea. Luego, subi\u00f3 otro clip donde se lo vio competir en un desaf\u00edo de guacamole, la cl\u00e1sica salsa a base de palta, cebolla, tomate y cilantro con la que se acompa\u00f1a este plato tradicional de la cocina mexicana.<\/p>\n<p class=\"mb-4 text-lg md:leading-8 break-words\">De esta manera, y en compa\u00f1\u00eda de sus representantes, <b>Jamie<\/b> <b>y Maria<\/b>, a quienes considera su familia, Franco pudo distender en los d\u00edas previos a la pr\u00f3xima carrera, donde siempre el foco est\u00e1 puesto en conseguir los primeros puntos de la temporada. <b>El Gran Premio de M\u00e9xico de F\u00f3rmula 1 2025 se correr\u00e1 del viernes 24 al domingo 26 de octubre<\/b>. La carrera principal ser\u00e1 el domingo 26 de octubre a las 17:00 hora de Argentina (14:00 hora de M\u00e9xico), en el Aut\u00f3dromo Hermanos Rodr\u00edguez de la Ciudad de M\u00e9xico.<\/p>\n<p><img alt=\"Franco demostr\u00f3 su habilidad en la cocina (Foto: @francolapinto)\" loading=\"lazy\" width=\"811\" height=\"1080\" decoding=\"async\" data-nimg=\"1\" class=\"rounded-lg\" style=\"color:transparent\" src=\"https:\/\/www.europesays.com\/es\/wp-content\/uploads\/2025\/10\/bb069a7db90a603f1b6fb9daca9c16f8.jpeg\"\/><\/p>\n<p>Franco demostr\u00f3 su habilidad en la cocina (Foto: @francolapinto)<\/p>\n<p class=\"mb-4 text-lg md:leading-8 break-words\">En la pasada carrera, el Gran Premio de Austin, Estados Unidos, el argentino termin\u00f3 en la posici\u00f3n 17\u00b0. Enfrent\u00f3 un fin de semana complicado debido a problemas con el agarre del monoplaza Alpine A525 en curvas r\u00e1pidas y las condiciones del circuito, lo que afect\u00f3 su desempe\u00f1o. A pesar de esto, logr\u00f3 superar a su compa\u00f1ero Pierre Gasly con una pol\u00e9mica: <a href=\"https:\/\/es-us.noticias.yahoo.com\/deportes\/cambio-postura-franco-colapinto-charla-211132508.html\" rel=\"nofollow noopener\" data-ylk=\"slk:su equipo le hab\u00eda pedido que no lo adelante;elm:context_link;itc:0;sec:content-canvas;outcm:mb_qualified_link;_E:mb_qualified_link;ct:story;\" class=\"link  yahoo-link\" target=\"_blank\">su equipo le hab\u00eda pedido que no lo adelante<\/a>. Sin embargo, una vez solucionado este inconveniente con la escuder\u00eda francesa, <b>Franco se prepara una vez m\u00e1s para hacer vibrar a sus fan\u00e1ticos alrededor del mundo con su talento arriba del auto<\/b>.<\/p>\n","protected":false},"excerpt":{"rendered":"Una vez superado el altercado con Alpine por haber deso\u00eddo la orden de no pasar a Pierre Gasly&hellip;\n","protected":false},"author":2,"featured_media":198616,"comment_status":"","ping_status":"","sticky":false,"template":"","format":"standard","meta":{"footnotes":""},"categories":[270],"tags":[168,15638,25,24,629,306,271,272,4999,1723,1906,1330,23,167],"class_list":{"0":"post-198615","1":"post","2":"type-post","3":"status-publish","4":"format-standard","5":"has-post-thumbnail","7":"category-formula-1","8":"tag-deportes","9":"tag-dias-de-descanso","10":"tag-es","11":"tag-espana","12":"tag-estados-unidos","13":"tag-f1","14":"tag-formula-1","15":"tag-formula1","16":"tag-franco","17":"tag-franco-colapinto","18":"tag-mexico","19":"tag-pierre-gasly","20":"tag-spain","21":"tag-sports"},"share_on_mastodon":{"url":"https:\/\/pubeurope.com\/@es\/115429874881052695","error":""},"_links":{"self":[{"href":"https:\/\/www.europesays.com\/es\/wp-json\/wp\/v2\/posts\/198615","targetHints":{"allow":["GET"]}}],"collection":[{"href":"https:\/\/www.europesays.com\/es\/wp-json\/wp\/v2\/posts"}],"about":[{"href":"https:\/\/www.europesays.com\/es\/wp-json\/wp\/v2\/types\/post"}],"author":[{"embeddable":true,"href":"https:\/\/www.europesays.com\/es\/wp-json\/wp\/v2\/users\/2"}],"replies":[{"embeddable":true,"href":"https:\/\/www.europesays.com\/es\/wp-json\/wp\/v2\/comments?post=198615"}],"version-history":[{"count":0,"href":"https:\/\/www.europesays.com\/es\/wp-json\/wp\/v2\/posts\/198615\/revisions"}],"wp:featuredmedia":[{"embeddable":true,"href":"https:\/\/www.europesays.com\/es\/wp-json\/wp\/v2\/media\/198616"}],"wp:attachment":[{"href":"https:\/\/www.europesays.com\/es\/wp-json\/wp\/v2\/media?parent=198615"}],"wp:term":[{"taxonomy":"category","embeddable":true,"href":"https:\/\/www.europesays.com\/es\/wp-json\/wp\/v2\/categories?post=198615"},{"taxonomy":"post_tag","embeddable":true,"href":"https:\/\/www.europesays.com\/es\/wp-json\/wp\/v2\/tags?post=198615"}],"curies":[{"name":"wp","href":"https:\/\/api.w.org\/{rel}","templated":true}]}}