{"id":198654,"date":"2025-10-24T15:57:12","date_gmt":"2025-10-24T15:57:12","guid":{"rendered":"https:\/\/www.europesays.com\/es\/198654\/"},"modified":"2025-10-24T15:57:12","modified_gmt":"2025-10-24T15:57:12","slug":"la-historia-de-nicolas-varrone","status":"publish","type":"post","link":"https:\/\/www.europesays.com\/es\/198654\/","title":{"rendered":"la historia de Nicol\u00e1s Varrone"},"content":{"rendered":"\n<p>      24 de octubre 2025 &#8211; 07:15<\/p>\n<p class=\"ignore-parser\">El argentino que correr\u00e1 en F2 y su gran relaci\u00f3n con el piloto de Alpine en la F\u00f3rmula 1, categor\u00eda a la que apuntan a correr juntos.<\/p>\n<p>      <img loading=\"lazy\" decoding=\"async\" src=\"https:\/\/www.ambito.com\/css-custom\/239\/lazy.svg\" data-td-src-property=\"https:\/\/media.ambito.com\/p\/1970bae98b545f44ad72d5cc37420778\/adjuntos\/239\/imagenes\/042\/884\/0042884250\/varrone-corazon-f1.jpg\" class=\"detail-highlighted-multimedia__figure-img img-fluid\" alt=\"Varrone y la historia que lo une al piloto de la F\u00f3rmula 1.\" width=\"655\" height=\"368\"\/>    Coraz\u00f3n F1   <\/p>\n<p><strong><a href=\"https:\/\/www.ambito.com\/deportes\/formula-1-quedan-solo-cuatro-butacas-disponibles-2026-y-asi-esta-la-situacion-franco-colapinto-n6203227\" target=\"_blank\" rel=\"follow nofollow noopener\" title=\"F\u00f3rmula 1: quedan solo cuatro butacas disponibles para 2026 y as\u00ed est\u00e1 la situaci\u00f3n de Franco Colapinto\">La F\u00f3rmula 1 cuenta con un representante argentino<\/a><\/strong> que hace llenar de orgullo a todos en su pa\u00eds como lo es<strong> Franco Colapinto<\/strong>, qui\u00e9n inici\u00f3 en la m\u00e1xima categor\u00eda del automovilismo en Williams y hoy se desempe\u00f1a en Alpine. Pero para esto, el oriundo de Pilar tuvo un paso por la F\u00f3rmula 2.<\/p>\n<p> El contenido al que quiere acceder es exclusivo para suscriptores.<\/p>\n<p>   suscribirse   ya estoy suscripto  <\/p>\n<p>Por eso, en este contexto la noticia de la llegada a esa categor\u00eda de<strong> Nicol\u00e1s Varrone ha logrado ilusionar a todos nuevamente<\/strong>, ya que ahora, Argentina podr\u00eda contar con m\u00e1s de un piloto en el Gran Circo en caso de que el oriundo de Maschwitz logre un buen desempe\u00f1o y ascienda a la m\u00e1xima.<\/p>\n<p>\t\t\tInformate m\u00e1s\t\t\t\t\t\t\t\t\t\t<a href=\"https:\/\/www.ambito.com\/deportes\/cual-es-la-diferencia-f1-y-f2-la-categoria-la-que-correra-nico-varrone-n6205507\" target=\"\" title=\"\u00e1mbito.com | Cu\u00e1l es la diferencia entre F1 y F2, la categor\u00eda en la que correr\u00e1 Nico Varrone\" alt=\"\u00e1mbito.com | Cu\u00e1l es la diferencia entre F1 y F2, la categor\u00eda en la que correr\u00e1 Nico Varrone\" rel=\"noindex nofollow noreferrer noopener\"><br \/>\n\t\t\t\t\t\t\t\t\t\t\t<img loading=\"lazy\" decoding=\"async\" src=\"https:\/\/www.ambito.com\/css-custom\/239\/lazy.svg\" data-td-src-property=\"https:\/\/media.ambito.com\/p\/6919813aa29b9c5e48b117df28c49c21\/adjuntos\/239\/imagenes\/042\/195\/0042195806\/formula-1-largadajpg.jpg\" alt=\"Un nuevo piloto argentino tendr\u00e1 la oportunidad de lucirse en la F\u00f3rmula 2, con el objetivo de llegar a la competencia mayor.\" title=\"Un nuevo piloto argentino tendr\u00e1 la oportunidad de lucirse en la F\u00f3rmula 2, con el objetivo de llegar a la competencia mayor.\" width=\"93\" height=\"52\" class=\"news-article__figure-img figure-img img-fluid\"\/>\t\t<\/a>\t\t\t\t\t\t\t\t\t\t\t\t<a href=\"https:\/\/www.ambito.com\/deportes\/inicia-su-camino-la-formula-1-el-argentino-nicolas-varrone-correra-la-f2-2026-n6205455\" target=\"\" title=\"\u00e1mbito.com | Inicia su camino a la F\u00f3rmula 1 Nicol\u00e1s Varrone, el argentino que correr\u00e1 en la F2 en 2026\" alt=\"\u00e1mbito.com | Inicia su camino a la F\u00f3rmula 1 Nicol\u00e1s Varrone, el argentino que correr\u00e1 en la F2 en 2026\" rel=\"noindex nofollow noreferrer noopener\"><br \/>\n\t\t\t\t\t\t\t\t\t\t\t<img loading=\"lazy\" decoding=\"async\" src=\"https:\/\/www.ambito.com\/css-custom\/239\/lazy.svg\" data-td-src-property=\"https:\/\/media.ambito.com\/p\/2bfc7e135ca4a6527bbec4783c0bbfc4\/adjuntos\/239\/imagenes\/042\/883\/0042883373\/varrone.png\" alt=\"Gran noticia en el automovilismo argentino: Nicol\u00e1s Varrone correr\u00e1 en la F\u00f3rmula 2 en 2026\" title=\"Gran noticia en el automovilismo argentino: Nicol\u00e1s Varrone correr\u00e1 en la F\u00f3rmula 2 en 2026\" width=\"93\" height=\"52\" class=\"news-article__figure-img figure-img img-fluid\"\/>\t\t<\/a>\t\t\t\t\t\t <\/p>\n<p>Varrone Colapinto Gentileza El Gr\u00e1fico   <\/p>\n<p>  <img decoding=\"async\" src=\"https:\/\/www.europesays.com\/es\/wp-content\/uploads\/2025\/10\/varrone-colapinto-gentileza-el-grafico.jpeg\" alt=\"Colapinto, hoy en la F\u00f3rmula 1, tiene una gran relaci\u00f3n con Varrone.\" title=\"Colapinto, hoy en la F\u00f3rmula 1, tiene una gran relaci\u00f3n con Varrone.\" width=\"619\" height=\"460\" id=\"8143941-Libre-2048274631_embed\" crossorigin=\"anonymous\" fetchpriority=\"high\" decode=\"async\"\/>    <\/p>\n<p>Colapinto, hoy en la F\u00f3rmula 1, tiene una gran relaci\u00f3n con Varrone.<\/p>\n<p>Gentileza El Gr\u00e1fico<\/p>\n<p>   En la antesala de la F\u00f3rmula 1: el camino de Varrone hasta llegar a la F2 <\/p>\n<p>Varrone <strong>inici\u00f3 su carrera en los autos de f\u00f3rmula en 2016<\/strong>, cuando compiti\u00f3 en la <strong>F\u00f3rmula Renault 2.0 Argentina<\/strong>. Despu\u00e9s de dos a\u00f1os, logr\u00f3 dar el salto a los circuitos de Europa consiguiendo<strong> ser campe\u00f3n del<\/strong> <strong>V de V Challenge Monoplace de 2018<\/strong>, con 546 puntos y 13 pole positions.<\/p>\n<p>Posteriormente, lleg\u00f3 la British F3 y la Le Mans Cup, claves para que pueda adquirir experiencia en las carreras de resistencia. En este \u00faltimo, logr\u00f3 alcanzar un tercer puesto en 2021 en la clase LMP3, consiguiendo tres podios. Esto permiti\u00f3 que llegue su <strong>debut en las 24 horas de Le Mans en 2022 y tambi\u00e9n en la European y la Asian Le Mans Series<\/strong>, con un quinto lugar impensado debido a su agitado calendario.<\/p>\n<p>2023 fue el a\u00f1o del despegue, ya que en enero consigui\u00f3 una victoria en las 24 horas de Daytona en LMP3 y eso abri\u00f3 m\u00e1s puertas como la firma con FIA World Endurance Championship, mejor conocido como WEC. La temporada fue un \u00e9xito rotundo, <strong>ya que gan\u00f3 las 24 horas de Le Mans junto a Nicky Catsburg y Ben Keating,<\/strong> y se consagr\u00f3<strong> campe\u00f3n del WEC<\/strong> en la categor\u00eda LMGTE Am.<\/p>\n<p>Todas estas experiencias claves no lo llevaron directamente a la F\u00f3rmula 1, pero si fue suficiente para ganarse un lugar <strong>en la F\u00f3rmula 2, d\u00f3nde representar\u00e1 a Van Amersfoort Racing<\/strong>. El director del equipo, Brad Joyce, se\u00f1al\u00f3 que \u00abestamos muy contentos de darle la bienvenida a Nico para nuestra campa\u00f1a 2026\u00bb y que \u00absu experiencia y sus logros en el automovilismo de resistencia hablan por s\u00ed solos\u00bb.<\/p>\n<p> La amistad entre Varrone y Colapinto <\/p>\n<p>El nuevo integrante de la F2 tiene un <strong>historial de amistad<\/strong> con la figura de la F\u00f3rmula 1 de Argentina, Franco Colapinto. <strong>Se conocieron en 2015<\/strong>, cuando ambos eran j\u00f3venes entusiastas del automovilismo y <strong>corr\u00edan, adem\u00e1s de aprender, en el Kart\u00f3dromo de Z\u00e1rate.<\/strong><\/p>\n<p>Los dos a\u00f1os de diferencia que se llevan en edad no fue ninguna barrera, debido a que hablaban el mismo idioma: el de la velocidad. Forjaron una amistad r\u00e1pidamente, ya que compart\u00edan muchas horas juntos en las pistas, en la casa de uno y otro y tambi\u00e9n frente a la pantalla del simulador.<\/p>\n<p>Sus caminos se vieron separados por las experiencias de cada uno, <strong>Colapinto se march\u00f3 a Espa\u00f1a <\/strong>para correr en F\u00f3rmula 4 en el equipo de Fernando Alonso <strong>y Varrone permaneci\u00f3 un tiempo m\u00e1s en Argentina<\/strong>. Ahora, con la posibilidad de compartir circuito debido a los calendarios de ambas categor\u00edas, el pr\u00f3ximo sue\u00f1o a cumplir es competir juntos en la F\u00f3rmula 1.<\/p>\n","protected":false},"excerpt":{"rendered":"24 de octubre 2025 &#8211; 07:15 El argentino que correr\u00e1 en F2 y su gran relaci\u00f3n con el&hellip;\n","protected":false},"author":2,"featured_media":198655,"comment_status":"","ping_status":"","sticky":false,"template":"","format":"standard","meta":{"footnotes":""},"categories":[270],"tags":[168,25,24,306,271,272,23,167],"class_list":{"0":"post-198654","1":"post","2":"type-post","3":"status-publish","4":"format-standard","5":"has-post-thumbnail","7":"category-formula-1","8":"tag-deportes","9":"tag-es","10":"tag-espana","11":"tag-f1","12":"tag-formula-1","13":"tag-formula1","14":"tag-spain","15":"tag-sports"},"share_on_mastodon":{"url":"https:\/\/pubeurope.com\/@es\/115429969095122323","error":""},"_links":{"self":[{"href":"https:\/\/www.europesays.com\/es\/wp-json\/wp\/v2\/posts\/198654","targetHints":{"allow":["GET"]}}],"collection":[{"href":"https:\/\/www.europesays.com\/es\/wp-json\/wp\/v2\/posts"}],"about":[{"href":"https:\/\/www.europesays.com\/es\/wp-json\/wp\/v2\/types\/post"}],"author":[{"embeddable":true,"href":"https:\/\/www.europesays.com\/es\/wp-json\/wp\/v2\/users\/2"}],"replies":[{"embeddable":true,"href":"https:\/\/www.europesays.com\/es\/wp-json\/wp\/v2\/comments?post=198654"}],"version-history":[{"count":0,"href":"https:\/\/www.europesays.com\/es\/wp-json\/wp\/v2\/posts\/198654\/revisions"}],"wp:featuredmedia":[{"embeddable":true,"href":"https:\/\/www.europesays.com\/es\/wp-json\/wp\/v2\/media\/198655"}],"wp:attachment":[{"href":"https:\/\/www.europesays.com\/es\/wp-json\/wp\/v2\/media?parent=198654"}],"wp:term":[{"taxonomy":"category","embeddable":true,"href":"https:\/\/www.europesays.com\/es\/wp-json\/wp\/v2\/categories?post=198654"},{"taxonomy":"post_tag","embeddable":true,"href":"https:\/\/www.europesays.com\/es\/wp-json\/wp\/v2\/tags?post=198654"}],"curies":[{"name":"wp","href":"https:\/\/api.w.org\/{rel}","templated":true}]}}