{"id":198676,"date":"2025-10-24T16:08:11","date_gmt":"2025-10-24T16:08:11","guid":{"rendered":"https:\/\/www.europesays.com\/es\/198676\/"},"modified":"2025-10-24T16:08:11","modified_gmt":"2025-10-24T16:08:11","slug":"a-que-hora-empiezan-los-premios-princesa-de-asturias-2025-y-donde-ver-gratis-en-television-y-online-la-ceremonia-de-entrega-en-oviedo-hoy","status":"publish","type":"post","link":"https:\/\/www.europesays.com\/es\/198676\/","title":{"rendered":"A qu\u00e9 hora empiezan los Premios Princesa de Asturias 2025 y d\u00f3nde ver gratis en televisi\u00f3n y online la ceremonia de entrega en Oviedo hoy"},"content":{"rendered":"<p style=\"\">Todo est\u00e1 listo en Oviedo para acoger la <a href=\"https:\/\/www.abc.es\/noticias\/premios-princesa-de-asturias\/\" title=\"www.abc.es\" data-voc-vtm-id=\"in-text-traffic\" data-mrf-link=\"www.abc.es\" rel=\"nofollow noopener\" target=\"_blank\">45\u00aa gala<\/a> de los <strong>Premios Princesa de Asturias<\/strong>. La ceremonia de entrega, que tendr\u00e1 lugar en la tarde de este viernes 24 de octubre, estar\u00e1 presidida por los <strong>Reyes Felipe VI y Letizia<\/strong>, as\u00ed  &#8230; como la <strong>Princesa Leonor<\/strong> y la <strong>Infanta Sof\u00eda<\/strong>. Ser\u00e1, adem\u00e1s, el quinto a\u00f1o consecutivo que la <a href=\"https:\/\/www.abc.es\/estilo\/moda\/looks-llevado-princesa-leonor-infanta-sofia-premios-20251022124819-nt.html\" title=\"www.abc.es\" data-voc-vtm-id=\"in-text-traffic\" data-mrf-link=\"www.abc.es\" rel=\"nofollow noopener\" target=\"_blank\">Heredera de la Corona<\/a> presidir\u00e1 este evento en el Teatro Campoamor de la capital asturiana.<\/p>\n<p class=\"voc-p\" style=\"\">La <strong>Fundaci\u00f3n Princesa de Asturias<\/strong> es la encargada de convocar cada a\u00f1o estos <a href=\"https:\/\/www.abc.es\/cultura\/byungchul-esperanza-colapse-sistema-pasar-pronto-20251021161916-nt.html\" title=\"www.abc.es\" data-voc-vtm-id=\"in-text-traffic\" data-mrf-link=\"www.abc.es\" rel=\"nofollow noopener\" target=\"_blank\">galardones<\/a>, que tienen como objetivo \u00ab<strong>contribuir a la exaltaci\u00f3n y promoci\u00f3n de cuantos valores cient\u00edficos, culturales y human\u00edsticos<\/strong> son patrimonio universal y consolidar los v\u00ednculos existentes entre el Principado de Asturias y el t\u00edtulo que tradicionalmente ostentan los herederos de la Corona de Espa\u00f1a\u00bb.<\/p>\n<p class=\"voc-p\" style=\"\">Como todos los a\u00f1os, los galardones premian a personalidades dentro de ocho \u00e1reas distintas: <strong>Artes, Ciencias Sociales, Comunicaci\u00f3n y Humanidades, Concordia, Cooperaci\u00f3n Internacional, Deportes, Investigaci\u00f3n Cient\u00edfica y T\u00e9cnica y Letras<\/strong>. Entre los grandes rostros agraciados se encuentra <a href=\"https:\/\/www.abc.es\/deportes\/tenis\/serena-williams-lider-gesto-nueva-epoca-tenis-20250528121607-nt.html\" title=\"www.abc.es\" data-voc-vtm-id=\"in-text-traffic\" data-mrf-link=\"www.abc.es\" rel=\"nofollow noopener\" target=\"_blank\">la tenista Serena Williams<\/a>, distinguida con este trofeo por su <a href=\"https:\/\/www.abc.es\/deportes\/serena-williams-premio-princesa-asturias-deportes-2025-20250528105302-nt.html\" title=\"www.abc.es\" data-voc-vtm-id=\"in-text-traffic\" data-mrf-link=\"www.abc.es\" rel=\"nofollow noopener\" target=\"_blank\">excelencia en la pista<\/a> y su extensa labor social.<\/p>\n<p class=\"voc-p\" style=\"\">Esta es la lista completa de ganadores de los Premios Princesa de Asturias 2025:<\/p>\n<ul class=\"oc-d-c-list__list\">\n<li class=\"voc-d-c-list__item\">\n<p class=\"voc-d-c-list__paragraph\">Premio Princesa de Asturias de las Artes: <strong>Graciela Iturbide<\/strong><\/p>\n<\/li>\n<li class=\"voc-d-c-list__item\">\n<p class=\"voc-d-c-list__paragraph\">Premio Princesa de Asturias de Comunicaci\u00f3n y Humanidades: <strong>Byung-Chul Han<\/strong><\/p>\n<\/li>\n<li class=\"voc-d-c-list__item\">\n<p class=\"voc-d-c-list__paragraph\">Premio Princesa de Asturias de Ciencias Sociales: <strong>Douglas Massey<\/strong><\/p>\n<\/li>\n<li class=\"voc-d-c-list__item\">\n<p class=\"voc-d-c-list__paragraph\">Premio Princesa de Asturias de los Deportes: <strong>Serena Williams<\/strong><\/p>\n<\/li>\n<li class=\"voc-d-c-list__item\">\n<p class=\"voc-d-c-list__paragraph\">Premio Princesa de Asturias de las Letras: <strong>Eduardo Mendoza<\/strong><\/p>\n<\/li>\n<li class=\"voc-d-c-list__item\">\n<p class=\"voc-d-c-list__paragraph\">Premio Princesa de Asturias de Cooperaci\u00f3n Internacional: <strong>Mario Draghi<\/strong><\/p>\n<\/li>\n<li class=\"voc-d-c-list__item\">\n<p class=\"voc-d-c-list__paragraph\">Premio Princesa de Asturias de Investigaci\u00f3n: <strong>Mary-Claire King<\/strong><\/p>\n<\/li>\n<li class=\"voc-d-c-list__item\">\n<p class=\"voc-d-c-list__paragraph\">Premio Princesa de Asturias de la Concordia: <strong>Museo Nacional de Antropolog\u00eda de M\u00e9xico<\/strong><\/p>\n<\/li>\n<\/ul>\n<p>\nA qu\u00e9 hora se celebran los Premios Princesa de Asturias 2025 en Oviedo\n<\/p>\n<p class=\"voc-p\" style=\"\">La entrega de los Premios Princesa de Asturias se celebra este <strong>viernes 24 de octubre<\/strong> en el Teatro Campoamor de Oviedo, encargado de acoger las ediciones anteriores de la gala. Seg\u00fan lo estipulado en el horario oficial, la gala dar\u00e1 comienzo <strong>a partir de las 18:30 horas<\/strong>.<\/p>\n<p class=\"voc-p\" style=\"\">Ser\u00e1 a partir de esa hora cuando se dar\u00e1n cita los ocho galardonados para la ceremonia, que estar\u00e1 presidida por los Reyes, la Princesa Leonor y la Infanta Sof\u00eda. All\u00ed recibir\u00e1n un <strong>diploma acreditativo, una insignia<\/strong> y la reproducci\u00f3n de una <strong>escultura de Joan Mir\u00f3<\/strong>, as\u00ed como una suma de <strong>50.000 euros<\/strong>.<\/p>\n<p class=\"voc-p\" style=\"\">Apenas un d\u00eda despu\u00e9s, el <strong>s\u00e1bado 25 de octubre<\/strong>, los Reyes, la Princesa y la Infanta acudir\u00e1n a entregar el <a href=\"https:\/\/www.abc.es\/viajar\/destinos\/espana\/valdesoto-pueblo-ejemplar-asturias-2025-galardon-llega-20250925122820-nt.html\" title=\"www.abc.es\" data-voc-vtm-id=\"in-text-traffic\" data-mrf-link=\"www.abc.es\" rel=\"nofollow noopener\" target=\"_blank\">Premio al Pueblo Ejemplar de Asturias<\/a> de la Fundaci\u00f3n Princesa de Asturias, dotado con <strong>40.000 euros<\/strong>. Este a\u00f1o, el municipio galardonado, de apenas 1.800 habitantes, ha sido <strong>Valdesoto<\/strong>, situado en el concejo de Siero, que recibir\u00e1 a los monarcas a las 11:30 horas.<\/p>\n<p>\nD\u00f3nde ver en televisi\u00f3n y online en directo la entrega de los Premios Princesa de Asturias hoy\n<\/p>\n<p class=\"voc-p\" style=\"\">La gala de los Premios Princesa de Asturias se podr\u00e1 ver en directo en televisi\u00f3n a trav\u00e9s de <strong>La 1 de TVE<\/strong> y en el <strong>Canal 24 Horas<\/strong>. Adem\u00e1s, tambi\u00e9n se podr\u00e1 consultar de manera online a trav\u00e9s de <strong>Radio 5, Radio Exterior<\/strong> y de la plataforma de streaming <strong>RTVE Play<\/strong>. <\/p>\n<p class=\"voc-p\" style=\"\">Asimismo, la entrega de los galardones tambi\u00e9n estar\u00e1 <strong>disponible a trav\u00e9s de ABC.es<\/strong>, donde podr\u00e1s conocer toda la \u00faltima hora sobre el discurso de la princesa Leonor y los ganadores.<\/p>\n","protected":false},"excerpt":{"rendered":"Todo est\u00e1 listo en Oviedo para acoger la 45\u00aa gala de los Premios Princesa de Asturias. La ceremonia&hellip;\n","protected":false},"author":2,"featured_media":198677,"comment_status":"","ping_status":"","sticky":false,"template":"","format":"standard","meta":{"footnotes":""},"categories":[91],"tags":[45,1770,21982,146,36,147,25,24,126,319,315,133,1796,532,1650,23,807,809],"class_list":{"0":"post-198676","1":"post","2":"type-post","3":"status-publish","4":"format-standard","5":"has-post-thumbnail","7":"category-entretenimiento","8":"tag-45","9":"tag-asturias","10":"tag-ceremonia","11":"tag-entertainment","12":"tag-entrega","13":"tag-entretenimiento","14":"tag-es","15":"tag-espana","16":"tag-gratis","17":"tag-horario","18":"tag-hoy","19":"tag-online","20":"tag-oviedo","21":"tag-premios","22":"tag-princesa","23":"tag-spain","24":"tag-television","25":"tag-ver"},"share_on_mastodon":{"url":"https:\/\/pubeurope.com\/@es\/115430012233604434","error":""},"_links":{"self":[{"href":"https:\/\/www.europesays.com\/es\/wp-json\/wp\/v2\/posts\/198676","targetHints":{"allow":["GET"]}}],"collection":[{"href":"https:\/\/www.europesays.com\/es\/wp-json\/wp\/v2\/posts"}],"about":[{"href":"https:\/\/www.europesays.com\/es\/wp-json\/wp\/v2\/types\/post"}],"author":[{"embeddable":true,"href":"https:\/\/www.europesays.com\/es\/wp-json\/wp\/v2\/users\/2"}],"replies":[{"embeddable":true,"href":"https:\/\/www.europesays.com\/es\/wp-json\/wp\/v2\/comments?post=198676"}],"version-history":[{"count":0,"href":"https:\/\/www.europesays.com\/es\/wp-json\/wp\/v2\/posts\/198676\/revisions"}],"wp:featuredmedia":[{"embeddable":true,"href":"https:\/\/www.europesays.com\/es\/wp-json\/wp\/v2\/media\/198677"}],"wp:attachment":[{"href":"https:\/\/www.europesays.com\/es\/wp-json\/wp\/v2\/media?parent=198676"}],"wp:term":[{"taxonomy":"category","embeddable":true,"href":"https:\/\/www.europesays.com\/es\/wp-json\/wp\/v2\/categories?post=198676"},{"taxonomy":"post_tag","embeddable":true,"href":"https:\/\/www.europesays.com\/es\/wp-json\/wp\/v2\/tags?post=198676"}],"curies":[{"name":"wp","href":"https:\/\/api.w.org\/{rel}","templated":true}]}}