{"id":198688,"date":"2025-10-24T16:14:08","date_gmt":"2025-10-24T16:14:08","guid":{"rendered":"https:\/\/www.europesays.com\/es\/198688\/"},"modified":"2025-10-24T16:14:08","modified_gmt":"2025-10-24T16:14:08","slug":"arranca-el-campeonato-de-espana-y-la-copa-federacion-de-balonmano-en-silla-de-ruedas","status":"publish","type":"post","link":"https:\/\/www.europesays.com\/es\/198688\/","title":{"rendered":"Arranca el Campeonato de Espa\u00f1a y la Copa Federaci\u00f3n de Balonmano en Silla de Ruedas"},"content":{"rendered":"<p>La temporada 2025\/2026 del\u00a0<strong>Balonmano en Silla de Ruedas<\/strong> dar\u00e1 su pistoletazo de salida este fin de semana con la disputa simult\u00e1neamente del\u00a0<strong>Campeonato de Espa\u00f1a<\/strong> y de la\u00a0<strong>Copa Federaci\u00f3n<\/strong>.\u00a0<strong>CH Palautordera Salicru<\/strong>,\u00a0<strong>Bathco BSR Cantabria<\/strong>,\u00a0<strong>Inclusport Serb\u00e1n<\/strong>,\u00a0<strong>Dominicos<\/strong>,\u00a0<strong>CD Iplacea<\/strong> e\u00a0<strong>ICB Coru\u00f1a<\/strong> disputar\u00e1n sendos torneos, a excepci\u00f3n del equipo coru\u00f1\u00e9s, que no ser\u00e1 part\u00edcipe del campeonato copero.<\/p>\n<p><strong>EL CAMPEONATO DE ESPA\u00d1A VUELVE A LO GRANDE CON SU SEGUNDA EDICI\u00d3N<br \/><\/strong>El\u00a0<strong>Campeonato de Espa\u00f1a<\/strong> contar\u00e1, como ya sucediese el a\u00f1o pasado, con varias paradas a lo largo de la temporada, y con dos grupos que buscar\u00e1n la clasificaci\u00f3n a la fase final. Este fin de semana, grupos A y B arrancar\u00e1n la temporada con dos encuentros que prometen m\u00e1ximo nivel.<\/p>\n<p>En el Grupo A, la primera parada viajar\u00e1 hasta el\u00a0<strong>Pavill\u00f3n Polideportivo de Corme<\/strong>, donde el\u00a0<strong>ICB Coru\u00f1a\u00a0<\/strong>recibir\u00e1 a\u00a0<strong>Inclusport Serb\u00e1n<\/strong>. Desde las 18:00h. de ma\u00f1ana, la reedici\u00f3n del \u00faltimo partido por el bronce abrir\u00e1 fuego para un grupo en el que tambi\u00e9n se encuentro emplazado el\u00a0<strong>Bathco BSR Cantabria<\/strong>.<\/p>\n<p>Por el otro grupo, y abriendo la temporada de balonmano en silla de ruedas, en el\u00a0<strong>PM Demetreio Lozano<\/strong> se ver\u00e1n las caras\u00a0<strong>CD Iplacea<\/strong> y\u00a0<strong>Dominicos<\/strong>. El actual campe\u00f3n visitar\u00e1\u00a0<strong>Alcal\u00e1 de Henares<\/strong> para medirse a un club debutante en este Campeonato de Espa\u00f1a. Junto a ellos,\u00a0<strong>CH Palautordera Salicru<\/strong>.<\/p>\n<p><b>NACE LA PRIMERA EDICI\u00d3N DE LA COPA FEDERACI\u00d3N<br \/><\/b>A caballo con el\u00a0<strong>Campeonato de Espa\u00f1a<\/strong>, estos clubes, a excepci\u00f3n del\u00a0<strong>ICB Coru\u00f1a<\/strong>, participar\u00e1n en la primera edici\u00f3n de la\u00a0<strong>Copa Edici\u00f3n<\/strong>. De nuevo, los equipos se dividen en dos grupos, con participaci\u00f3n de\u00a0<strong>Inclusport Serb\u00e1n<\/strong> y\u00a0<strong>Bathco BSR Cantabria<\/strong> en el Grupo A; y\u00a0<strong>Dominicos<\/strong>,\u00a0<strong>CH Palautordera Salicru<\/strong> e <strong>CD Iplacea<\/strong> en el B.<\/p>\n<p>Comenzar\u00e1 ya este fin de semana la nueva competici\u00f3n impulsada por la\u00a0<strong>Real Federaci\u00f3n Espa\u00f1ola de Balonmano<\/strong>, aprovechando el partido en el Campeonato de Espa\u00f1a, con el duelo del Grupo B entre Dominicos y CD Iplacea, el mismo s\u00e1bado desde las 14:10h.<\/p>\n<p>\u00a0<\/p>\n<p>Fotograf\u00eda:<strong> Dominicos<\/strong><\/p>\n","protected":false},"excerpt":{"rendered":"La temporada 2025\/2026 del\u00a0Balonmano en Silla de Ruedas dar\u00e1 su pistoletazo de salida este fin de semana con&hellip;\n","protected":false},"author":2,"featured_media":198689,"comment_status":"","ping_status":"","sticky":false,"template":"","format":"standard","meta":{"footnotes":""},"categories":[278],"tags":[376,168,25,24,375,23,167],"class_list":{"0":"post-198688","1":"post","2":"type-post","3":"status-publish","4":"format-standard","5":"has-post-thumbnail","7":"category-balonmano","8":"tag-balonmano","9":"tag-deportes","10":"tag-es","11":"tag-espana","12":"tag-handball","13":"tag-spain","14":"tag-sports"},"share_on_mastodon":{"url":"https:\/\/pubeurope.com\/@es\/115430035508917300","error":""},"_links":{"self":[{"href":"https:\/\/www.europesays.com\/es\/wp-json\/wp\/v2\/posts\/198688","targetHints":{"allow":["GET"]}}],"collection":[{"href":"https:\/\/www.europesays.com\/es\/wp-json\/wp\/v2\/posts"}],"about":[{"href":"https:\/\/www.europesays.com\/es\/wp-json\/wp\/v2\/types\/post"}],"author":[{"embeddable":true,"href":"https:\/\/www.europesays.com\/es\/wp-json\/wp\/v2\/users\/2"}],"replies":[{"embeddable":true,"href":"https:\/\/www.europesays.com\/es\/wp-json\/wp\/v2\/comments?post=198688"}],"version-history":[{"count":0,"href":"https:\/\/www.europesays.com\/es\/wp-json\/wp\/v2\/posts\/198688\/revisions"}],"wp:featuredmedia":[{"embeddable":true,"href":"https:\/\/www.europesays.com\/es\/wp-json\/wp\/v2\/media\/198689"}],"wp:attachment":[{"href":"https:\/\/www.europesays.com\/es\/wp-json\/wp\/v2\/media?parent=198688"}],"wp:term":[{"taxonomy":"category","embeddable":true,"href":"https:\/\/www.europesays.com\/es\/wp-json\/wp\/v2\/categories?post=198688"},{"taxonomy":"post_tag","embeddable":true,"href":"https:\/\/www.europesays.com\/es\/wp-json\/wp\/v2\/tags?post=198688"}],"curies":[{"name":"wp","href":"https:\/\/api.w.org\/{rel}","templated":true}]}}