{"id":198719,"date":"2025-10-24T16:34:08","date_gmt":"2025-10-24T16:34:08","guid":{"rendered":"https:\/\/www.europesays.com\/es\/198719\/"},"modified":"2025-10-24T16:34:08","modified_gmt":"2025-10-24T16:34:08","slug":"desbloquear-los-activos-rusos-congelados-es-cuestion-de-tiempo-dice-la-comisaria-lahbib","status":"publish","type":"post","link":"https:\/\/www.europesays.com\/es\/198719\/","title":{"rendered":"Desbloquear los activos rusos congelados es \u00abcuesti\u00f3n de tiempo\u00bb, dice la comisaria Lahbib"},"content":{"rendered":"<p>\n         Publicado<br \/>\n            24\/10\/2025 &#8211; 18:01 CEST\n            <\/p>\n<p>B\u00e9lgica no est\u00e1 intentando obstaculizar una nueva forma de financiar el esfuerzo b\u00e9lico de Ucrania, seg\u00fan ha declarado en exclusiva a &#8216;Euronews&#8217; la comisaria europea de Igualdad, Preparaci\u00f3n y Gesti\u00f3n de Crisis, <strong>Hadja Lahbib<\/strong>.<\/p>\n<p>Lahbib, que anteriormente fue ministra de Asuntos Exteriores de B\u00e9lgica, habl\u00f3 tras la cumbre del Consejo Europeo celebrada en Bruselas el jueves 23 de octubre, a la que <a href=\"https:\/\/es.euronews.com\/my-europe\/2025\/10\/24\/la-resistencia-belga-frena-un-prestamo-de-140000-millones-de-euros-para-ucrania-en-la-cumb\" rel=\"nofollow noopener\" target=\"_blank\"><strong>asistieron los jefes de Estado y de Gobierno de la UE<\/strong><\/a>.<\/p>\n<p>Los l\u00edderes <strong>esperaban llegar a un acuerdo sobre un audaz plan<\/strong> para utilizar los activos inmovilizados de Rusia y conceder un pr\u00e9stamo de 140.000 millones de euros sin intereses para ayudar a Ucrania en su esfuerzo b\u00e9lico.<\/p>\n<p>Sin embargo, los l\u00edderes de los Veintisiete se separaron <strong>sin tomar una decisi\u00f3n sobre el uso de los activos congelados<\/strong> de Rusia para financiar la defensa de Ucrania, al <a href=\"https:\/\/www.euronews.com\/my-europe\/2025\/10\/24\/belgian-resistance-holds-up-140-billion-loan-for-ukraine-at-eu-summit\" rel=\"nofollow noopener\" target=\"_blank\">no poder aplacar las preocupaciones belgas<\/a> sobre la propuesta. Esto provoc\u00f3 titulares que afirmaban que B\u00e9lgica hab\u00eda desbaratado el plan.<\/p>\n<p>\u00ab<strong>B\u00e9lgica no est\u00e1 bloqueando los pr\u00e9stamos<\/strong>\u00ab, declar\u00f3 Lahbib en el programa de &#8216;Euronews&#8217; <strong>The Europe Conversation<\/strong>. \u00abLlevamos dos a\u00f1os ofreciendo a los ucranianos [&#8230;] los intereses de estos pr\u00e9stamos\u00bb. Tambi\u00e9n reiter\u00f3 que usar los activos congelados de esta manera es territorio nuevo. <\/p>\n<p>\u00ab<strong>No tenemos un ejemplo a seguir<\/strong>, y hay que asegurarlo desde el punto de vista legal. Eso es lo m\u00e1s importante\u00bb, dijo. \u00abCreo que es solo cuesti\u00f3n de tiempo\u00bb. Mientras tanto, los l\u00edderes se decantaron el jueves por un lenguaje considerablemente m\u00e1s d\u00e9bil en sus conclusiones de la cumbre, encargando a la Comisi\u00f3n que presente \u00ablo antes posible\u00bb <strong>una lista de \u00abopciones\u00bb para cubrir las necesidades financieras<\/strong> y militares de Kiev para 2026 y 2027.<\/p>\n<p>El tema del apoyo financiero a Ucrania <strong>se retomar\u00e1 probablemente en otra cumbre<\/strong> del Consejo de la UE en diciembre.<\/p>\n<p>B\u00e9lgica no debe afrontar el riesgo sola<\/p>\n<p>B\u00e9lgica alberga la <a href=\"https:\/\/es.euronews.com\/my-europe\/2025\/03\/12\/el-parlamento-europeo-estudia-como-embargar-los-activos-rusos-para-ayudar-a-ucrania\" rel=\"nofollow noopener\" target=\"_blank\"><strong>mayor parte de los fondos rusos inmovilizados en la UE<\/strong><\/a> en la instituci\u00f3n Euroclear, con sede en Bruselas. El primer ministro del pa\u00eds, Bart De Wever, ha expresado su preocupaci\u00f3n tanto jur\u00eddica como financiera por la propuesta y la posici\u00f3n en que colocar\u00eda a B\u00e9lgica.<\/p>\n<p>La principal preocupaci\u00f3n para el pa\u00eds son <strong>las represalias rusas si Mosc\u00fa exige la devoluci\u00f3n de sus activos<\/strong> y se levantan las sanciones. Se\u00f1al\u00f3 a Jap\u00f3n, que posee 50.000 millones de euros en reservas del Banco Central ruso, y ya ha descartado utilizarlas para ayudar a Ucrania, como pretende hacer ahora la UE.<\/p>\n<p>De Wever tambi\u00e9n se hizo eco de la advertencia de la presidenta del Banco Central Europeo (BCE), <strong>Christine Lagarde<\/strong>, quien afirm\u00f3 que debe garantizarse la liquidez en efectivo si Rusia exige el reembolso. Tras la cumbre, De Wever afirm\u00f3 que la idea sigue en estudio. \u00abS\u00f3lo necesitamos asegurar el aspecto legal para estar seguros de que B\u00e9lgica no va a ser llevada ante un tribunal de justicia m\u00e1s adelante\u00bb, dijo Lahbib.<\/p>\n<p>\u00abVuestras fronteras son nuestras fronteras\u00bb<\/p>\n<p>El presidente ucraniano, Volod\u00edmir Zelenski, que tambi\u00e9n asisti\u00f3 a la cumbre del jueves, hab\u00eda pedido a los l\u00edderes antes de la reuni\u00f3n que <strong>tomaran medidas r\u00e1pidas para hacer pagar a Mosc\u00fa por su guerra<\/strong>. Los ataques rusos contra Ucrania <a href=\"https:\/\/es.euronews.com\/my-europe\/2025\/10\/23\/mas-presion-sobre-rusia-ese-es-el-plan-dice-zelenski-a-los-lideres-de-la-ue-en-bruselas\" rel=\"nofollow noopener\" target=\"_blank\">se han intensificado en las \u00faltimas semanas<\/a>, cada vez m\u00e1s dirigidos contra las infraestructuras energ\u00e9ticas ucranianas, pero tambi\u00e9n contra las civiles.<\/p>\n<p>El mi\u00e9rcoles, Rusia atac\u00f3 la segunda ciudad m\u00e1s grande de Ucrania, J\u00e1rkov<a href=\"https:\/\/es.euronews.com\/2025\/10\/22\/rusia-bombardea-una-guarderia-en-jarkov-con-ninos-dentro\" rel=\"nofollow noopener\" target=\"_blank\">, golpeando una guarder\u00eda<\/a>. <strong>Murieron varias personas, entre ellas varios ni\u00f1os<\/strong>. Lahbib subray\u00f3 que el mensaje a Ucrania sigue siendo claro. \u00abEstamos con los ucranianos y les apoyaremos en sus esfuerzos de guerra\u00bb.<\/p>\n<p>\u00abEstamos siempre a su lado. Les ayudaremos a defender sus fronteras, porque <strong>sus fronteras son nuestras fronteras<\/strong>, y no queremos que los rusos sigan acaparando territorios ucranianos\u00bb. <\/p>\n<p>Preguntada sobre si Europa est\u00e1 preparada para la guerra, se\u00f1al\u00f3 la naturaleza cambiante de la guerra. \u00abEstamos preparados todos los d\u00edas para todo\u00bb, dijo Lahbib. \u00abPero la guerra no es [&#8230;] un soldado llamando a tu puerta\u00bb. \u00abLa realidad actual es un virus, <strong>un ataque qu\u00edmico, un incidente nuclear<\/strong> que tal vez est\u00e9 provocado por <a href=\"https:\/\/es.euronews.com\/2025\/10\/09\/prepare-su-kit-de-supervivencia-de-72-horas-ante-el-posible-nuevo-apagon-en-espana\" rel=\"nofollow noopener\" target=\"_blank\">cortes de electricidad<\/a>. As\u00ed que tenemos que conocer bien las amenazas actuales\u00bb. <\/p>\n","protected":false},"excerpt":{"rendered":"Publicado 24\/10\/2025 &#8211; 18:01 CEST B\u00e9lgica no est\u00e1 intentando obstaculizar una nueva forma de financiar el esfuerzo b\u00e9lico&hellip;\n","protected":false},"author":2,"featured_media":198720,"comment_status":"","ping_status":"","sticky":false,"template":"","format":"standard","meta":{"footnotes":""},"categories":[42],"tags":[54752,3171,17,18,54871,13,14,7419,11,61,62,63,64,19,20,9,10,15,16,7354,12,21,22,14181,65,66,67],"class_list":{"0":"post-198719","1":"post","2":"type-post","3":"status-publish","4":"format-standard","5":"has-post-thumbnail","7":"category-internacional","8":"tag-bart-de-wever","9":"tag-belgica","10":"tag-breaking-news","11":"tag-breakingnews","12":"tag-cumbre-europea","13":"tag-featured-news","14":"tag-featurednews","15":"tag-guerra-en-ucrania","16":"tag-headlines","17":"tag-internacional","18":"tag-international","19":"tag-international-news","20":"tag-internationalnews","21":"tag-latest-news","22":"tag-latestnews","23":"tag-news","24":"tag-noticias","25":"tag-noticias-destacadas","26":"tag-noticiasdestacadas","27":"tag-rusia-ucrania-invasion","28":"tag-titulares","29":"tag-ultimas-noticias","30":"tag-ultimasnoticias","31":"tag-volodimir-zelenski","32":"tag-world","33":"tag-world-news","34":"tag-worldnews"},"share_on_mastodon":{"url":"https:\/\/pubeurope.com\/@es\/115430114258671970","error":""},"_links":{"self":[{"href":"https:\/\/www.europesays.com\/es\/wp-json\/wp\/v2\/posts\/198719","targetHints":{"allow":["GET"]}}],"collection":[{"href":"https:\/\/www.europesays.com\/es\/wp-json\/wp\/v2\/posts"}],"about":[{"href":"https:\/\/www.europesays.com\/es\/wp-json\/wp\/v2\/types\/post"}],"author":[{"embeddable":true,"href":"https:\/\/www.europesays.com\/es\/wp-json\/wp\/v2\/users\/2"}],"replies":[{"embeddable":true,"href":"https:\/\/www.europesays.com\/es\/wp-json\/wp\/v2\/comments?post=198719"}],"version-history":[{"count":0,"href":"https:\/\/www.europesays.com\/es\/wp-json\/wp\/v2\/posts\/198719\/revisions"}],"wp:featuredmedia":[{"embeddable":true,"href":"https:\/\/www.europesays.com\/es\/wp-json\/wp\/v2\/media\/198720"}],"wp:attachment":[{"href":"https:\/\/www.europesays.com\/es\/wp-json\/wp\/v2\/media?parent=198719"}],"wp:term":[{"taxonomy":"category","embeddable":true,"href":"https:\/\/www.europesays.com\/es\/wp-json\/wp\/v2\/categories?post=198719"},{"taxonomy":"post_tag","embeddable":true,"href":"https:\/\/www.europesays.com\/es\/wp-json\/wp\/v2\/tags?post=198719"}],"curies":[{"name":"wp","href":"https:\/\/api.w.org\/{rel}","templated":true}]}}