{"id":198721,"date":"2025-10-24T16:35:11","date_gmt":"2025-10-24T16:35:11","guid":{"rendered":"https:\/\/www.europesays.com\/es\/198721\/"},"modified":"2025-10-24T16:35:11","modified_gmt":"2025-10-24T16:35:11","slug":"antonio-tejero-recibe-el-alta-hospitalaria","status":"publish","type":"post","link":"https:\/\/www.europesays.com\/es\/198721\/","title":{"rendered":"Antonio Tejero recibe el alta hospitalaria"},"content":{"rendered":"<p class=\"ft-text\">El <a class=\"ft-link ft-link--decoration\" href=\"https:\/\/www.levante-emv.com\/comunitat-valenciana\/2025\/10\/24\/antonio-tejero-sigue-critico-hospital-valencia-122946993.html\" rel=\"nofollow noopener\" target=\"_blank\">ex teniente coronel de la Guardia Civil Antonio Tejero Molina<\/a> de 93 a\u00f1os de edad, uno de los protagonistas del <strong>golpe de Estado del 23 de febrero de 1981,<\/strong> se encuentra en situaci\u00f3n de estabilidad cl\u00ednica y ha recibido el alta hospitalaria.<\/p>\n<p class=\"ft-text\">As\u00ed lo asegurado su familia en un comunicado remitido a EFE por sus abogados, en el que actualiza la informaci\u00f3n sobre el estado de salud del ex teniente coronel golpista y asegura que continuar\u00e1 \u00absu recuperaci\u00f3n en el entorno familiar\u00bb.<\/p>\n<p><img decoding=\"async\" src=\"https:\/\/www.europesays.com\/es\/wp-content\/uploads\/2025\/10\/82f8acf2-bbc0-47b8-aa8a-947e909edad8_alta-libre-aspect-ratio_default_0.jpg\" width=\"1200\" height=\"798\" alt=\"Antonio Tejero est\u00e1 ingresado en un hospital privado de la provincia de Valencia.\" class=\"ft-helper-img-rd\" loading=\"lazy\" hasdataaida=\"true\"\/><\/p>\n<p class=\"ft-helper-fontColor-quaternary ft-helper-fontSize-body-S ft-helper-spacer-t-xxs\">Antonio Tejero est\u00e1 ingresado en un hospital privado de la provincia de Valencia.  \/ Agust\u00ed Perales Iborra<\/p>\n<p class=\"ft-text\">Tejero, <strong>de 93 a\u00f1os, <\/strong>estaba ingresado en \u00abestado terminal\u00bb, aunque \u00abconsciente y sereno\u00bb, en un centro hospitalario de Carcaixent, cerca del domicilio de una de sus hijas, seg\u00fan se\u00f1al\u00f3 ayer la familia en un primer comunicado.<\/p>\n<p class=\"ft-text\">Nacido <strong>en Alhaur\u00edn el Grande (M\u00e1laga) el 30 de abril de 1932<\/strong>, ingres\u00f3 en la Guardia Civil en 1951. El 23 de febrero de 1981 fue la cara visible del golpe de Estado al entrar en el Congreso de los Diputados pistola en mano y retener durante horas por las armas al Gobierno y los parlamentarios, reunidos en un pleno de investidura.<\/p>\n<p class=\"ft-text\">En el juicio posterior, celebrado en 1982, fue expulsado de la Guardia Civil y condenado a 30 a\u00f1os de reclusi\u00f3n. En 1996 obtuvo la liberta condicional.<\/p>\n","protected":false},"excerpt":{"rendered":"El ex teniente coronel de la Guardia Civil Antonio Tejero Molina de 93 a\u00f1os de edad, uno de&hellip;\n","protected":false},"author":2,"featured_media":198722,"comment_status":"","ping_status":"","sticky":false,"template":"","format":"standard","meta":{"footnotes":""},"categories":[8],"tags":[5593,1247,54498,17,18,12189,25,24,367,13,14,1160,11,35238,19,20,9,10,15,16,3684,23,10220,12,21,22],"class_list":{"0":"post-198721","1":"post","2":"type-post","3":"status-publish","4":"format-standard","5":"has-post-thumbnail","7":"category-espana","8":"tag-alta","9":"tag-antonio","10":"tag-antonio-tejero","11":"tag-breaking-news","12":"tag-breakingnews","13":"tag-comunitat-valenciana","14":"tag-es","15":"tag-espana","16":"tag-familia","17":"tag-featured-news","18":"tag-featurednews","19":"tag-guardia-civil","20":"tag-headlines","21":"tag-hospitalaria","22":"tag-latest-news","23":"tag-latestnews","24":"tag-news","25":"tag-noticias","26":"tag-noticias-destacadas","27":"tag-noticiasdestacadas","28":"tag-recibe","29":"tag-spain","30":"tag-tejero","31":"tag-titulares","32":"tag-ultimas-noticias","33":"tag-ultimasnoticias"},"share_on_mastodon":{"url":"https:\/\/pubeurope.com\/@es\/115430119026190293","error":""},"_links":{"self":[{"href":"https:\/\/www.europesays.com\/es\/wp-json\/wp\/v2\/posts\/198721","targetHints":{"allow":["GET"]}}],"collection":[{"href":"https:\/\/www.europesays.com\/es\/wp-json\/wp\/v2\/posts"}],"about":[{"href":"https:\/\/www.europesays.com\/es\/wp-json\/wp\/v2\/types\/post"}],"author":[{"embeddable":true,"href":"https:\/\/www.europesays.com\/es\/wp-json\/wp\/v2\/users\/2"}],"replies":[{"embeddable":true,"href":"https:\/\/www.europesays.com\/es\/wp-json\/wp\/v2\/comments?post=198721"}],"version-history":[{"count":0,"href":"https:\/\/www.europesays.com\/es\/wp-json\/wp\/v2\/posts\/198721\/revisions"}],"wp:featuredmedia":[{"embeddable":true,"href":"https:\/\/www.europesays.com\/es\/wp-json\/wp\/v2\/media\/198722"}],"wp:attachment":[{"href":"https:\/\/www.europesays.com\/es\/wp-json\/wp\/v2\/media?parent=198721"}],"wp:term":[{"taxonomy":"category","embeddable":true,"href":"https:\/\/www.europesays.com\/es\/wp-json\/wp\/v2\/categories?post=198721"},{"taxonomy":"post_tag","embeddable":true,"href":"https:\/\/www.europesays.com\/es\/wp-json\/wp\/v2\/tags?post=198721"}],"curies":[{"name":"wp","href":"https:\/\/api.w.org\/{rel}","templated":true}]}}