{"id":198723,"date":"2025-10-24T16:36:13","date_gmt":"2025-10-24T16:36:13","guid":{"rendered":"https:\/\/www.europesays.com\/es\/198723\/"},"modified":"2025-10-24T16:36:13","modified_gmt":"2025-10-24T16:36:13","slug":"en-finlandia-tiene-sentido-en-espana-no","status":"publish","type":"post","link":"https:\/\/www.europesays.com\/es\/198723\/","title":{"rendered":"En Finlandia tiene sentido; en Espa\u00f1a, no"},"content":{"rendered":"<p>            Las claves<\/p>\n<p>\n                nuevo<br \/>\n                Generado con IA\n            <\/p>\n<p>        <a class=\"key__news__heading--closed-content\" href=\"http:\/\/www.elespanol.com\/suscripciones\/#utm_source=internal&amp;utm_medium=claves\" rel=\"nofollow noopener\" target=\"_blank\"><\/p>\n<p class=\"item--text\">\n                            El f\u00edsico Jorge Mira argumenta que abolir el cambio de hora no tiene sentido en Espa\u00f1a debido a su latitud, a diferencia de Finlandia, que enfrenta condiciones lum\u00ednicas extremas.\n                        <\/p>\n<p class=\"item--text\">\n                            El cambio estacional de hora en Espa\u00f1a ayuda a sincronizar los ritmos circadianos con el ciclo solar, seg\u00fan explica el f\u00edsico.\n                        <\/p>\n<p class=\"item--text\">\n                            Mira destaca que la inclinaci\u00f3n del eje de la Tierra provoca variaciones en las horas de luz, justificando el ajuste horario en pa\u00edses como Espa\u00f1a.\n                        <\/p>\n<p class=\"paragraph\" id=\"paragraph_1\">Aunque este a\u00f1o ha sido <a href=\"https:\/\/www.elespanol.com\/ciencia\/salud\/20251021\/cientificos-sanchez-querer-acabar-cambio-hora-impone-locura-consecuencias\/1003743977069_0.html?utm_cmp_rs=linksinline\" rel=\"nofollow noopener\" target=\"_blank\">Espa\u00f1a el pa\u00eds que ha propuesto fijar un horario continuado<\/a> durante todo el a\u00f1o, no es la primera vez que esto sucede. De hecho, en\u00a0<strong>2018 fue Finlandia quien propuso<\/strong> a la Uni\u00f3n Europea <strong>suprimir<\/strong> el <strong>cambio estacional de hora<\/strong>.<\/p>\n<p class=\"paragraph\" id=\"paragraph_2\">Y no fue por salud, ni por motivos energ\u00e9ticos, siendo este \u00faltimo motivo la base original del cambio de hora a nivel europeo. No. La raz\u00f3n real, para Finlandia en particular, fueron las <strong>horas de luz y su latitud<\/strong>. Pero Espa\u00f1a no es Finlandia.<\/p>\n<p class=\"paragraph\" id=\"paragraph_3\">Este &#8216;problema de latitud&#8217; lo analiz\u00f3 el f\u00edsico Jorge Mira en <a href=\"https:\/\/thebigbangphysics.es\/por-que-es-necesario-el-cambio-de-hora-estacional\/\" rel=\"nofollow noopener\" target=\"_blank\">el blog The Big Bang Physics<\/a> durante el pasado a\u00f1o 2021. Y, como \u00e9l mismo explica, la propuesta de Finlandia <strong>tiene sentido por su localizaci\u00f3n<\/strong>: las condiciones lum\u00ednicas de Finlandia son muy particulares, siendo de noche durante toda la jornada en invierno, y de d\u00eda durante toda la jornada en verano. Pero <a href=\"https:\/\/www.elespanol.com\/ciencia\/salud\/20250329\/estudio-espanol-defienden-cambio-hora-sirve-sincronizar-actividad-humana\/934156902_0.html?utm_cmp_rs=linksinline\" rel=\"nofollow noopener\" target=\"_blank\">eso no sucede en Espa\u00f1a<\/a>.<\/p>\n<p class=\"paragraph\" id=\"paragraph_4\">Como explica Mira, Rovaniemi, la conocida &#8216;ciudad de Pap\u00e1 Noel&#8217;, se encuentra en Finlandia haciendo frontera con el c\u00edrculo polar \u00e1rtico, a una latitud de 67,5\u00ba. Espa\u00f1a, por su parte, se encuentra en una latitud de 43\u00baN. El <strong>problema<\/strong> que tiene <strong>Finlandia<\/strong> es que su situaci\u00f3n extrema (junto al resto de pa\u00edses escandinavos) implica <strong>dividir el a\u00f1o pr\u00e1cticamente en 6 meses de d\u00eda y 6 meses de noche<\/strong>.<\/p>\n<p class=\"paragraph\" id=\"paragraph_5\">Por tanto, como tambi\u00e9n explica el f\u00edsico, \u00absi en verano tienes sol las 24 horas del d\u00eda, te da igual jugar a f\u00fatbol a las 8 que a las 23 horas. Si en invierno tienes noche todo el d\u00eda, te da igual ir a la cama a las 3 que a las 17 horas\u00bb.<\/p>\n<p><img loading=\"lazy\" decoding=\"async\" alt=\"El meteor\u00f3logo Roberto Brasero alerta: llegan fuertes tormentas a Espa\u00f1a a partir de esta inminente fecha\" height=\"180\" src=\"https:\/\/www.europesays.com\/es\/wp-content\/uploads\/2025\/10\/1003743766264_255742422_320x180.jpg\" width=\"320\" data-lazy-status=\"processed\" data-lazy-info=\"remove loading item 1\"\/><\/p>\n<p class=\"paragraph\" id=\"paragraph_6\">Por su parte,<strong> en Espa\u00f1a, la variaci\u00f3n d\u00eda\/noche tambi\u00e9n cambia<\/strong>: poseemos 15 horas y media de luz en verano, y solo 9 horas en invierno. Pero no es un cambio tan extremo como Finlandia y sus vecinos. Como tambi\u00e9n explica el f\u00edsico, el momento de nuestra salida y puesta de sol se mueve unas 3 horas cada 6 meses:<\/p>\n<p class=\"paragraph\" id=\"paragraph_7\">\u00abTodo esto es debido a la<strong> inclinaci\u00f3n del eje de rotaci\u00f3n de la Tierra<\/strong> con respecto al que marca la traslaci\u00f3n alrededor del Sol [&#8230;] A finales de junio el polo norte estar\u00e1 a 23,5\u00ba inclinado hacia el Sol y, a finales de diciembre, inclinado lo mismo hacia el lado contrario. Total: nuestro planeta baila la friolera de 47\u00ba cada 6 meses\u00bb.<\/p>\n<p class=\"paragraph\" id=\"paragraph_8\">Y precisamente por esta inclinaci\u00f3n de la Tierra respecto a su \u00f3rbita alrededor del Sol es por lo que cambiamos la hora dos veces al a\u00f1o en pa\u00edses como Espa\u00f1a, seg\u00fan el f\u00edsico: estas variaciones de inclinaci\u00f3n dan lugar a que el punto de activaci\u00f3n del d\u00eda oscile demasiado y, aunque han pasado miles de a\u00f1os, <strong>nuestros ritmos circadianos siguen rigi\u00e9ndose igual que suced\u00eda con los humanos primitivos<\/strong>.<\/p>\n<p class=\"paragraph\" id=\"paragraph_9\">En la <strong>antig\u00fcedad<\/strong> <strong>nos levant\u00e1bamos con la luz del Sol<\/strong>, y nos acost\u00e1bamos en base a la oscuridad ambiental. <strong>Hoy en d\u00eda, sin embargo, dependemos de un reloj<\/strong>, el cual es independiente de la luz u oscuridad ambiental.<\/p>\n<p class=\"paragraph\" id=\"paragraph_10\">Si no se corrige dicho reloj, es decir, si no hay un cambio de hora de forma artificial, en verano nos levantar\u00edamos a una hora donde el Sol ya estar\u00eda muy alto: \u00abSi no se hiciese el cambio estacional de hora, a las 8:30 de la ma\u00f1ana de junio y julio el Sol estar\u00eda m\u00e1s alto sobre el horizonte de lo que est\u00e1 en cualquier momento de diciembre y enero, y eso en cualquier parte de la Pen\u00ednsula\u00bb.<\/p>\n<p><img decoding=\"async\" alt=\"Jos\u00e9 Mar\u00eda Mart\u00edn-Olalla, f\u00edsico de la Universidad de Sevilla.\" height=\"180\" loading=\"lazy\" width=\"320\" data-lazy-status=\"processed\" id=\"04cb84d8db\" src=\"https:\/\/www.elespanol.com\/ciencia\/20251024\/jorge-mira-fisico-rotundo-abolir-cambio-hora-pide-sanchez-finlandia-sentido-espana-no\/[\" https:=\"\" data-lazy-info=\"changed src\"\/><\/p>\n<p class=\"paragraph\" id=\"paragraph_11\">Por ello, seg\u00fan explica el f\u00edsico, el <strong>cambio estacional de hora s\u00ed merece la pena en pa\u00edses como Espa\u00f1a<\/strong>, pero no en otras zonas del mundo, como los pa\u00edses escandinavos. Tambi\u00e9n nos recuerda que siempre han existido grupos de presi\u00f3n que han pedido la supresi\u00f3n del cambio de hora, y que esta petici\u00f3n no es nueva.<\/p>\n<p class=\"paragraph\" id=\"paragraph_12\">Uno de los argumentos m\u00e1s repetidos es la <strong>necesidad de sincronizar adecuadamente nuestros ritmos circadianos<\/strong>; pero precisamente por dicho motivo explica Mira que es necesario mantener estos cambios de hora: para seguir sincroniz\u00e1ndonos todo lo posible con el Sol, en base a la latitud en la cual vivimos, al menos en Espa\u00f1a.<\/p>\n","protected":false},"excerpt":{"rendered":"Las claves nuevo Generado con IA El f\u00edsico Jorge Mira argumenta que abolir el cambio de hora no&hellip;\n","protected":false},"author":2,"featured_media":198724,"comment_status":"","ping_status":"","sticky":false,"template":"","format":"standard","meta":{"footnotes":""},"categories":[5],"tags":[17,18,119,25,24,13,14,11,19,20,9,10,15,16,2959,23,12,21,22],"class_list":{"0":"post-198723","1":"post","2":"type-post","3":"status-publish","4":"format-standard","5":"has-post-thumbnail","7":"category-titulares","8":"tag-breaking-news","9":"tag-breakingnews","10":"tag-ciencia","11":"tag-es","12":"tag-espana","13":"tag-featured-news","14":"tag-featurednews","15":"tag-headlines","16":"tag-latest-news","17":"tag-latestnews","18":"tag-news","19":"tag-noticias","20":"tag-noticias-destacadas","21":"tag-noticiasdestacadas","22":"tag-pedro-sanchez","23":"tag-spain","24":"tag-titulares","25":"tag-ultimas-noticias","26":"tag-ultimasnoticias"},"share_on_mastodon":{"url":"https:\/\/pubeurope.com\/@es\/115430122415588496","error":""},"_links":{"self":[{"href":"https:\/\/www.europesays.com\/es\/wp-json\/wp\/v2\/posts\/198723","targetHints":{"allow":["GET"]}}],"collection":[{"href":"https:\/\/www.europesays.com\/es\/wp-json\/wp\/v2\/posts"}],"about":[{"href":"https:\/\/www.europesays.com\/es\/wp-json\/wp\/v2\/types\/post"}],"author":[{"embeddable":true,"href":"https:\/\/www.europesays.com\/es\/wp-json\/wp\/v2\/users\/2"}],"replies":[{"embeddable":true,"href":"https:\/\/www.europesays.com\/es\/wp-json\/wp\/v2\/comments?post=198723"}],"version-history":[{"count":0,"href":"https:\/\/www.europesays.com\/es\/wp-json\/wp\/v2\/posts\/198723\/revisions"}],"wp:featuredmedia":[{"embeddable":true,"href":"https:\/\/www.europesays.com\/es\/wp-json\/wp\/v2\/media\/198724"}],"wp:attachment":[{"href":"https:\/\/www.europesays.com\/es\/wp-json\/wp\/v2\/media?parent=198723"}],"wp:term":[{"taxonomy":"category","embeddable":true,"href":"https:\/\/www.europesays.com\/es\/wp-json\/wp\/v2\/categories?post=198723"},{"taxonomy":"post_tag","embeddable":true,"href":"https:\/\/www.europesays.com\/es\/wp-json\/wp\/v2\/tags?post=198723"}],"curies":[{"name":"wp","href":"https:\/\/api.w.org\/{rel}","templated":true}]}}