{"id":198725,"date":"2025-10-24T16:37:18","date_gmt":"2025-10-24T16:37:18","guid":{"rendered":"https:\/\/www.europesays.com\/es\/198725\/"},"modified":"2025-10-24T16:37:18","modified_gmt":"2025-10-24T16:37:18","slug":"el-costa-del-sol-vuelve-al-ruedo-frente-al-guardes","status":"publish","type":"post","link":"https:\/\/www.europesays.com\/es\/198725\/","title":{"rendered":"El Costa del Sol vuelve al ruedo frente al Guard\u00e9s"},"content":{"rendered":"<p class=\"ft-text\">El Costa del Sol M\u00e1laga tiene su particular Tourmalet en este reanudaci\u00f3n de la competici\u00f3n que tendr\u00e1 vigencia hasta el pistoletazo de salida del Campeonato del Mundo. Varios puertos de mucho calibre para las panteras, que tienen siete citas en 21 d\u00edas. Palabras serias. El punto de partida ser\u00e1 este s\u00e1bado en casa ante el Mecalia Atl\u00e9tico Guard\u00e9s (19:00 horas). Un hueso duro en un encuentro entre las gallegas (segundas con 11 puntos) y las malague\u00f1as (terceras con 10). Una tarde especial por el regreso, 512 d\u00edas despu\u00e9s, de Silvia Arderius.<\/p>\n<p class=\"ft-text\">\u00abVolvemos con muchas ganas de seguir con la din\u00e1mica en la que estamos, recibiendo a un rival de los de arriba, que lleva varios a\u00f1os haciendo grand\u00edsimas temporadas. A ver si somos capaces de seguir haci\u00e9ndonos fuertes en casa y sacar dos puntos important\u00edsimos en este fren\u00e9tico calendario\u00bb, asegura en la previa Suso Gallardo, que analiza al conjunto de Ana Seabra: \u00abEs un rival directo, aunque los puntos siempre valen lo mismo. Es un partido que te dice donde est\u00e1s, ellas van a estar arriba y lo est\u00e1n demostrando. Es otra piedra de toque para seguir creciendo como grupo, afianz\u00e1ndonos, y confiar en que el trabajo est\u00e1 siendo bueno\u00bb.<\/p>\n<p class=\"ft-text\">Se enfrentan en Carranque dos equipos que a\u00fan no saben lo que es perder esta campa\u00f1a, dos tambi\u00e9n de los grandes aspirantes a la EHF European Cup. Ya se midieron en un amistoso en agosto en la Summer Bag, con la tanda de penaltis decidiendo para las gallegas. \u00abEn casa nos tenemos que hacer muy fuertes, sabemos lo dif\u00edcil que es ganar fuera. Es un partido para volver a dar un pu\u00f1etazo en la mesa y creyendo en el proyecto y confiando en el proceso de crecimiento del grupo\u00bb, cierra el t\u00e9cnico malague\u00f1o. El Mecalia Atl\u00e9tico Guard\u00e9s pierde por unas semanas a Nerea Gil, que no estar\u00e1 en M\u00e1laga.<\/p>\n<p class=\"ft-text\">La gran noticia en las panteras es el regreso de Silvia Arderius, que regresa tras su maternidad. M\u00e1s de 500 d\u00edas pasaron desde que Magic disputase su \u00faltimo partido oficial con el equipo malague\u00f1o. Este s\u00e1bado volver\u00e1 a las tablas de Carranque. Tambi\u00e9n est\u00e1 citada Martina Villalva. Siguen fuera Espe L\u00f3pez, Laura S\u00e1nchez y B\u00e1rbara Vela. Un partido candente, con muchas fichas en la mesa. Momento Costa del Sol M\u00e1laga.<\/p>\n","protected":false},"excerpt":{"rendered":"El Costa del Sol M\u00e1laga tiene su particular Tourmalet en este reanudaci\u00f3n de la competici\u00f3n que tendr\u00e1 vigencia&hellip;\n","protected":false},"author":2,"featured_media":198726,"comment_status":"","ping_status":"","sticky":false,"template":"","format":"standard","meta":{"footnotes":""},"categories":[278],"tags":[1517,10547,376,21591,2828,13975,168,25,24,1518,375,8202,16695,20067,2829,23,167,739],"class_list":{"0":"post-198725","1":"post","2":"type-post","3":"status-publish","4":"format-standard","5":"has-post-thumbnail","7":"category-balonmano","8":"tag-atletico","9":"tag-atletico-guardes","10":"tag-balonmano","11":"tag-carranque","12":"tag-costa","13":"tag-costa-del-sol","14":"tag-deportes","15":"tag-es","16":"tag-espana","17":"tag-guardes","18":"tag-handball","19":"tag-liga-guerreras-iberdrola","20":"tag-polideportivo-malaga","21":"tag-ruedo","22":"tag-sol","23":"tag-spain","24":"tag-sports","25":"tag-vuelve"},"share_on_mastodon":{"url":"https:\/\/pubeurope.com\/@es\/115430126018858145","error":""},"_links":{"self":[{"href":"https:\/\/www.europesays.com\/es\/wp-json\/wp\/v2\/posts\/198725","targetHints":{"allow":["GET"]}}],"collection":[{"href":"https:\/\/www.europesays.com\/es\/wp-json\/wp\/v2\/posts"}],"about":[{"href":"https:\/\/www.europesays.com\/es\/wp-json\/wp\/v2\/types\/post"}],"author":[{"embeddable":true,"href":"https:\/\/www.europesays.com\/es\/wp-json\/wp\/v2\/users\/2"}],"replies":[{"embeddable":true,"href":"https:\/\/www.europesays.com\/es\/wp-json\/wp\/v2\/comments?post=198725"}],"version-history":[{"count":0,"href":"https:\/\/www.europesays.com\/es\/wp-json\/wp\/v2\/posts\/198725\/revisions"}],"wp:featuredmedia":[{"embeddable":true,"href":"https:\/\/www.europesays.com\/es\/wp-json\/wp\/v2\/media\/198726"}],"wp:attachment":[{"href":"https:\/\/www.europesays.com\/es\/wp-json\/wp\/v2\/media?parent=198725"}],"wp:term":[{"taxonomy":"category","embeddable":true,"href":"https:\/\/www.europesays.com\/es\/wp-json\/wp\/v2\/categories?post=198725"},{"taxonomy":"post_tag","embeddable":true,"href":"https:\/\/www.europesays.com\/es\/wp-json\/wp\/v2\/tags?post=198725"}],"curies":[{"name":"wp","href":"https:\/\/api.w.org\/{rel}","templated":true}]}}