{"id":198727,"date":"2025-10-24T16:38:11","date_gmt":"2025-10-24T16:38:11","guid":{"rendered":"https:\/\/www.europesays.com\/es\/198727\/"},"modified":"2025-10-24T16:38:11","modified_gmt":"2025-10-24T16:38:11","slug":"la-semana-cultural-taurina-de-vera-celebra-su-19a-edicion-con-una-brillante-fusion-de-arte-y-cultura","status":"publish","type":"post","link":"https:\/\/www.europesays.com\/es\/198727\/","title":{"rendered":"La Semana Cultural Taurina de Vera celebra su 19\u00aa edici\u00f3n con una brillante fusi\u00f3n de arte y cultura"},"content":{"rendered":"<p style=\"text-align: justify;\">Los salones de la Terraza Carmona volvieron a ser el epicentro de la <strong>Semana Cultural Taurina de Vera<\/strong>, que en su 19\u00aa edici\u00f3n reafirm\u00f3 su prestigio como una de las citas m\u00e1s completas y participativas del calendario cultural almeriense. Bajo la direcci\u00f3n de Juan Miguel N\u00fa\u00f1ez, el ciclo reuni\u00f3 a un nutrido p\u00fablico y un cartel de invitados de primer nivel, consolidando su esencia como punto de encuentro entre el arte, la reflexi\u00f3n y la pasi\u00f3n por el mundo del toro.<\/p>\n<p style=\"text-align: justify;\">La inauguraci\u00f3n cont\u00f3 con tres exposiciones de notable nivel: la muestra de pintura de <strong>Beatriz Bartolom\u00e9<\/strong>, la escultura de <strong>Rafa Mir<\/strong> y una selecci\u00f3n de fotograf\u00eda firmada por <strong>Baltasar G\u00e1lvez<\/strong>, que aport\u00f3 una mirada \u00edntima y est\u00e9tica al universo taurino.<\/p>\n<p><strong class=\"relacionadas-titulo-gral\">Noticias Relacionadas<\/strong><\/p>\n<p style=\"text-align: justify;\">El programa combin\u00f3 ponencias, proyecciones y actuaciones que abarcaron distintas facetas de la cultura taurina. El psic\u00f3logo <strong>Ignacio Mart\u00edn Cuadrado<\/strong> evoc\u00f3 la figura de su abuelo, Juan Cuadrado, veratense ilustre y referente cultural con reconocimiento internacional. Por su parte, la ganadera M\u00aa Jes\u00fas Gualda ofreci\u00f3 una interesante disertaci\u00f3n sobre sus toros de El A\u00f1ad\u00edo, de encaste Santa Coloma, mientras que el periodista y narrador Juli\u00e1n Tom\u00e1s Garc\u00eda S\u00e1nchez llev\u00f3 al p\u00fablico en un emotivo viaje titulado \u201c<strong>Paseo por los mundos del Toro y el Flamenco\u201d.<\/strong><\/p>\n<p>&#13;<br \/>\n&#13;<\/p>\n<p style=\"text-align: justify;\">La velada flamenca que acompa\u00f1\u00f3 su intervenci\u00f3n estuvo a cargo de Julio y Jos\u00e9 Fajardo, al cante y a la guitarra respectivamente, junto a las bailaoras Juani Visiedo y Estela Soler, que derrocharon arte y comp\u00e1s.<\/p>\n<p style=\"text-align: justify;\">El torero portugu\u00e9s <strong>V\u00edctor Mendes<\/strong> protagoniz\u00f3 una de las intervenciones m\u00e1s esperadas con su ponencia \u201cEl sentido de la lidia\u201d, mientras que el director Juan Jos\u00e9 M\u00e1rquez present\u00f3 su cortometraje \u201cUna pasi\u00f3n m\u00e1s all\u00e1 del tiempo\u201d, protagonizado por Tom\u00e1s Entero y Luis Miguel Encabo, aportando una visi\u00f3n cinematogr\u00e1fica sobre el alma del toreo.<\/p>\n<p style=\"text-align: justify;\">Como cierre, la Banda Municipal de M\u00fasica de Vera, dirigida por Juan Francisco, ofreci\u00f3 un concierto en la Plaza Mayor, poniendo el broche de oro a una semana que volvi\u00f3 a demostrar que en Vera la tauromaquia sigue siendo cultura viva, emoci\u00f3n compartida y motivo de orgullo.<\/p>\n<p style=\"text-align: justify;\">\u00a0<\/p>\n","protected":false},"excerpt":{"rendered":"Los salones de la Terraza Carmona volvieron a ser el epicentro de la Semana Cultural Taurina de Vera,&hellip;\n","protected":false},"author":2,"featured_media":198728,"comment_status":"","ping_status":"","sticky":false,"template":"","format":"standard","meta":{"footnotes":""},"categories":[277],"tags":[373,168,25,24,23,167,374],"class_list":{"0":"post-198727","1":"post","2":"type-post","3":"status-publish","4":"format-standard","5":"has-post-thumbnail","7":"category-toreo","8":"tag-bullfighting","9":"tag-deportes","10":"tag-es","11":"tag-espana","12":"tag-spain","13":"tag-sports","14":"tag-toreo"},"share_on_mastodon":{"url":"https:\/\/pubeurope.com\/@es\/115430129880606406","error":""},"_links":{"self":[{"href":"https:\/\/www.europesays.com\/es\/wp-json\/wp\/v2\/posts\/198727","targetHints":{"allow":["GET"]}}],"collection":[{"href":"https:\/\/www.europesays.com\/es\/wp-json\/wp\/v2\/posts"}],"about":[{"href":"https:\/\/www.europesays.com\/es\/wp-json\/wp\/v2\/types\/post"}],"author":[{"embeddable":true,"href":"https:\/\/www.europesays.com\/es\/wp-json\/wp\/v2\/users\/2"}],"replies":[{"embeddable":true,"href":"https:\/\/www.europesays.com\/es\/wp-json\/wp\/v2\/comments?post=198727"}],"version-history":[{"count":0,"href":"https:\/\/www.europesays.com\/es\/wp-json\/wp\/v2\/posts\/198727\/revisions"}],"wp:featuredmedia":[{"embeddable":true,"href":"https:\/\/www.europesays.com\/es\/wp-json\/wp\/v2\/media\/198728"}],"wp:attachment":[{"href":"https:\/\/www.europesays.com\/es\/wp-json\/wp\/v2\/media?parent=198727"}],"wp:term":[{"taxonomy":"category","embeddable":true,"href":"https:\/\/www.europesays.com\/es\/wp-json\/wp\/v2\/categories?post=198727"},{"taxonomy":"post_tag","embeddable":true,"href":"https:\/\/www.europesays.com\/es\/wp-json\/wp\/v2\/tags?post=198727"}],"curies":[{"name":"wp","href":"https:\/\/api.w.org\/{rel}","templated":true}]}}