{"id":198741,"date":"2025-10-24T16:47:18","date_gmt":"2025-10-24T16:47:18","guid":{"rendered":"https:\/\/www.europesays.com\/es\/198741\/"},"modified":"2025-10-24T16:47:18","modified_gmt":"2025-10-24T16:47:18","slug":"el-robo-en-el-museo-louvre-y-la-seguridad-de-las-colecciones-en-museos-el-caso-colombiano-noticias-hoy","status":"publish","type":"post","link":"https:\/\/www.europesays.com\/es\/198741\/","title":{"rendered":"El robo en el Museo Louvre y la seguridad de las colecciones en museos: el caso colombiano | Noticias hoy"},"content":{"rendered":"<p><img alt=\"El Museo de Arte Miguel Urrutia, del Banco de la Rep\u00fablica, expone custodias coloniales como &quot;La Lechuga&quot; (al fondo), que protegen dentro de una b\u00f3veda de seguridad.\" class=\"ImageArticle-Image\" src=\"https:\/\/www.europesays.com\/es\/wp-content\/uploads\/2025\/10\/JTTJ5UCX45F5RKUTAHIGWJ3WEA.jpg\" width=\"5302\" height=\"3386\" loading=\"eager\" decoding=\"async\" fetchpriority=\"high\"\/><\/p>\n<p>El Museo de Arte Miguel Urrutia, del Banco de la Rep\u00fablica, expone custodias coloniales como \u00abLa Lechuga\u00bb (al fondo), que protegen dentro de una b\u00f3veda de seguridad.<\/p>\n<p>Foto: Banco de la Rep\u00fablica<\/p>\n<p class=\"font--secondary\">\u201cUno se sorprende ante un hecho como el del Louvre, porque uno pensar\u00eda que tienen sistemas mucho m\u00e1s fuertes, pero pueden ser tan d\u00e9biles como los nuestros\u201d, dijo Elvira Pinz\u00f3n directora la Casa Museo Quinta de Bol\u00edvar. <\/p>\n<p class=\"font--secondary\">En medio del revuelo mundial que gener\u00f3 el robo en la Galer\u00eda de Apolo del museo parisino, museos y expertos alrededor del mundo se han hecho la pregunta sobre la seguridad de sus colecciones. El pasado 19 de octubre, el mundo vio con asombro c\u00f3mo ocho de las joyas de la corona francesa fueron robadas del Louvre. Con un&#8230;<\/p>\n","protected":false},"excerpt":{"rendered":"El Museo de Arte Miguel Urrutia, del Banco de la Rep\u00fablica, expone custodias coloniales como \u00abLa Lechuga\u00bb (al&hellip;\n","protected":false},"author":2,"featured_media":198742,"comment_status":"","ping_status":"","sticky":false,"template":"","format":"standard","meta":{"footnotes":""},"categories":[173],"tags":[229,233,231,230,232,234,146,147,25,24,54872,23],"class_list":{"0":"post-198741","1":"post","2":"type-post","3":"status-publish","4":"format-standard","5":"has-post-thumbnail","7":"category-arte-y-diseno","8":"tag-arte","9":"tag-arte-y-diseno","10":"tag-arts","11":"tag-arts-and-design","12":"tag-design","13":"tag-diseno","14":"tag-entertainment","15":"tag-entretenimiento","16":"tag-es","17":"tag-espana","18":"tag-robos-de-arte","19":"tag-spain"},"share_on_mastodon":{"url":"https:\/\/pubeurope.com\/@es\/115430165508688427","error":""},"_links":{"self":[{"href":"https:\/\/www.europesays.com\/es\/wp-json\/wp\/v2\/posts\/198741","targetHints":{"allow":["GET"]}}],"collection":[{"href":"https:\/\/www.europesays.com\/es\/wp-json\/wp\/v2\/posts"}],"about":[{"href":"https:\/\/www.europesays.com\/es\/wp-json\/wp\/v2\/types\/post"}],"author":[{"embeddable":true,"href":"https:\/\/www.europesays.com\/es\/wp-json\/wp\/v2\/users\/2"}],"replies":[{"embeddable":true,"href":"https:\/\/www.europesays.com\/es\/wp-json\/wp\/v2\/comments?post=198741"}],"version-history":[{"count":0,"href":"https:\/\/www.europesays.com\/es\/wp-json\/wp\/v2\/posts\/198741\/revisions"}],"wp:featuredmedia":[{"embeddable":true,"href":"https:\/\/www.europesays.com\/es\/wp-json\/wp\/v2\/media\/198742"}],"wp:attachment":[{"href":"https:\/\/www.europesays.com\/es\/wp-json\/wp\/v2\/media?parent=198741"}],"wp:term":[{"taxonomy":"category","embeddable":true,"href":"https:\/\/www.europesays.com\/es\/wp-json\/wp\/v2\/categories?post=198741"},{"taxonomy":"post_tag","embeddable":true,"href":"https:\/\/www.europesays.com\/es\/wp-json\/wp\/v2\/tags?post=198741"}],"curies":[{"name":"wp","href":"https:\/\/api.w.org\/{rel}","templated":true}]}}