{"id":198743,"date":"2025-10-24T16:48:17","date_gmt":"2025-10-24T16:48:17","guid":{"rendered":"https:\/\/www.europesays.com\/es\/198743\/"},"modified":"2025-10-24T16:48:17","modified_gmt":"2025-10-24T16:48:17","slug":"queria-una-historia-personal-que-pudiese-escribir-desde-las-tripas","status":"publish","type":"post","link":"https:\/\/www.europesays.com\/es\/198743\/","title":{"rendered":"\u00abQuer\u00eda una historia personal, que pudiese escribir desde las tripas\u00bb"},"content":{"rendered":"<p style=\"\">Es uno de los tres integrantes del seud\u00f3nimo Carmen Mola (junto con Jorge D\u00edaz y Agust\u00edn Mart\u00ednez), pero Antonio Mercero ahora retoma su carrera en solitario con su nueva novela &#8216;Est\u00e1 lloviendo y te quiero&#8217;. Una obra que presentar\u00e1 este <strong>viernes 24 en la Feria <\/strong> &#8230; <strong>del Libro de C\u00f3rdoba<\/strong> y con la que ha querido sumergirse en las entra\u00f1as de una historia familiar que recorre el siglo XX espa\u00f1ol a partir de un reloj de pared de su tatarabuelo. <\/p>\n<p class=\"voc-p\" style=\"\"><strong>-\u00bfQu\u00e9 supone visitar C\u00f3rdoba?<\/strong><\/p>\n<p class=\"voc-p\" style=\"\">-Es la primera vez que voy, as\u00ed que me apetece mucho ver el ambiente porque me han hablado bien de la feria. Adem\u00e1s se da la circunstancia de que es la primera presentaci\u00f3n que hago de esta novela. <a href=\"https:\/\/www.abc.es\/espana\/andalucia\/cordoba\/luz-gabas-nunca-visto-westerns-violencia-demonizacion-20251017063916-nts.html\" target=\"_self\" data-voc-vtm-id=\"in-text-traffic\" title=\"La primera visita\" rel=\"nofollow noopener\">La primera visita<\/a> a C\u00f3rdoba va a ser especial por eso. <\/p>\n<p class=\"voc-p\" style=\"\"><strong>-\u00bfQu\u00e9 se va a encontrar el lector en &#8216;Est\u00e1 lloviendo y te quiero&#8217;?<\/strong><\/p>\n<p class=\"voc-p\" style=\"\">-Lo primero que se va a encontrar es un reloj de pared de finales del siglo XIX en &#8216;Wallapop&#8217;, que es lo que me encontr\u00e9 yo en realidad como escritor. Ah\u00ed tuve el primer chispazo, porque ese reloj era de mi tatarabuelo. El lector se va encontrar con un reloj de pared que representa un misterio. La persona que lo compra ve que a su madre le da un infarto al verlo. En el reloj hay un mensaje que atranca el mecanismo: \u00abEst\u00e1 lloviendo y te quiero\u00bb. Nos remontaremos al municipio de Lasarte de 1916, donde naci\u00f3 mi padre. Conoceremos la historia de una familia a lo largo de cuatro generaciones, la historia de Espa\u00f1a a trav\u00e9s del siglo XX. <\/p>\n<p class=\"voc-p\" style=\"\"><strong>-\u00bfC\u00f3mo fue el proceso creativo hasta encontrar esta historia?<\/strong><\/p>\n<p class=\"voc-p\" style=\"\">-Ha sido un poco casual. Yo quer\u00eda escribir una historia individual para as\u00ed descansar de Carmen Mola y recuperar mi carrera en solitario. Quer\u00eda una historia que fuera personal, que pudiese escribir desde las tripas, desde el coraz\u00f3n, que fuera muy personal. La casualidad se dio cuando encontr\u00e9 el reloj de mi tatarabuelo en internet. Fue la chispa que me hizo escribir sobre mi familia paterna. He hecho una reflexi\u00f3n sobre el paso del tiempo y sobre el concepto del tiempo a lo largo de cada generaci\u00f3n. <\/p>\n<p class=\"voc-title\">\u00abEncontrar el reloj de mi tatarabuelo en &#8216;wallapop&#8217; fue la chispa que me hizo escribir sobre mi familia paterna\u00bb<\/p>\n<p class=\"voc-p\" style=\"\"><strong>-Su padre es un elemento clave a la hora de escribir este libro, \u00bfno?<\/strong><\/p>\n<p class=\"voc-p\" style=\"\">-El t\u00edtulo de la novela es de un guion in\u00e9dito de mi padre que se qued\u00f3 en un caj\u00f3n, pero la historia no. Me pareci\u00f3 un homenaje bonito. En el guion original, mi padre hablaba de los recuerdos de infancia en Lasarte y San Sebasti\u00e1n, pero la novela no tiene nada que ver con el contenido de ese guion in\u00e9dito. <\/p>\n<p class=\"voc-p\" style=\"\"><strong>-\u00bfHay mucho de su experiencia vital en la obra?<\/strong><\/p>\n<p class=\"voc-p\" style=\"\">-La novela es ficci\u00f3n, todo lo que le sucede a los personajes es ficci\u00f3n. Pero tiene una base de realidad en los personajes, los lugares y desde luego en el contexto hist\u00f3rico. Todo eso es muy real, pero dentro de ese marco est\u00e1n las peripecias que a m\u00ed se me han ido ocurriendo. Hay algunos recuerdos y, aunque es ficci\u00f3n, siento que la novela es un homenaje de mi padre, de su tierra, de sus aficiones y su forma de ser. Eso s\u00ed est\u00e1.<\/p>\n<p class=\"voc-p\" style=\"\"><strong>-Ha sido un viaje sentimental m\u00e1s all\u00e1 de una novela de ficci\u00f3n, \u00bfno?<\/strong><\/p>\n<p class=\"voc-p\" style=\"\">-S\u00ed, s\u00ed que lo es. Nunca hab\u00eda hecho esto de hablar de cosas tan personales y vivencias familiares. En este tipo de temas, siempre entras con un poquito de precauci\u00f3n con un sentimiento de v\u00e9rtigo, de responsabilidad. Al final encontr\u00e9 el<a href=\"https:\/\/www.abc.es\/espana\/andalucia\/cordoba\/isaac-rosa-protagoniza-jornada-dominical-feria-libro-20251019091446-nts.html\" target=\"_self\" data-voc-vtm-id=\"in-text-traffic\" title=\" manto de la ficci\u00f3n\" rel=\"nofollow noopener\"> manto de la ficci\u00f3n<\/a> para salir del paso. Todo lo que les pase a los personajes lo voy a inventar y as\u00ed voy m\u00e1s abrigado con la ficci\u00f3n y no estoy tan expuesto a la realidad. <\/p>\n<p class=\"voc-title\">\u00abEl t\u00edtulo de la novela es de un guion in\u00e9dito de mi padre que se qued\u00f3 en un caj\u00f3n; me pareci\u00f3 un homenaje bonito\u00bb<\/p>\n<p class=\"voc-p\" style=\"\"><strong>-El v\u00ednculo familiar es un pilar fundamental del nuevo libro, \u00bfpor qu\u00e9 apostar ahora por una novela que explora las ra\u00edces m\u00e1s personales?<\/strong><\/p>\n<p class=\"voc-p\" style=\"\">-La familia como lugar de exploraci\u00f3n narrativa me gusta, es inagotable. Son las relaciones quiz\u00e1 m\u00e1s poderosas que tenemos los seres humanos y son curiosamente las \u00fanicas que no hemos escogido. Nos vienen por azar y nos tenemos que acostumbrar a relacionarnos con un se\u00f1or y una se\u00f1ora que son pap\u00e1 y mam\u00e1. La historia de una familia puede ser territorio de maravillas, pero tambi\u00e9n puede ser un peque\u00f1o infierno seg\u00fan la suerte que tenga cada uno. Puede ser territorio de emociones muy intensas, positivas, lealtades o amores; y puede ser territorio de tiran\u00edas, de abusos, de odios y de rencores. Como escritor a m\u00ed me interesa este universo y ahora lo hago a trav\u00e9s de cuatro generaciones. Al hablar del siglo XX espa\u00f1ol tienes que hablar de la Guerra Civil, del franquismo y de la represi\u00f3n. Te metes en un territorio de una espesura sentimental que hay que ir desbrozando. <a href=\"https:\/\/www.abc.es\/espana\/andalucia\/cordoba\/tendillas-reinas-espana-alhucemas-vida-campo-autores-20251018090612-nts.html\" target=\"_self\" data-voc-vtm-id=\"in-text-traffic\" title=\"Hay de todo\" rel=\"nofollow noopener\">Hay de todo<\/a> en el libro: odio, adicciones, idealismos, separaci\u00f3n, dolor&#8230;<\/p>\n<p class=\"voc-p\" style=\"\"><strong>-\u00bfC\u00f3mo ha sido volver a escribir en solitario tras la experiencia de escribir con dos autores m\u00e1s en Carmen Mola?<\/strong><\/p>\n<p class=\"voc-p\" style=\"\">-A m\u00ed me ha gustado, al principio hay que acostumbrarse, hay que aprender otra vez a escribir solo porque yo estoy muy acostumbrado a que, con Carmen Mola, el trabajo en equipo es muy fluido. Te proteges muy bien en equipo de la pereza y de la autocomplacencia, que son los dos grandes enemigos del escritor. Cuando est\u00e1s solo tienes que defenderte t\u00fa en cada bloqueo creativo, en cada inseguridad, en cada tarde de pereza o en cada tentaci\u00f3n de quedarte en lo que se te da bien y no salir a campo abierto a escribir. Me ha gustado estar solo, a veces he echado de menos a mis compa\u00f1eros, pero a veces me he felicitado de poder estar solo y creo que la experiencia ha merecido la pena. <\/p>\n","protected":false},"excerpt":{"rendered":"Es uno de los tres integrantes del seud\u00f3nimo Carmen Mola (junto con Jorge D\u00edaz y Agust\u00edn Mart\u00ednez), pero&hellip;\n","protected":false},"author":2,"featured_media":198744,"comment_status":"","ping_status":"","sticky":false,"template":"","format":"standard","meta":{"footnotes":""},"categories":[172],"tags":[1247,224,146,147,25,24,225,42901,23],"class_list":{"0":"post-198743","1":"post","2":"type-post","3":"status-publish","4":"format-standard","5":"has-post-thumbnail","7":"category-libros","8":"tag-antonio","9":"tag-books","10":"tag-entertainment","11":"tag-entretenimiento","12":"tag-es","13":"tag-espana","14":"tag-libros","15":"tag-mercero","16":"tag-spain"},"share_on_mastodon":{"url":"https:\/\/pubeurope.com\/@es\/115430169260603123","error":""},"_links":{"self":[{"href":"https:\/\/www.europesays.com\/es\/wp-json\/wp\/v2\/posts\/198743","targetHints":{"allow":["GET"]}}],"collection":[{"href":"https:\/\/www.europesays.com\/es\/wp-json\/wp\/v2\/posts"}],"about":[{"href":"https:\/\/www.europesays.com\/es\/wp-json\/wp\/v2\/types\/post"}],"author":[{"embeddable":true,"href":"https:\/\/www.europesays.com\/es\/wp-json\/wp\/v2\/users\/2"}],"replies":[{"embeddable":true,"href":"https:\/\/www.europesays.com\/es\/wp-json\/wp\/v2\/comments?post=198743"}],"version-history":[{"count":0,"href":"https:\/\/www.europesays.com\/es\/wp-json\/wp\/v2\/posts\/198743\/revisions"}],"wp:featuredmedia":[{"embeddable":true,"href":"https:\/\/www.europesays.com\/es\/wp-json\/wp\/v2\/media\/198744"}],"wp:attachment":[{"href":"https:\/\/www.europesays.com\/es\/wp-json\/wp\/v2\/media?parent=198743"}],"wp:term":[{"taxonomy":"category","embeddable":true,"href":"https:\/\/www.europesays.com\/es\/wp-json\/wp\/v2\/categories?post=198743"},{"taxonomy":"post_tag","embeddable":true,"href":"https:\/\/www.europesays.com\/es\/wp-json\/wp\/v2\/tags?post=198743"}],"curies":[{"name":"wp","href":"https:\/\/api.w.org\/{rel}","templated":true}]}}