{"id":198759,"date":"2025-10-24T16:57:10","date_gmt":"2025-10-24T16:57:10","guid":{"rendered":"https:\/\/www.europesays.com\/es\/198759\/"},"modified":"2025-10-24T16:57:10","modified_gmt":"2025-10-24T16:57:10","slug":"la-oms-pide-la-apertura-de-corredores-medicos-para-evacuar-pacientes-de-gaza","status":"publish","type":"post","link":"https:\/\/www.europesays.com\/es\/198759\/","title":{"rendered":"La OMS pide la apertura de corredores m\u00e9dicos para evacuar pacientes de Gaza"},"content":{"rendered":"<p>    <img src=\"https:\/\/www.europesays.com\/es\/wp-content\/uploads\/2025\/10\/2025-10-24T143A093A25Z-90222107.jpg\" width=\"1024\" height=\"682\" alt=\"\" loading=\"eager\" decoding=\"sync\" fetchpriority=\"high\"\/><\/p>\n<p>            afp_tickers        <\/p>\n<p>        Este contenido fue publicado en    <\/p>\n<p>        24 octubre 2025 &#8211; 16:09\n<\/p>\n<p>La apertura de corredores m\u00e9dicos para evacuar a pacientes de la Franja de Gaza supondr\u00eda un \u00abpunto de inflexi\u00f3n\u00bb para las 15.000 personas que necesitan tratamiento fuera del territorio devastado por la guerra, afirm\u00f3 el viernes la Organizaci\u00f3n Mundial de la Salud (OMS).<\/p>\n<p>La OMS apoy\u00f3 la evacuaci\u00f3n m\u00e9dica de casi 7.800 pacientes desde que estall\u00f3 la guerra entre Israel y Ham\u00e1s en Gaza en octubre de 2023, que destruy\u00f3 la infraestructura sanitaria del estrecho territorio palestino.<\/p>\n<p>El alto el fuego negociado por Estados Unidos entr\u00f3 en vigor el 10 de octubre, pero la OMS apenas pudo realizar una misi\u00f3n de evacuaci\u00f3n m\u00e9dica desde entonces.<\/p>\n<p>En esa misi\u00f3n logr\u00f3 evacuar a 41 pacientes cr\u00edticos y 145 acompa\u00f1antes.<\/p>\n<p>Rik Peeperkorn, representante de la OMS en los territorios palestinos, pidi\u00f3 que se abrieran todos los cruces de Gaza hacia Israel y Egipto durante el alto el fuego, tanto para evacuaciones m\u00e9dicas como para la entrada de ayuda humanitaria.<\/p>\n<p>\u00abEstamos preparados para aumentar [las evacuaciones] hasta un m\u00ednimo de 50 pacientes al d\u00eda m\u00e1s acompa\u00f1antes, como hicimos durante el alto el fuego anterior\u00bb, declar\u00f3 en videoconferencia desde Jerusal\u00e9n.\u00a0<\/p>\n<p>Hay dos evacuaciones m\u00e9dicas previstas para la pr\u00f3xima semana, pero \u00abqueremos poder realizar evacuaciones m\u00e9dicas todos los d\u00edas\u00bb, afirm\u00f3.\u00a0<\/p>\n<p>Al ritmo actual, la evacuaci\u00f3n de las 15.000 personas que necesitan tratamiento fuera de Gaza, entre ellas 4.000 ni\u00f1os, se prolongar\u00eda una d\u00e9cada aproximadamente, advirti\u00f3 Peeperkorn.<\/p>\n<p>\u00abEs necesario abrir todos los corredores m\u00e9dicos\u00bb, insisti\u00f3, incluidos los que conducen a los hospitales de Cisjordania y Jerusal\u00e9n Este, como ocurr\u00eda habitualmente antes de la guerra.\u00a0<\/p>\n<p>\u00abEs vital y es la ruta m\u00e1s rentable. Si se abriera esa ruta, realmente ser\u00eda un punto de inflexi\u00f3n\u00bb, subray\u00f3.<\/p>\n<p>Abrir el paso fronterizo de Rafah hacia Egipto para evacuaciones m\u00e9dicas diarias permitir\u00eda que los pacientes recibieran tratamiento all\u00ed o fueran trasladados a otros pa\u00edses.\u00a0<\/p>\n<p>La OMS afirma que, desde que comenz\u00f3 la guerra, m\u00e1s de 700 personas han fallecido mientras esperaban ser evacuadas por motivos m\u00e9dicos.<\/p>\n<p>rjm\/nl\/sag\/rnr<\/p>\n","protected":false},"excerpt":{"rendered":"afp_tickers Este contenido fue publicado en 24 octubre 2025 &#8211; 16:09 La apertura de corredores m\u00e9dicos para evacuar&hellip;\n","protected":false},"author":2,"featured_media":198760,"comment_status":"","ping_status":"","sticky":false,"template":"","format":"standard","meta":{"footnotes":""},"categories":[42],"tags":[635,17,18,636,83,13,14,11,165,61,62,63,64,19,20,9,10,15,16,88,90,12,21,22,65,66,67],"class_list":{"0":"post-198759","1":"post","2":"type-post","3":"status-publish","4":"format-standard","5":"has-post-thumbnail","7":"category-internacional","8":"tag-armed-conflict","9":"tag-breaking-news","10":"tag-breakingnews","11":"tag-conflict","12":"tag-diplomacy","13":"tag-featured-news","14":"tag-featurednews","15":"tag-headlines","16":"tag-health","17":"tag-internacional","18":"tag-international","19":"tag-international-news","20":"tag-internationalnews","21":"tag-latest-news","22":"tag-latestnews","23":"tag-news","24":"tag-noticias","25":"tag-noticias-destacadas","26":"tag-noticiasdestacadas","27":"tag-politics","28":"tag-ticker","29":"tag-titulares","30":"tag-ultimas-noticias","31":"tag-ultimasnoticias","32":"tag-world","33":"tag-world-news","34":"tag-worldnews"},"share_on_mastodon":{"url":"https:\/\/pubeurope.com\/@es\/115430204895675225","error":""},"_links":{"self":[{"href":"https:\/\/www.europesays.com\/es\/wp-json\/wp\/v2\/posts\/198759","targetHints":{"allow":["GET"]}}],"collection":[{"href":"https:\/\/www.europesays.com\/es\/wp-json\/wp\/v2\/posts"}],"about":[{"href":"https:\/\/www.europesays.com\/es\/wp-json\/wp\/v2\/types\/post"}],"author":[{"embeddable":true,"href":"https:\/\/www.europesays.com\/es\/wp-json\/wp\/v2\/users\/2"}],"replies":[{"embeddable":true,"href":"https:\/\/www.europesays.com\/es\/wp-json\/wp\/v2\/comments?post=198759"}],"version-history":[{"count":0,"href":"https:\/\/www.europesays.com\/es\/wp-json\/wp\/v2\/posts\/198759\/revisions"}],"wp:featuredmedia":[{"embeddable":true,"href":"https:\/\/www.europesays.com\/es\/wp-json\/wp\/v2\/media\/198760"}],"wp:attachment":[{"href":"https:\/\/www.europesays.com\/es\/wp-json\/wp\/v2\/media?parent=198759"}],"wp:term":[{"taxonomy":"category","embeddable":true,"href":"https:\/\/www.europesays.com\/es\/wp-json\/wp\/v2\/categories?post=198759"},{"taxonomy":"post_tag","embeddable":true,"href":"https:\/\/www.europesays.com\/es\/wp-json\/wp\/v2\/tags?post=198759"}],"curies":[{"name":"wp","href":"https:\/\/api.w.org\/{rel}","templated":true}]}}