{"id":198761,"date":"2025-10-24T16:58:11","date_gmt":"2025-10-24T16:58:11","guid":{"rendered":"https:\/\/www.europesays.com\/es\/198761\/"},"modified":"2025-10-24T16:58:11","modified_gmt":"2025-10-24T16:58:11","slug":"el-gobierno-andaluz-eleva-a-2-317-las-mujeres-que-han-sufrido-fallos-con-sus-pruebas-para-detectar-cancer-de-mama","status":"publish","type":"post","link":"https:\/\/www.europesays.com\/es\/198761\/","title":{"rendered":"El Gobierno andaluz eleva a 2.317 las mujeres que han sufrido fallos con sus pruebas para detectar c\u00e1ncer de mama"},"content":{"rendered":"<p class=\"article-text\">\n        El consejero de Sanidad, Presidencia y Emergencias, Antonio Sanz, ha presidido este viernes en Sevilla la reci\u00e9n constituida comisi\u00f3n de seguimiento de los \u201cproblemas detectados en el Plan de cribado de c\u00e1ncer de mama\u201d, un \u00f3rgano creado expresamente para afrontar la crisis de los diagn\u00f3sticos tard\u00edos que ha zarandeado al Gobierno andaluz de Juan Manuel Moreno. Y en la misma se ha dado una cifra actualizada de las mujeres afectadas por este problema: son 2.317 frente a las menos de 2.000 que se anunciaron inicialmente.\n    <\/p>\n<p>    <a href=\"https:\/\/www.eldiario.es\/andalucia\/teta-anabel-oreja-gogh-mamografia-parlamento-andaluz-rompe-escudo-moreno-crisis-cribados_1_12708904.html\" data-mrf-recirculation=\"saber-mas\" data-dl-event=\"saber-mas\" rel=\"nofollow noopener\" target=\"_blank\"><\/p>\n<p class=\"know-more__title\">\u00abLa teta de Anabel\u00bb antes de la Oreja de Van Gogh: una mamograf\u00eda en el Parlamento andaluz rompe el escudo de Moreno para la crisis de los cribados<\/p>\n<p>            <img decoding=\"async\" class=\"lazy\" loading=\"lazy\" data-src=\"https:\/\/static.eldiario.es\/clip\/8289221f-f243-4cb0-a27e-3ff90327c1d0_16-9-aspect-ratio_default_0.jpg\" src=\"data:image\/svg+xml,%3Csvg xmlns=\" http:=\"\" viewbox=\"0 0 880 495\" alt=\"&quot;La teta de Anabel&quot; antes de la Oreja de Van Gogh: una mamograf\u00eda en el Parlamento andaluz rompe el escudo de Moreno para la crisis de los cribados\"\/><\/p>\n<p>                        <\/a><\/p>\n<p class=\"article-text\">\n        Durante la reuni\u00f3n, se ha informado de que se identificaron 2.317 mujeres con hallazgos radiol\u00f3gicos que generaban dudas \u2013de las que en torno al 90% son del hospital Virgen del Roc\u00edo de Sevilla\u2013 y que hab\u00edan superado el plazo recomendado por las gu\u00edas cl\u00ednicas para el seguimiento de esos hallazgos. De estas 2.317, hay 1.778 a las que se le realizado ya la prueba indicada por el radi\u00f3logo, mientras que el resto tienen cita antes del 30 de noviembre para hac\u00e9rsela.\n    <\/p>\n<p class=\"article-text\">\n        En la reuni\u00f3n de expertos, de la que se ha ausentado la <a href=\"https:\/\/amama-sevilla.es\/\" target=\"_blank\" data-mrf-recirculation=\"links-noticia\" class=\"link\" rel=\"nofollow noopener\">Asociaci\u00f3n de Mujeres con C\u00e1ncer de Mama de Sevilla (Amama)<\/a> que destap\u00f3 el esc\u00e1ndalo, han participado dos altos cargos del Servicio Andaluz de Salud (SAS), una del \u00e1rea radiol\u00f3gica y otro del departamento inform\u00e1tico, a los que se les ha encargado rebatir las denuncias de supuesta manipulaci\u00f3n de mamograf\u00edas en las plataformas digitales de ClicSalud y Diraya, donde los usuarios pueden ver su historial cl\u00ednico.\n    <\/p>\n<p class=\"article-text\">\n        Esa denuncia, registrada por Amama el martes ante la Fiscal\u00eda de Sevilla, ha motivado <a href=\"https:\/\/www.eldiario.es\/andalucia\/fiscalia-abre-investigaciones-cribados-cancer-48-horas-rastrea-cambios-historiales-clinicos_1_12710709.html\" data-mrf-recirculation=\"links-noticia\" class=\"link\" rel=\"nofollow noopener\" target=\"_blank\">la apertura de una investigaci\u00f3n<\/a> tan s\u00f3lo 48 horas despu\u00e9s, y a pesar del desmentido rotundo del presidente Moreno, que <a href=\"https:\/\/www.eldiario.es\/andalucia\/moreno-acusa-izquierda-azuzar-violencia-medicos-cuestionar-cribados-cancer-andalucia_1_12708043.html\" data-mrf-recirculation=\"links-noticia\" class=\"link\" rel=\"nofollow noopener\" target=\"_blank\">el jueves en el Parlamento afe\u00f3 a toda la oposici\u00f3n en bloque<\/a> que estuvieran echando por tierra la credibilidad del sistema sanitario con el \u00fanico objetivo de derribar su Gobierno a siete meses de las elecciones.\n    <\/p>\n<p class=\"article-text\">\n        Los dos altos cargos del SAS han subrayado ese desmentido, explicando c\u00f3mo funcionan por dentro tanto el an\u00e1lisis y la publicaci\u00f3n de las pruebas en el sistema, como el mantenimiento de las mismas en la plataforma digital. Sin embargo, han dejado sin responder por qu\u00e9 los casos de mujeres que han denunciado p\u00fablicamente que sus mamograf\u00edas, antes del estallido de la crisis de los cribados, aparec\u00edan con se\u00f1ales de \u201challazgos\u201d firmadas por dos radi\u00f3logos luego desaparecieron temporalmente \u2013coincidiendo con la ca\u00edda del servicio inform\u00e1tico\u2013 y finalmente reaparecieron, pero ya sin las marcas que indicaban la lesi\u00f3n ni las firmas de los radi\u00f3logos responsables.\n    <\/p>\n<p>    \u201cT\u00e9cnicamente no se puede borrar nada\u201d<\/p>\n<p class=\"article-text\">\n        La coordinadora de las unidades de mama del SAS \u2013a la saz\u00f3n, jefa de servicio del Hospital Universitario Virgen de la Victoria de M\u00e1laga\u2013, Maribel Acebal, ha explicado este viernes que \u201ct\u00e9cnicamente no se puede borrar nada\u201d en esas im\u00e1genes alojadas en el servidor. \u201cDesde el punto de vista cl\u00ednico y profesional de los radi\u00f3logos que estamos todas las ma\u00f1anas en los hospitales, eso nosotros no lo podemos hacer. Eso habr\u00e1 que preguntarle a los responsables de los sistemas inform\u00e1ticos [del SAS] si es posible o no es posible\u201d.\n    <\/p>\n<p class=\"article-text\">\n        Acebal, que tambi\u00e9n es m\u00e9dica radi\u00f3loga, ha subrayado asimismo que el sistema crea una \u201ctrazabilidad\u201d, es decir, que \u201ccualquiera que haya entrado en una historia cl\u00ednica, ahora con los actuales sistemas inform\u00e1ticos, se puede ver. El sistema es clave y transparente, y ah\u00ed no hay mano por ning\u00fan lado\u201d.\n    <\/p>\n<p class=\"article-text\">\n        A su lado, tambi\u00e9n ha comparecido ante los medios (la Consejer\u00eda de Sanidad s\u00f3lo ha citado a los gr\u00e1ficos) el responsable de Infraestructuras Digitales del SAS, Luis Santiago S\u00e1nchez, que ha abundado en que \u201cno es posible hacer cambios\u201d en los expedientes de las pacientes \u201cpor protecci\u00f3n de datos\u201d. \u201cS\u00f3lo cuando lo solicite el ciudadano\u201d, ha dicho. S\u00e1nchez ha admitido que el sistema \u201ccolaps\u00f3\u201d esta semana por el \u201cefecto llamada\u201d que provoc\u00f3 la denuncia de Amama ante Fiscal\u00eda, asegurando que hab\u00eda historiales m\u00e9dicos cambiados o que hab\u00edan desaparecido.\n    <\/p>\n<p class=\"article-text\">\n        La aplicaci\u00f3n ClicSalud suele recibir entre dos y 15 consultas la hora, pero esta semana se multiplic\u00f3 hasta los 400 o 500 accesos a la hora. \u201cSomos ingenieros, preparamos el sistema para la demanda que tenemos en la normalidad, no en una avalancha\u201d, dijo, tras anunciar que ahora se va a ampliar la capacidad del servidor para evitar que vuelva a caerse. Sobre la denuncia de Amama, S\u00e1nchez desliz\u00f3 que las mujeres no tienen capacidad para entender los cambios que han encontrado en sus historiales cl\u00ednicos. \u201cEl sistema presenta errores a veces, y los que no son t\u00e9cnicos interpretan mal los errores, hay muchas formas de ver las cosas\u201d, ha dicho.\n    <\/p>\n<p>    \u201cGarant\u00edas y criterios de calidad\u201d<\/p>\n<p class=\"article-text\">\n        El responsable de la plataforma digital del SAS ha defendido el sistema, recordando que \u201ccada vez que se genera una prueba, tiene que estar disponible porque puede solicitarla un juez\u201d, o porque en medio de una cirug\u00eda, el doctor puede necesitar consultar un TAC.\n    <\/p>\n<p class=\"article-text\">\n        El sistema de detecci\u00f3n precoz del c\u00e1ncer de mama realiza mamograf\u00edas voluntarias a las mujeres de 49 a 71 a\u00f1os, en torno a 485.000 al a\u00f1o. De cada mama se realizan dos proyecciones, de modo que un estudio completo tiene cuatro im\u00e1genes o radiograf\u00edas. A partir de ah\u00ed, cada especialista puede decidir hacer \u201cproyecciones complementarias\u201d y dibujar marcas en la mamograf\u00eda donde vea una lesi\u00f3n, ha explicado Acebal.\n    <\/p>\n<p>    <a href=\"https:\/\/www.eldiario.es\/andalucia\/fiscalia-abre-investigaciones-cribados-cancer-48-horas-rastrea-cambios-historiales-clinicos_1_12710709.html\" data-mrf-recirculation=\"saber-mas-abajo\" data-dl-event=\"saber-mas-abajo\" rel=\"nofollow noopener\" target=\"_blank\"><\/p>\n<p class=\"know-more__title\">La Fiscal\u00eda abre dos investigaciones sobre cribados de c\u00e1ncer en 48 horas y rastrea los cambios en los historiales cl\u00ednicos\n<\/p>\n<p>            <img decoding=\"async\" class=\"lazy\" loading=\"lazy\" data-src=\"https:\/\/static.eldiario.es\/clip\/6912f6d1-6e29-49e5-a020-9cc490423dd8_16-9-aspect-ratio_default_0.jpg\" src=\"data:image\/svg+xml,%3Csvg xmlns=\" http:=\"\" viewbox=\"0 0 880 495\" alt=\"La Fiscal\u00eda abre dos investigaciones sobre cribados de c\u00e1ncer en 48 horas y rastrea los cambios en los historiales cl\u00ednicos\"\/><\/p>\n<p>                        <\/a><\/p>\n<p class=\"article-text\">\n        Al ser preguntada por <a href=\"https:\/\/www.eldiario.es\/andalucia\/teta-anabel-oreja-gogh-mamografia-parlamento-andaluz-rompe-escudo-moreno-crisis-cribados_1_12708904.html\" data-mrf-recirculation=\"links-noticia\" class=\"link\" rel=\"nofollow noopener\" target=\"_blank\">el caso de \u201cla teta de Anabel\u201d, que la diputada Inmaculada Nieto denunci\u00f3 en el Parlamento el jueves<\/a>, la coordinadora de unidad de mamas del SAS ha asegurado que \u201cpor un caso concreto no podr\u00eda poner en duda el programa de cribado poblacional de c\u00e1ncer de mama\u201d, ha dicho, defendiendo que las \u201cgarant\u00edas y los criterios de calidad del sistema son exquisitos\u201d.\n    <\/p>\n<p class=\"article-text\">\n        <a href=\"https:\/\/usuarios.eldiario.es\/hazte_socio\/?utm_source=andalucia&amp;utm_campaign=eell&amp;utm_medium=all&amp;_gl=1*1686cvs*_gcl_au*MTYxMDA0MjMxOS4xNzUzODU2NTg0*_ga*MzI3MDQxMTk0LjE2Njc4MTY1MDY.*_ga_4RZPWREGF3*czE3NTk4MzU1ODckbzcwJGcxJHQxNzU5ODM2MDg2JGo2MCRsMCRoMA..\" target=\"_blank\" data-mrf-recirculation=\"links-noticia\" class=\"link\" rel=\"nofollow noopener\">Desde este enlace<\/a>\u00a0puedes convertirte en nuevo socio\/a de<a href=\"https:\/\/www.eldiario.es\/andalucia\/\" target=\"_blank\" data-mrf-recirculation=\"links-noticia\" class=\"link\" rel=\"nofollow noopener\">\u00a0elDiario.es Andaluc\u00eda<\/a>\u00a0y apoyar\u00e1s econ\u00f3micamente un periodismo independiente y riguroso hecho desde nuestra tierra.\n    <\/p>\n<p class=\"article-text\">\n        Si ya eres socio\/a, puedes hacer una aportaci\u00f3n extra destinada \u00edntegramente a la redacci\u00f3n de Andaluc\u00eda desde el apartado &#8216;Tu cuota&#8217;. Es importante para que podamos seguir contando noticias de Andaluc\u00eda desde Andaluc\u00eda. \u00a1Gracias por tu apoyo!\n    <\/p>\n","protected":false},"excerpt":{"rendered":"El consejero de Sanidad, Presidencia y Emergencias, Antonio Sanz, ha presidido este viernes en Sevilla la reci\u00e9n constituida&hellip;\n","protected":false},"author":2,"featured_media":198762,"comment_status":"","ping_status":"","sticky":false,"template":"","format":"standard","meta":{"footnotes":""},"categories":[8],"tags":[1705,259,17,18,2760,3854,25,24,13,14,494,11,1667,19,20,3855,9,10,15,16,1925,1171,23,12,21,22],"class_list":{"0":"post-198761","1":"post","2":"type-post","3":"status-publish","4":"format-standard","5":"has-post-thumbnail","7":"category-espana","8":"tag-analisis","9":"tag-andalucia","10":"tag-breaking-news","11":"tag-breakingnews","12":"tag-cordoba","13":"tag-eldiario-es","14":"tag-es","15":"tag-espana","16":"tag-featured-news","17":"tag-featurednews","18":"tag-granada","19":"tag-headlines","20":"tag-informacion","21":"tag-latest-news","22":"tag-latestnews","23":"tag-malaga","24":"tag-news","25":"tag-noticias","26":"tag-noticias-destacadas","27":"tag-noticiasdestacadas","28":"tag-opinion","29":"tag-sevilla","30":"tag-spain","31":"tag-titulares","32":"tag-ultimas-noticias","33":"tag-ultimasnoticias"},"share_on_mastodon":{"url":"https:\/\/pubeurope.com\/@es\/115430208799511754","error":""},"_links":{"self":[{"href":"https:\/\/www.europesays.com\/es\/wp-json\/wp\/v2\/posts\/198761","targetHints":{"allow":["GET"]}}],"collection":[{"href":"https:\/\/www.europesays.com\/es\/wp-json\/wp\/v2\/posts"}],"about":[{"href":"https:\/\/www.europesays.com\/es\/wp-json\/wp\/v2\/types\/post"}],"author":[{"embeddable":true,"href":"https:\/\/www.europesays.com\/es\/wp-json\/wp\/v2\/users\/2"}],"replies":[{"embeddable":true,"href":"https:\/\/www.europesays.com\/es\/wp-json\/wp\/v2\/comments?post=198761"}],"version-history":[{"count":0,"href":"https:\/\/www.europesays.com\/es\/wp-json\/wp\/v2\/posts\/198761\/revisions"}],"wp:featuredmedia":[{"embeddable":true,"href":"https:\/\/www.europesays.com\/es\/wp-json\/wp\/v2\/media\/198762"}],"wp:attachment":[{"href":"https:\/\/www.europesays.com\/es\/wp-json\/wp\/v2\/media?parent=198761"}],"wp:term":[{"taxonomy":"category","embeddable":true,"href":"https:\/\/www.europesays.com\/es\/wp-json\/wp\/v2\/categories?post=198761"},{"taxonomy":"post_tag","embeddable":true,"href":"https:\/\/www.europesays.com\/es\/wp-json\/wp\/v2\/tags?post=198761"}],"curies":[{"name":"wp","href":"https:\/\/api.w.org\/{rel}","templated":true}]}}