{"id":198771,"date":"2025-10-24T17:08:10","date_gmt":"2025-10-24T17:08:10","guid":{"rendered":"https:\/\/www.europesays.com\/es\/198771\/"},"modified":"2025-10-24T17:08:10","modified_gmt":"2025-10-24T17:08:10","slug":"muere-jose-mari-argoitia-autor-del-gol-del-athletic-en-anfield-y-que-cambio-una-regla-del-fuera-de-juego","status":"publish","type":"post","link":"https:\/\/www.europesays.com\/es\/198771\/","title":{"rendered":"Muere Jos\u00e9 Mari Argoitia, autor del gol del Athletic en Anfield y que &#8216;cambi\u00f3&#8217; una regla del fuera de juego"},"content":{"rendered":"<p>Jos\u00e9 Mari Argoitia era uno de los \u00faltimos supervivientes de aquellas delanteras que se recitaban con cinco nombres. Argoitia, Uriarte, Arieta, Clemente y Rojo fue  &#8230; la que m\u00e1s prosper\u00f3 a finales de los a\u00f1os sesenta, cuando Ronnie Allen tom\u00f3 el mando de las operaciones del Athletic y llev\u00f3 al equipo al subcampeonato de Liga. Pero, adem\u00e1s, el futbolista de Galdakao que acaba de fallecer a los 85 a\u00f1os oblig\u00f3 nada menos que a la International Board, a modificar, o al menos aclarar, una regla del f\u00fatbol que ten\u00eda diversas interpretaciones hasta que sucedi\u00f3 aquello que el 16 de enero de 1971 se conoci\u00f3 como el &#8216;gol de Argoitia&#8217;.<\/p>\n<p class=\"v-p\">Aquella jugada que Antonio Camacho, el \u00e1rbitro del partido, a\u00f1os despu\u00e9s expulsado del oficio por corrupci\u00f3n, dio como gol, hizo correr r\u00edos de tinta en los peri\u00f3dicos bilba\u00ednos y del resto de Espa\u00f1a. El programa de Televisi\u00f3n Espa\u00f1ola &#8216;Ayer domingo&#8217;, que los lunes ofrec\u00eda los res\u00famenes filmados de los partidos de Liga, repiti\u00f3 la acci\u00f3n una y otra vez. Horas despu\u00e9s, en el informativo &#8217;24 Horas&#8217; que dirig\u00eda Manuel Mart\u00edn Ferrand, Jos\u00e9 Mar\u00eda Garc\u00eda convoc\u00f3 al ex\u00e1rbitro Pedro Escart\u00edn para analizar la jugada. Durante m\u00e1s de una semana fue la pol\u00e9mica en el mundo del f\u00fatbol.<\/p>\n<p class=\"v-p\">En Bilbao comenzaron a llamarlo el telegol. Fue nada m\u00e1s comenzar la segunda parte, con el marcador en empate a cero. Jos\u00e9 Mari corri\u00f3 la banda camino de la porter\u00eda de Misericordia, entr\u00f3 en diagonal y, al llegar a la l\u00ednea de fondo, centr\u00f3 atr\u00e1s mientras \u00e9l se sal\u00eda del campo. Hubo varios rebotes, y Argoitia corri\u00f3, por fuera, hasta llegar cerca del poste. Cuando volvi\u00f3 a entrar al terreno de juego, Mart\u00edn II, con el bal\u00f3n en los pies, intentaba despejarlo. El jugador del Athletic se adelant\u00f3 al de la Uni\u00f3n Deportiva Las Palmas y marc\u00f3 el \u00fanico gol del partido.<\/p>\n<p class=\"v-p\">Argoitia era, desde unos a\u00f1os antes, la bestia negra del equipo canario. Sus goles hab\u00edan supuesto varias derrotas amarillas. El controvertido gol de San Mam\u00e9s fue la guinda. \u00abFue una obsesi\u00f3n para nosotros. Hubo un tiempo en que jugar contra el Athletic era sin\u00f3nimo de derrota\u00bb, le confesaba un jugador del Las Palmas al periodista bilba\u00edno Carlos Bacigalupe, \u00abpero que se alineara Argoitia era una se\u00f1al de que iba a batir nuestra puerta. De nada serv\u00edan los marcajes individuales, algunos incluso m\u00faltiples. \u00c9l sal\u00eda crecido y nosotros empeque\u00f1ecidos\u00bb.<\/p>\n<p class=\"v-p\">Despu\u00e9s de aquella jugada, la IB tuvo que aclarar la acci\u00f3n. Argoitia se enter\u00f3 un d\u00eda que, en su coche, llevaba hacia Ibaigane a Michel Platini, entonces presidente de la UEFA, y \u00c1ngel Mar\u00eda Villar, rector de la Federaci\u00f3n Espa\u00f1ola. \u00abPor un gol de este tuvo que introducir la International Board una aclaraci\u00f3n a la Regla del Fuera de Juego\u00bb, le dijo Villar a Platini se\u00f1alando a su improvisado conductor. Argoitia no lo sab\u00eda, aunque s\u00ed fue consciente de la pol\u00e9mica que se organiz\u00f3 por esa jugada. \u00c9l, una persona discreta, se coloc\u00f3 en el foco de manera involuntaria.<\/p>\n<p class=\"v-p\">Argoitia jug\u00f3 308 partidos con la camiseta del Athletic, club al que lleg\u00f3 procedente del Basconia, para debutar frente al Sevilla el 2 de octubre de 1960, a las \u00f3rdenes del brasile\u00f1o Mart\u00edn de Francisco; marc\u00f3 69 goles y jug\u00f3 tres finales de Copa, aunque solo gan\u00f3 una, la de 1969, donde fue el autor del pase a Ant\u00f3n Arieta en el \u00fanico gol del partido. En la anterior, frente al Valencia, anot\u00f3 el tanto del Athletic que solo sirvi\u00f3 para acortar diferencias. Fue tambi\u00e9n el primer jugador espa\u00f1ol que marc\u00f3 un gol en Anfield, frente al Liverpool, en una eliminatoria que ganaron los rojiblancos jug\u00e1ndosela al lanzamiento de una moneda. Su inseparable amigo Koldo Agirre eligi\u00f3 bien.<\/p>\n<p>Brazalete negro contra el Getafe<\/p>\n<p class=\"v-p\">Jos\u00e9 Mari Argoitia, que tambi\u00e9n jug\u00f3 en el Sestao y el Racing, fue fiel al Athletic, del que fue entrenador en Lezama y actu\u00f3 como embajador ante las pe\u00f1as durante algunos a\u00f1os junto a Koldo Agirre. El jueves, horas antes de su muerte, sus familiares cercanos acudieron al acto en el que se entregaron las insignias de la fidelidad a los socios con m\u00e1s de 75 a\u00f1os como miembros de la entidad rojiblanca. Y Jos\u00e9 Mari era uno de ellos.<\/p>\n<p class=\"v-p\">Como futbolista manejaba las dos piernas, y sin tantas alharacas como otros jugadores, \u00e9l ya practicaba la Lambretta antes de que esa acci\u00f3n se bautizara en los medios de comunicaci\u00f3n cuando su ejecutor fue Neymar. \u00c9l lo llamaba di\u00e1bolo, lo aprendi\u00f3 a hacer por su cuenta, cuando nadie le ve\u00eda, mientras jugaba en el Basconia. Lo hizo alguna vez en el Indautxu, cedido, y ya en el Athletic, la primera vez pudo salir con una de ellas en una acci\u00f3n comprometida ante el Valencia. Enfrente estaba Chiscao, que tras la jugada se acerc\u00f3 a Argoitia, que pens\u00f3 que le iba a pegar, pero sin embargo le tendi\u00f3 la mano en se\u00f1al de admiraci\u00f3n. Ante el Atl\u00e9tico lo hizo con Rivilla, que reaccion\u00f3 intentando sacar la pelota de chilena y le hizo una brecha en la cabeza a Argoitia que, pese a todo, se llev\u00f3 la pelota.<\/p>\n<p class=\"v-p\">En el partido frente al Getafe, los jugadores del Athletic portar\u00e1n brazaletes negros en memoria de uno de los grandes en aquel Athletic de los a\u00f1os sesenta.<\/p>\n","protected":false},"excerpt":{"rendered":"Jos\u00e9 Mari Argoitia era uno de los \u00faltimos supervivientes de aquellas delanteras que se recitaban con cinco nombres.&hellip;\n","protected":false},"author":2,"featured_media":198772,"comment_status":"","ping_status":"","sticky":false,"template":"","format":"standard","meta":{"footnotes":""},"categories":[268],"tags":[54879,10726,168,25,24,280,282,11346,21874,2467,13461,8938,281,23,167],"class_list":{"0":"post-198771","1":"post","2":"type-post","3":"status-publish","4":"format-standard","5":"has-post-thumbnail","7":"category-futbol","8":"tag-argoitia","9":"tag-decada","10":"tag-deportes","11":"tag-es","12":"tag-espana","13":"tag-football","14":"tag-futbol","15":"tag-futbolista","16":"tag-inolvidable","17":"tag-jose","18":"tag-mari","19":"tag-muere","20":"tag-soccer","21":"tag-spain","22":"tag-sports"},"share_on_mastodon":{"url":"https:\/\/pubeurope.com\/@es\/115430248025575488","error":""},"_links":{"self":[{"href":"https:\/\/www.europesays.com\/es\/wp-json\/wp\/v2\/posts\/198771","targetHints":{"allow":["GET"]}}],"collection":[{"href":"https:\/\/www.europesays.com\/es\/wp-json\/wp\/v2\/posts"}],"about":[{"href":"https:\/\/www.europesays.com\/es\/wp-json\/wp\/v2\/types\/post"}],"author":[{"embeddable":true,"href":"https:\/\/www.europesays.com\/es\/wp-json\/wp\/v2\/users\/2"}],"replies":[{"embeddable":true,"href":"https:\/\/www.europesays.com\/es\/wp-json\/wp\/v2\/comments?post=198771"}],"version-history":[{"count":0,"href":"https:\/\/www.europesays.com\/es\/wp-json\/wp\/v2\/posts\/198771\/revisions"}],"wp:featuredmedia":[{"embeddable":true,"href":"https:\/\/www.europesays.com\/es\/wp-json\/wp\/v2\/media\/198772"}],"wp:attachment":[{"href":"https:\/\/www.europesays.com\/es\/wp-json\/wp\/v2\/media?parent=198771"}],"wp:term":[{"taxonomy":"category","embeddable":true,"href":"https:\/\/www.europesays.com\/es\/wp-json\/wp\/v2\/categories?post=198771"},{"taxonomy":"post_tag","embeddable":true,"href":"https:\/\/www.europesays.com\/es\/wp-json\/wp\/v2\/tags?post=198771"}],"curies":[{"name":"wp","href":"https:\/\/api.w.org\/{rel}","templated":true}]}}