{"id":198790,"date":"2025-10-24T17:19:10","date_gmt":"2025-10-24T17:19:10","guid":{"rendered":"https:\/\/www.europesays.com\/es\/198790\/"},"modified":"2025-10-24T17:19:10","modified_gmt":"2025-10-24T17:19:10","slug":"telefonica-estudia-reestructurar-su-filial-de-infraestructuras-tras-nombrar-presidente-a-javier-de-paz-empresas","status":"publish","type":"post","link":"https:\/\/www.europesays.com\/es\/198790\/","title":{"rendered":"Telef\u00f3nica estudia reestructurar su filial de infraestructuras tras nombrar presidente a Javier de Paz | Empresas"},"content":{"rendered":"<p class=\"\">Telef\u00f3nica est\u00e1 estudiando reestructurar <a href=\"https:\/\/cincodias.elpais.com\/cincodias\/2020\/05\/14\/companias\/1589480598_971081.html\" rel=\"nofollow noopener\" target=\"_blank\">Telef\u00f3nica Infra, su filial de infraestructuras, seis a\u00f1os despu\u00e9s de su creaci\u00f3n en 2019<\/a>, como parte de una nueva estrategia para centrarse en el crecimiento y la consolidaci\u00f3n en los principales mercados europeos. La unidad de Infraestructuras de Telef\u00f3nica dejar\u00e1 de ser uno de los negocios principales, como lo ha sido desde su creaci\u00f3n en 2019, y se espera que sus activos y operaciones se integren en otras unidades, seg\u00fan informa la agencia Bloomberg citando personas familiarizadas con el asunto. Telef\u00f3nica ha declinado realizar comentarios sobre la informaci\u00f3n. <\/p>\n<p class=\"\">Esta reordenaci\u00f3n, que puede significar la disoluci\u00f3n de la filial, se conoce apenas dos d\u00edas despu\u00e9s de que Telef\u00f3nica anunciara <a href=\"https:\/\/cincodias.elpais.com\/companias\/2025-10-22\/javier-de-paz-abandona-el-consejo-de-telefonica-tras-18-anos.html\" rel=\"nofollow noopener\" target=\"_blank\">el nombramiento de Javier de Paz como presidente ejecutivo de Telef\u00f3nica Infra,<\/a> sustituyendo a Guillermo Ansaldo, un directivo hist\u00f3rico de la compa\u00f1\u00eda. El nombramiento coincide con la salida del consejo de administraci\u00f3n del ex dirigente socialista tras 18 a\u00f1os de permanencia en el mismo, y su nombramiento tambi\u00e9n como director adjunto a la Presidencia, responsable del \u00e1rea inmobiliaria y de responsabilidad social corporativa. <\/p>\n<p>Plan estrat\u00e9gico<\/p>\n<p class=\"\">El anuncio de la reorganizaci\u00f3n de Telef\u00f3nica Infra se podr\u00eda materializar el pr\u00f3ximo 4 de noviembre con motivo de <a href=\"https:\/\/cincodias.elpais.com\/companias\/2025-06-18\/telefonica-presentara-su-nuevo-plan-estrategico-a-finales-de-noviembre.html\" rel=\"nofollow noopener\" target=\"_blank\">la presentaci\u00f3n del nuevo plan estrat\u00e9gico de la multinacional espa\u00f1ola por el presidente, Marc Murtra<\/a>. La filial es actualmente una de las siete divisiones principales del grupo, junto con los cuatro mercados principales (Espa\u00f1a, Alemania, Reino Unido y Brasil), Telef\u00f3nica Hispam y Telef\u00f3nica Tech.<\/p>\n<p class=\"\">Telef\u00f3nica Infra fue creada a finales de 2019 bajo la presidencia de Jos\u00e9 Mar\u00eda \u00c1lvarez-Pallete y opera principalmente como un fondo de inversi\u00f3n en infraestructura que gestiona las participaciones de la operadora en varias empresas conjuntas. En la misma se integr\u00f3 la participaci\u00f3n en Telxius, la sociedad conjunta con Pontegadea (Amancio Ortega). Pero <a href=\"https:\/\/cincodias.elpais.com\/cincodias\/2021\/08\/02\/companias\/1627921332_586433.html\" rel=\"nofollow noopener\" target=\"_blank\">tras la venta en 2021 de las torres de telefon\u00eda m\u00f3vil a American Towers por 7.700 millones de euros,<\/a> sus activos se redujeron a participaciones en sociedades conjuntas de fibra \u00f3ptica (fibercos) y al cable submarino a\u00fan propiedad de Telxius. <\/p>\n<p class=\"\">As\u00ed, posee el 55% de Bluevia, la sociedad conjunta de fibra rural; el 63% de FiberPass, la fiberco junto a Vodafone; el 25% de FiBrasil; el 50% de UGG, la fiberco en Alemania; y el 25% de Nexfibre, operador mayorista neutral de fibra en Reino Unido. <\/p>\n<p class=\"\">De hecho, esta pol\u00edtica de reestructuraci\u00f3n ya ha comenzado con <a href=\"https:\/\/cincodias.elpais.com\/companias\/2025-07-11\/telefonica-compra-a-cdpq-su-mitad-de-fibrasil-por-131-millones-de-euros.html\" rel=\"nofollow noopener\" target=\"_blank\">la compra el pasado mes de julio al fondo canadiense Caisse de d\u00e9pot et placement du Qu\u00e9bec (La Caisse o CDPQ) del 50% de FiBrasil<\/a> por 131 millones de euros. La adquisici\u00f3n se hizo a trav\u00e9s de Vivo, la filial brasile\u00f1a, de forma que Telef\u00f3nica controla directamente el 75% de FiBrasil e Infra solo el 25% restante. <\/p>\n<p class=\"\">En una conferencia con inversores celebrada en julio, Murtra afirm\u00f3 que Telef\u00f3nica es un operador industrial y, por lo tanto, es mejor gestionar las infraestructuras clave del negocio \u201ccerca de nuestra sede y de forma simplificada, de modo que podamos coordinar las diferentes \u00e1reas de nuestro negocio, incluyendo la monitorizaci\u00f3n de la demanda y la presentaci\u00f3n de ofertas, la atenci\u00f3n de dicha demanda con infraestructuras y, por supuesto, con una oferta convergente\u201d.<\/p>\n","protected":false},"excerpt":{"rendered":"Telef\u00f3nica est\u00e1 estudiando reestructurar Telef\u00f3nica Infra, su filial de infraestructuras, seis a\u00f1os despu\u00e9s de su creaci\u00f3n en 2019,&hellip;\n","protected":false},"author":2,"featured_media":193929,"comment_status":"","ping_status":"","sticky":false,"template":"","format":"standard","meta":{"footnotes":""},"categories":[80],"tags":[82,95,94,2308,25,24,14473,54019,8335,23,6538,1826,54884],"class_list":{"0":"post-198790","1":"post","2":"type-post","3":"status-publish","4":"format-standard","5":"has-post-thumbnail","7":"category-economia","8":"tag-business","9":"tag-economia","10":"tag-economy","11":"tag-empresas","12":"tag-es","13":"tag-espana","14":"tag-fibra-optica","15":"tag-javier-de-paz","16":"tag-marc-murtra","17":"tag-spain","18":"tag-telecomunicaciones","19":"tag-telefonica","20":"tag-telefonica-cable"},"share_on_mastodon":{"url":"https:\/\/pubeurope.com\/@es\/115430291380366863","error":""},"_links":{"self":[{"href":"https:\/\/www.europesays.com\/es\/wp-json\/wp\/v2\/posts\/198790","targetHints":{"allow":["GET"]}}],"collection":[{"href":"https:\/\/www.europesays.com\/es\/wp-json\/wp\/v2\/posts"}],"about":[{"href":"https:\/\/www.europesays.com\/es\/wp-json\/wp\/v2\/types\/post"}],"author":[{"embeddable":true,"href":"https:\/\/www.europesays.com\/es\/wp-json\/wp\/v2\/users\/2"}],"replies":[{"embeddable":true,"href":"https:\/\/www.europesays.com\/es\/wp-json\/wp\/v2\/comments?post=198790"}],"version-history":[{"count":0,"href":"https:\/\/www.europesays.com\/es\/wp-json\/wp\/v2\/posts\/198790\/revisions"}],"wp:featuredmedia":[{"embeddable":true,"href":"https:\/\/www.europesays.com\/es\/wp-json\/wp\/v2\/media\/193929"}],"wp:attachment":[{"href":"https:\/\/www.europesays.com\/es\/wp-json\/wp\/v2\/media?parent=198790"}],"wp:term":[{"taxonomy":"category","embeddable":true,"href":"https:\/\/www.europesays.com\/es\/wp-json\/wp\/v2\/categories?post=198790"},{"taxonomy":"post_tag","embeddable":true,"href":"https:\/\/www.europesays.com\/es\/wp-json\/wp\/v2\/tags?post=198790"}],"curies":[{"name":"wp","href":"https:\/\/api.w.org\/{rel}","templated":true}]}}