{"id":198791,"date":"2025-10-24T17:20:08","date_gmt":"2025-10-24T17:20:08","guid":{"rendered":"https:\/\/www.europesays.com\/es\/198791\/"},"modified":"2025-10-24T17:20:08","modified_gmt":"2025-10-24T17:20:08","slug":"belgica-frena-la-ambicion-de-la-ue-de-entregar-miles-de-millones-de-activos-rusos-a-ucrania-internacional","status":"publish","type":"post","link":"https:\/\/www.europesays.com\/es\/198791\/","title":{"rendered":"B\u00e9lgica frena la ambici\u00f3n de la UE de entregar miles de millones de activos rusos a Ucrania | Internacional"},"content":{"rendered":"<p class=\"\">La aspiraci\u00f3n de la Uni\u00f3n Europea de entregar a Ucrania, en forma de pr\u00e9stamo, miles de millones de euros de los activos soberanos de Rusia inmovilizados en territorio comunitario por las sanciones, <a href=\"https:\/\/elpais.com\/internacional\/2025-10-23\/la-ue-no-logra-avanzar-para-entregar-a-ucrania-los-activos-rusos-congelados-por-las-sanciones.html\" target=\"_self\" rel=\"nofollow noopener\" title=\"https:\/\/elpais.com\/internacional\/2025-10-23\/la-ue-no-logra-avanzar-para-entregar-a-ucrania-los-activos-rusos-congelados-por-las-sanciones.html\">se ha atascado.<\/a> B\u00e9lgica, el pa\u00eds donde permanece la inmensa mayor\u00eda de esos fondos, fren\u00f3 la decisi\u00f3n en la cumbre del jueves. Aleg\u00f3 que el plan preparado por la Comisi\u00f3n Europea no le ofrece las garant\u00edas jur\u00eddicas que necesita para cubrir el riesgo ante las posibles represalias del Kremlin por usar ese dinero y lo que puede suponer para Euroclear, la c\u00e1mara financiera de compensaci\u00f3n que lo aloja, que tiene sede en su territorio. <\/p>\n<p class=\"\">Ucrania, <a href=\"https:\/\/elpais.com\/internacional\/2025-10-23\/la-ue-endurece-el-cerco-a-rusia-con-nuevas-sanciones-tras-las-impuestas-por-ee-uu.html\" target=\"_self\" rel=\"nofollow noopener\" title=\"https:\/\/elpais.com\/internacional\/2025-10-23\/la-ue-endurece-el-cerco-a-rusia-con-nuevas-sanciones-tras-las-impuestas-por-ee-uu.html\">como remarc\u00f3 tambi\u00e9n desde Bruselas su presidente, Volod\u00edmir Zelenski,<\/a> necesita fondos urgentes para la primavera de 2026 para mantenerse a flote. Seg\u00fan el Fondo Monetario Internacional (FMI), la necesidad de financiaci\u00f3n de Kiev es de unos 130.000 millones de euros para 2026-2027. Ahora que Estados Unidos ha reducido su apoyo, Europa se enfrenta casi en solitario a la factura. Y la mayor\u00eda de los Estados miembros de la UE, que cada vez tienen menos f\u00f3rmulas y menos liquidez para sostenerla, creen que emplear los activos soberanos del pa\u00eds agresor es la respuesta. El plan de usar 140.000 millones de los activos rusos inmovilizados no se cancela, pero el Ejecutivo comunitario tendr\u00e1 que trabajarlo mucho m\u00e1s si quiere convencer al Gobierno belga.<\/p>\n<p class=\"\">\u201cContar con una base legal s\u00f3lida no es un detalle ni un lujo\u201d, se ha defendido de las acusaciones de torpedear el acuerdo el primer ministro belga, Bart De Wever, que exige garant\u00edas s\u00f3lidas, duraderas y mutualizadas, es decir, aportadas por todos los Estados de la UE. <a href=\"https:\/\/elpais.com\/internacional\/2025-10-23\/la-ue-quiere-transferir-a-ucrania-los-activos-rusos-congelados-a-que-obstaculos-se-enfrenta.html\" target=\"_self\" rel=\"nofollow noopener\" title=\"https:\/\/elpais.com\/internacional\/2025-10-23\/la-ue-quiere-transferir-a-ucrania-los-activos-rusos-congelados-a-que-obstaculos-se-enfrenta.html\">A De Wever no le convence la estructura de la propuesta de la Comisi\u00f3n Europea. <\/a>Esta se basa en conceder a Ucrania un \u201cpr\u00e9stamo de reparaci\u00f3n\u201d a inter\u00e9s cero en el que se tomar\u00edan como garant\u00eda los saldos de caja derivados de los activos soberanos inmovilizados y depositados en Euroclear. En ese esquema de la Comisi\u00f3n, Ucrania solo deber\u00eda devolver el dinero una vez terminada la guerra y cuando el Kremlin hubiera pagado por los da\u00f1os causados. <\/p>\n<p class=\"\">Pero aunque el Ejecutivo comunitario asegura que la esencia de esos activos soberanos no va a tocarse y que, por tanto, no se trata de una confiscaci\u00f3n, De Wever cree que s\u00ed lo es. Y se ha enrocado en su negativa. \u201cRusia debe pagar por la devastaci\u00f3n que ha causado\u201d, insiste la presidenta de la Comisi\u00f3n Europea, Ursula von der Leyen, a quien algunos critican ahora por haberse precipitado. Le recriminan no haber pulido la propuesta ni resuelto las dudas de B\u00e9lgica antes de una cumbre que ha enviado a Rusia el mensaje contrario que deseaban los l\u00edderes: que no han logrado ponerse de acuerdo.<\/p>\n<p class=\"\">No es que De Wever disienta del diagn\u00f3stico de Bruselas: \u201cDejemos esto muy claro, B\u00e9lgica no quiere que ni un solo euro vuelva a Mosc\u00fa. Rusia debe pagar por la destrucci\u00f3n que ha causado en Ucrania\u201d, subray\u00f3 el belga en varios idiomas, incluso en espa\u00f1ol, al concluir el encuentro europeo. El problema es el m\u00e9todo. A De Wever, un nacionalista flamenco de derechas, le gusta comparar el caso de los activos inmovilizados con la f\u00e1bula de la gallina de los huevos de oro: <a href=\"https:\/\/elpais.com\/internacional\/2025-08-29\/la-ue-planea-aplicar-nuevas-sanciones-a-rusia-en-septiembre-tras-el-ultimo-ataque-a-kiev.html\" target=\"_self\" rel=\"nofollow noopener\" title=\"https:\/\/elpais.com\/internacional\/2025-08-29\/la-ue-planea-aplicar-nuevas-sanciones-a-rusia-en-septiembre-tras-el-ultimo-ataque-a-kiev.html\">\u201cDeber\u00edamos mantener esa gallina<\/a> [los activos inmovilizados] y, al final, cuando hablemos de un tratado de paz, entonces podemos poner a la gallina sobre la mesa\u201d, le gusta repetir. Los innovadores pr\u00e9stamos propuestos, advierte, podr\u00edan ser como \u201ccomerse a la gallina\u201d. Y eso, subraya, supondr\u00eda adentrarse en \u201cterritorio legal desconocido\u201d y sin precedentes ante un Mosc\u00fa que promete \u201cconsecuencias hasta la eternidad\u201d si se tocan sus fondos. \u201cNi siquiera durante la II Guerra Mundial se tocaron los activos inmovilizados\u201d, record\u00f3 el jueves.<\/p>\n<p class=\"\">M\u00e1s all\u00e1 de los factores ajenos a la pol\u00edtica belga, la cautela de De Wever tambi\u00e9n tiene un acento interno: su Ejecutivo est\u00e1 a las puertas de una crisis por el enfrentamiento entre los socios de <a href=\"https:\/\/elpais.com\/internacional\/2025-01-31\/belgica-logra-un-acuerdo-de-gobierno-siete-meses-despues-de-las-elecciones.html\" target=\"_self\" rel=\"nofollow noopener\" title=\"https:\/\/elpais.com\/internacional\/2025-01-31\/belgica-logra-un-acuerdo-de-gobierno-siete-meses-despues-de-las-elecciones.html\">su precaria coalici\u00f3n de gobierno<\/a> \u2014tard\u00f3 siete meses en lograr formarla\u2014 a causa de los duros recortes presupuestarios que quiere imponer el nacionalista flamenco, que est\u00e1n provocando tambi\u00e9n frecuentes huelgas nacionales. <\/p>\n<p class=\"\">Pero De Wever afirma que no es el \u00fanico que tiene dudas sobre la propuesta comunitaria, aunque no todos lo admitan abiertamente. Desde que se han empezado a sumergir en la iniciativa, otros l\u00edderes tambi\u00e9n han mostrado algunas dudas. Aunque por ahora hab\u00eda primado m\u00e1s la necesidad de avanzar hacia una soluci\u00f3n para lanzar ese Tomahawk financiero.<\/p>\n<p class=\"\">\u201cTengo la impresi\u00f3n de que varios l\u00edderes est\u00e1n divididos entre su voluntad de apoyar a Ucrania y su toma de conciencia de que hay verdaderas dudas\u201d sobre el uso de los activos rusos, subray\u00f3 el belga. <\/p>\n<p class=\"\">\u201cEsta soluci\u00f3n plantea cuestiones jur\u00eddicas y cuestiones relacionadas con el reparto del riesgo\u201d, apunt\u00f3 tambi\u00e9n el presidente franc\u00e9s, Emmanuel Macron. \u201cLas aclaraciones t\u00e9cnicas no han permitido hoy completar este edificio\u201d, reconoci\u00f3 al fin de la cumbre, si bien subray\u00f3 que se \u201creafirm\u00f3 muy claramente la voluntad\u201d de continuar la pista: \u201cSe ha encomendado el mandato a la Comisi\u00f3n para que podamos llegar a un acuerdo definitivo en diciembre\u201d, record\u00f3 al respecto.<\/p>\n<p class=\"\">Los l\u00edderes han encargado a la Comisi\u00f3n Europea que trace \u201clo antes posible\u201d cu\u00e1l es la necesidad financiera de Ucrania y que enuncie \u201copciones de apoyo financiero\u201d. Tras la cumbre, Von der Leyen asegur\u00f3 que los activos congelados siguen siendo la principal opci\u00f3n. \u201cLa pregunta es c\u00f3mo exactamente podemos usar esos activos\u201d, admiti\u00f3. <\/p>\n","protected":false},"excerpt":{"rendered":"La aspiraci\u00f3n de la Uni\u00f3n Europea de entregar a Ucrania, en forma de pr\u00e9stamo, miles de millones de&hellip;\n","protected":false},"author":2,"featured_media":198792,"comment_status":"","ping_status":"","sticky":false,"template":"","format":"standard","meta":{"footnotes":""},"categories":[42],"tags":[8738,3171,17,18,70,71,72,700,13,14,69,7082,11,61,62,63,64,19,20,9,10,15,16,1613,1614,12,7081,21,22,1617,65,66,67],"class_list":{"0":"post-198791","1":"post","2":"type-post","3":"status-publish","4":"format-standard","5":"has-post-thumbnail","7":"category-internacional","8":"tag-ataques-militares","9":"tag-belgica","10":"tag-breaking-news","11":"tag-breakingnews","12":"tag-conflictos","13":"tag-conflictos-armados","14":"tag-conflictos-internacionales","15":"tag-europa","16":"tag-featured-news","17":"tag-featurednews","18":"tag-guerra","19":"tag-guerra-de-rusia-en-ucrania","20":"tag-headlines","21":"tag-internacional","22":"tag-international","23":"tag-international-news","24":"tag-internationalnews","25":"tag-latest-news","26":"tag-latestnews","27":"tag-news","28":"tag-noticias","29":"tag-noticias-destacadas","30":"tag-noticiasdestacadas","31":"tag-otan","32":"tag-rusia","33":"tag-titulares","34":"tag-ucrania","35":"tag-ultimas-noticias","36":"tag-ultimasnoticias","37":"tag-union-europea","38":"tag-world","39":"tag-world-news","40":"tag-worldnews"},"share_on_mastodon":{"url":"","error":"Validation failed: Text character limit of 500 exceeded"},"_links":{"self":[{"href":"https:\/\/www.europesays.com\/es\/wp-json\/wp\/v2\/posts\/198791","targetHints":{"allow":["GET"]}}],"collection":[{"href":"https:\/\/www.europesays.com\/es\/wp-json\/wp\/v2\/posts"}],"about":[{"href":"https:\/\/www.europesays.com\/es\/wp-json\/wp\/v2\/types\/post"}],"author":[{"embeddable":true,"href":"https:\/\/www.europesays.com\/es\/wp-json\/wp\/v2\/users\/2"}],"replies":[{"embeddable":true,"href":"https:\/\/www.europesays.com\/es\/wp-json\/wp\/v2\/comments?post=198791"}],"version-history":[{"count":0,"href":"https:\/\/www.europesays.com\/es\/wp-json\/wp\/v2\/posts\/198791\/revisions"}],"wp:featuredmedia":[{"embeddable":true,"href":"https:\/\/www.europesays.com\/es\/wp-json\/wp\/v2\/media\/198792"}],"wp:attachment":[{"href":"https:\/\/www.europesays.com\/es\/wp-json\/wp\/v2\/media?parent=198791"}],"wp:term":[{"taxonomy":"category","embeddable":true,"href":"https:\/\/www.europesays.com\/es\/wp-json\/wp\/v2\/categories?post=198791"},{"taxonomy":"post_tag","embeddable":true,"href":"https:\/\/www.europesays.com\/es\/wp-json\/wp\/v2\/tags?post=198791"}],"curies":[{"name":"wp","href":"https:\/\/api.w.org\/{rel}","templated":true}]}}