{"id":198805,"date":"2025-10-24T17:33:17","date_gmt":"2025-10-24T17:33:17","guid":{"rendered":"https:\/\/www.europesays.com\/es\/198805\/"},"modified":"2025-10-24T17:33:17","modified_gmt":"2025-10-24T17:33:17","slug":"ya-no-se-buscan-cocinas-abiertas-al-salon-sino-espacios-mas-flexibles-que-podamos-abrir-y-cerrar-segun-se-necesite","status":"publish","type":"post","link":"https:\/\/www.europesays.com\/es\/198805\/","title":{"rendered":"\u201cYa no se buscan cocinas abiertas al sal\u00f3n, sino espacios m\u00e1s flexibles que podamos abrir y cerrar seg\u00fan se necesite\u201d"},"content":{"rendered":"<p id=\"ePoh9O8GiB\" data-wc=\"70\">Los <strong>planos de planta abierta y los espacios open concept\u00a0<\/strong>han sido tendencia durante mucho tiempo. Procedentes de una tradici\u00f3n arquitect\u00f3nica muy habitual en pa\u00edses como Estados Unidos, han ido integr\u00e1ndose en el interiorismo de los hogares espa\u00f1oles y adquiriendo cada vez m\u00e1s relevancia. Sin embargo, en estos momentos se percibe un freno en la incidencia de este tipo de proyectos de espacios di\u00e1fanos y una <strong>vuelta a los tabiques.<\/strong><\/p>\n<p id=\"et37LYTsJO0\" data-wc=\"40\">Para conocer de primera mano si esto es una tendencia que se consolida y no una mera apreciaci\u00f3n, hemos hablado con los arquitectos Ana Blanco y Fran Meng\u00edbar, del estudio Meng\u00edbar Blanco, y esto es lo que nos han contado.<\/p>\n<p>110<\/p>\n<p>  <img src=\"https:\/\/www.europesays.com\/es\/wp-content\/uploads\/2025\/10\/f1b2fe6a3782-1-coral-homes-3.jpg\"   width=\"1024\" height=\"653\" loading=\"lazy\" decoding=\"async\" alt=\"Casa de planta abierta\" fetchpriority=\"auto\" class=\"image ho-image\"\/>\u00a9 Coral Homes<\/p>\n<p> Espacios abiertos que derrochan modernidad<\/p>\n<p id=\"eBprZX1I3Ex\">Esta es una de las principales razones de su \u00e9xito continuado en el tiempo. <a class=\"hm-link ho-link\" href=\"https:\/\/www.hola.com\/decoracion\/20231204244590\/secretos-distribucion-abierta-espacios-nu\/\" rel=\"noopener nofollow\" target=\"_blank\" data-mrf-recirculation=\"article-body-link\">Los espacios abiertos<\/a><strong>\u00a0transmiten sensaci\u00f3n de espacio y modernidad.\u00a0<\/strong>\u201cTriunfaron porque reflejaban una manera de vivir m\u00e1s actual, m\u00e1s relajada, con una marcada dimensi\u00f3n social. Se buscaba amplitud, potenciar al m\u00e1ximo la luz natural y la conexi\u00f3n entre las zonas comunes de la vivienda\u201d, explica Ana Blanco. \u201cPor otro lado, este momento coincidi\u00f3 con una etapa en la que <strong>las cocinas empezaron a ganar protagonismo<\/strong> y a integrarse con el resto de espacios de la casa. Ya no molestaba que estuvieran a la vista. Al contrario, se buscaba esa <strong>conexi\u00f3n con las zonas de d\u00eda,\u00a0<\/strong>lo que contribuy\u00f3 a aumentar el inter\u00e9s por las plantas abiertas\u201d.<\/p>\n<p>210<\/p>\n<p>  <img src=\"https:\/\/www.europesays.com\/es\/wp-content\/uploads\/2025\/10\/78e9363a019b-2-balmes184146.jpg\"   width=\"768\" height=\"1024\" loading=\"lazy\" decoding=\"async\" alt=\"Interior luminoso\" fetchpriority=\"auto\" class=\"image ho-image\"\/>\u00a9 Meng\u00edbar Blanco<\/p>\n<p> Inconvenientes de una planta di\u00e1fana<\/p>\n<p id=\"e24CqUBiAS\">En los \u00faltimos a\u00f1os, durante el auge de los espacios de concepto abierto, se eludieron<strong>\u00a0las desventajas de este tipo de arquitectura,<\/strong> en pro de sus ventajas. Sin embargo, los inconvenientes est\u00e1n ah\u00ed; son reales y terminan por hacerse presentes. \u00a0<\/p>\n<p id=\"egbGQ5RMHCt\">Para empezar,<strong>\u00a0los espacios abiertos quedan poco definidos<\/strong> y es m\u00e1s complicado crear zonas diferentes. Cuesta m\u00e1s trabajo estructurar los espacios dentro de la casa con funciones y usos distintos. Adem\u00e1s, <strong>hay menos privacidad en el hogar, <\/strong>ya que <a class=\"hm-link ho-link\" href=\"https:\/\/www.hola.com\/decoracion\/20221028219335\/motivos-tirar-tabiques-decoracion-interiores-am\/\" rel=\"noopener nofollow\" target=\"_blank\" data-mrf-recirculation=\"article-body-link\">no hay tabiques<\/a> que frenen el sonido y el ruido se transmite a toda la planta. \u00a0<\/p>\n<p>310<\/p>\n<p>  <img src=\"https:\/\/www.europesays.com\/es\/wp-content\/uploads\/2025\/10\/e8dc89e64e11-5-muntaner158825.jpg\"   width=\"1024\" height=\"768\" loading=\"lazy\" decoding=\"async\" alt=\"Paredes decoradas\" fetchpriority=\"auto\" class=\"image ho-image\"\/>\u00a9 Meng\u00edbar Blanco<\/p>\n<p> Las paredes recuperan su importancia<\/p>\n<p id=\"eqgZIDZYhnBD\">En los \u00faltimos tiempos se percibe<strong>\u00a0un cambio en el modelo de distribuci\u00f3n de las casas.<\/strong> En opini\u00f3n de Ana Blanco y Fran Meng\u00edbar \u201cse est\u00e1n volviendo a compartimentar las viviendas, aunque con una mirada m\u00e1s contempor\u00e1nea. Despu\u00e9s de la pandemia, todos comenzamos a ser m\u00e1s conscientes de <a class=\"hm-link ho-link\" href=\"https:\/\/www.hola.com\/decoracion\/20200818173758\/decoracion-jardin-soluciones-dar-privacidad-mc\/\" rel=\"noopener nofollow\" target=\"_blank\" data-mrf-recirculation=\"article-body-link\">la importancia de tener intimidad,<\/a> confort ac\u00fastico y la posibilidad de contar con espacios separados para trabajar o descansar. No se trata de volver a los pasillos y puertas de antes, sino de <strong>encontrar un equilibrio entre lo abierto y lo privado\u201d,<\/strong> explican.<\/p>\n<p>410<\/p>\n<p>  <img src=\"https:\/\/www.europesays.com\/es\/wp-content\/uploads\/2025\/10\/bf8f18997527-3-muntaner158666.jpg\"   width=\"1024\" height=\"768\" loading=\"lazy\" decoding=\"async\" alt=\"Sal\u00f3n con cerramiento de cristal\" fetchpriority=\"auto\" class=\"image ho-image\"\/>\u00a9 Meng\u00edbar Blanco<\/p>\n<p> Objetivo: recuperar la privacidad<\/p>\n<p id=\"eUAkWGR3O3Y\">Aunque los espacios abiertos tienen beneficios para el hogar, <strong data-gid=\"eaRjQsXvX_O\">mantener la privacidad<\/strong> no es uno de ellos. M\u00e1s bien todo lo contrario. Con <a class=\"hm-link ho-link\" href=\"https:\/\/www.hola.com\/decoracion\/20230116224634\/rincon-trabajo-productividad-mc\/\" rel=\"noopener nofollow\" target=\"_blank\" data-mrf-recirculation=\"article-body-link\">el auge del teletrabajo<\/a> se valor\u00f3 especialmente contar con habitaciones m\u00e1s peque\u00f1as y reservadas, en las que es m\u00e1s f\u00e1cil hallar paz y tranquilidad. Tambi\u00e9n sucede en el sal\u00f3n: si est\u00e1s cocinando en tu cocina abierta al sal\u00f3n puedes molestar a aquellos que tratan de ver una pel\u00edcula en silencio.\u00a0<\/p>\n<p>510<\/p>\n<p>  <img src=\"https:\/\/www.europesays.com\/es\/wp-content\/uploads\/2025\/10\/f8082af7a88c-4-coral-homes-2.jpg\"   width=\"1024\" height=\"585\" loading=\"lazy\" decoding=\"async\" alt=\"Casa de planta abierta\" fetchpriority=\"auto\" class=\"image ho-image\"\/>\u00a9 Coral Homes<\/p>\n<p> Adi\u00f3s a los problemas de iluminaci\u00f3n<\/p>\n<p id=\"emuW3y99F4Jl\">En las casas di\u00e1fanas con interiores amplios y abiertos resulta m\u00e1s complicado controlar la iluminaci\u00f3n artificial. <a class=\"hm-link ho-link\" href=\"https:\/\/www.hola.com\/decoracion\/20200814173583\/ideas-decoracion-luz-natural-casa-mc\/\" rel=\"noopener nofollow\" target=\"_blank\" data-mrf-recirculation=\"article-body-link\">La luz natural circula libremente,<\/a> con los beneficios que ello supone, pero al caer el sol llega el momento de encender las luces. Para lograr un ambiente lum\u00ednico bien modulado es necesario <strong>dise\u00f1ar un proyecto de iluminaci\u00f3n por zonas,\u00a0<\/strong>con l\u00e1mparas auxiliares. Es m\u00e1s complicado iluminar con \u00e9xito una zona abierta, de forma que sea acogedora y se respeta la funcionalidad.<\/p>\n<p>610<\/p>\n<p>  <img src=\"https:\/\/www.europesays.com\/es\/wp-content\/uploads\/2025\/10\/9d77480f10b8-6-coral-homes-1.jpg\"   width=\"1024\" height=\"537\" loading=\"lazy\" decoding=\"async\" alt=\"Sal\u00f3n di\u00e1fano\" fetchpriority=\"auto\" class=\"image ho-image\"\/>\u00a9 Coral Homes<\/p>\n<p> El valor de lo funcional: apuesta por una cocina cerrada<\/p>\n<p id=\"eRrhFrL6fcdp\">Dejar los <a class=\"hm-link ho-link\" href=\"https:\/\/www.hola.com\/decoracion\/2015060379127\/decoracion-interiores-casa-abierta-abok\/\" rel=\"noopener nofollow\" target=\"_blank\" data-mrf-recirculation=\"article-body-link\">espacios totalmente abiertos<\/a> a veces no merece la pena. \u201cEn mi experiencia no siempre es la mejor opci\u00f3n. Un espacio completamente abierto puede resultar muy bonito visualmente, pero en muchas ocasiones <strong>no resulta pr\u00e1ctico.<\/strong> La falta de separaci\u00f3n puede afectar al confort, al orden visual y a la climatizaci\u00f3n. Nosotros preferimos <strong>trabajar con conexiones visuales,<\/strong> pero con la posibilidad de cerrar o matizar esas relaciones seg\u00fan el momento o la necesidad\u201d, nos cuenta Ana Blanco.\u00a0<\/p>\n<p id=\"em3jzcyeLFQ\">En lo que se refiere a <strong>dejar la cocina abierta o cerrada,\u00a0<\/strong>que es la principal cuesti\u00f3n en los hogares espa\u00f1oles cuando se trata de distribuci\u00f3n, \u201cdepende mucho del tipo de casa y de c\u00f3mo se viva. A m\u00ed personalmente <strong>me gusta que la cocina est\u00e9 conectada visualmente con el estar o el comedor, pero que se pueda cerrar si hace falta.\u00a0<\/strong>De esta forma se controlan mejor los olores y el ruido, y conseguimos mantener un orden visual. En nuestros proyectos solemos usar cerramientos de vidrio, puertas correderas o paneles m\u00f3viles, que nos permiten esa doble condici\u00f3n: una cocina abierta y conectada, pero tambi\u00e9n privada cuando se necesita\u201d, explica Fran Meng\u00edbar.<\/p>\n<p>710<\/p>\n<p>  <img src=\"https:\/\/www.europesays.com\/es\/wp-content\/uploads\/2025\/10\/240b50e55764-7-molins-house-59jpg.jpg\"   width=\"929\" height=\"1024\" loading=\"lazy\" decoding=\"async\" alt=\"Chimenea que separa el espacio en el sal\u00f3n\" fetchpriority=\"auto\" class=\"image ho-image\"\/>\u00a9 Molins Design<\/p>\n<p> Ideas muy actuales para separar sin tabiques<\/p>\n<p id=\"eo_wJ1A4yP\">Los expertos lo tienen claro: \u201cCompartimentar siempre nos <strong>aporta un poco m\u00e1s de confort, control y car\u00e1cter.\u00a0<\/strong>Tambi\u00e9n nos ayuda a <strong>mejorar el aislamiento ac\u00fastico y t\u00e9rmico,\u00a0<\/strong>y nos permite crear diferentes ambientes, consiguiendo una sensaci\u00f3n mayor de orden y refugio. Adem\u00e1s, cada estancia puede expresar una parte distinta de la personalidad de cada habitante\u201d, dice Ana Blanco.\u00a0<\/p>\n<p id=\"eqt0u2op4oT\">\u201cEn la actualidad hay much\u00edsimas posibilidades para acotar y cerrar los diferentes espacios sin necesidad de levantar tabiques. Nos gusta trabajar con<a class=\"hm-link ho-link\" href=\"https:\/\/www.hola.com\/decoracion\/20250312819014\/cocinas-cerramientos-cristal-amplitud-luz-diseno-moderno\/\" rel=\"noopener nofollow\" target=\"_blank\" data-mrf-recirculation=\"article-body-link\">\u00a0cerramientos de vidrio,<\/a><strong>\u00a0paneles m\u00f3viles, estanter\u00edas abiertas, paredes a media altura o, incluso, cortinas pesadas<\/strong> que dan movimiento y tambi\u00e9n calidez. Otras opciones pueden ser los <strong>cambios de nivel o el mobiliario fijo<\/strong> que ayuda a separar sin perder continuidad. La idea es delimitar sin aislar, mantener la luz y la conexi\u00f3n visual\u201d, explican los arquitectos.<\/p>\n<p>810<\/p>\n<p>  <img src=\"https:\/\/www.europesays.com\/es\/wp-content\/uploads\/2025\/10\/a0b2fa86e131-8-molins-emporda-house-19jpg.jpg\"   width=\"1024\" height=\"897\" loading=\"lazy\" decoding=\"async\" alt=\"Sal\u00f3n con chimenea\" fetchpriority=\"auto\" class=\"image ho-image\"\/>\u00a9 Molins Design<\/p>\n<p> La eficiencia energ\u00e9tica: una raz\u00f3n m\u00e1s para compartimentar<\/p>\n<p id=\"ethhJucnbbWg\">Para alcanzar una atm\u00f3sfera t\u00e9rmicamente confortable necesitamos que <a class=\"hm-link ho-link\" href=\"https:\/\/www.hola.com\/decoracion\/20220929218050\/soluciones-mas-confort-termico-hogar-nu\/\" rel=\"noopener nofollow\" target=\"_blank\" data-mrf-recirculation=\"article-body-link\">los interiores est\u00e9n bien aislados.<\/a> \u201cDesde el punto de vista energ\u00e9tico, las casas compartimentadas funcionan mejor. Es m\u00e1s f\u00e1cil mantener la temperatura deseada en cada estancia y controlar los flujos de aire. En los espacios abiertos hay m\u00e1s p\u00e9rdidas t\u00e9rmicas y cuesta m\u00e1s climatizarlos\u201d, cuenta Fran Meng\u00edbar.<\/p>\n<p>910<\/p>\n<p>  <img src=\"https:\/\/www.europesays.com\/es\/wp-content\/uploads\/2025\/10\/00027b4b11f4-9-muntaner158642.jpg\"   width=\"768\" height=\"1024\" loading=\"lazy\" decoding=\"async\" alt=\"Recibidor compartimentado\" fetchpriority=\"auto\" class=\"image ho-image\"\/>\u00a9 Meng\u00edbar Blanco<\/p>\n<p> Una decoraci\u00f3n m\u00e1s personal<\/p>\n<p id=\"eWb3Ekky2V\">Decorar estancias peque\u00f1as y acotadas es m\u00e1s f\u00e1cil que decorar espacios amplios y di\u00e1fanos, con diferentes zonas. \u201cPara nosotros los espacios compartimentados son m\u00e1s agradecidos, porque <strong>cada habitaci\u00f3n tiene su proporci\u00f3n y su car\u00e1cter.\u00a0<\/strong>En cambio, los espacios di\u00e1fanos exigen una visi\u00f3n m\u00e1s global: todo debe tener coherencia, desde los materiales hasta los colores y las texturas\u201d, cuenta Ana Blanco.\u00a0<\/p>\n<p id=\"e_tyB5uNijt\">Si tu casa est\u00e1 compartimentada, puedes decorar cada estancia con <a class=\"hm-link ho-link\" href=\"https:\/\/www.hola.com\/decoracion\/20221115220934\/colores-paredes-para-cada-estancia-mc\/\" rel=\"noopener nofollow\" target=\"_blank\" data-mrf-recirculation=\"article-body-link\">paredes de colores distintos<\/a> e, incluso, cambiar de estilo o experimentar con el dise\u00f1o. La decoraci\u00f3n puede ser m\u00e1s vers\u00e1til y personal.\u00a0<\/p>\n<p>1010<\/p>\n<p>  <img src=\"https:\/\/www.europesays.com\/es\/wp-content\/uploads\/2025\/10\/494f2ecc3c38-10-blancomarti-i-julia0001-9.jpg\"   width=\"1024\" height=\"768\" loading=\"lazy\" decoding=\"async\" alt=\"Sal\u00f3n con sof\u00e1 blanco\" fetchpriority=\"auto\" class=\"image ho-image\"\/>\u00a9 Meng\u00edbar Blanco<\/p>\n<p> La soluci\u00f3n ideal: ambientes m\u00e1s flexibles, f\u00e1ciles de abrir y cerrar<\/p>\n<p id=\"ebGkj1NZyrfK\">Para Ana Blanco y Fran Meng\u00edbar, la alternativa perfecta a las casas di\u00e1fanas (y tambi\u00e9n a los pisos estructurados con tabiques) son los <strong>ambientes que pueden abrirse o cerrarse seg\u00fan las circunstancias de cada momento.\u00a0<\/strong>Se trata de un <a class=\"hm-link ho-link\" href=\"https:\/\/www.hola.com\/decoracion\/20240507248212\/ideas-separar-cocina-de-salon-il\/\" rel=\"noopener nofollow\" target=\"_blank\" data-mrf-recirculation=\"article-body-link\">concepto semiabierto,<\/a> con elementos m\u00f3viles que pueden permanecer abiertos o totalmente cerrados. \u201cSi bien no creemos que la concepci\u00f3n di\u00e1fana del espacio interior de las casas vaya a desaparecer por el momento, s\u00ed creemos que <strong>est\u00e1 evolucionando hacia algo m\u00e1s flexible.\u00a0<\/strong>Hoy valoramos la posibilidad de abrir o cerrar seg\u00fan el momento. Pensamos que el futuro est\u00e1 en los espacios m\u00e1s adaptables, que cambian con nosotros\u201d, explican los arquitectos.<\/p>\n","protected":false},"excerpt":{"rendered":"Los planos de planta abierta y los espacios open concept\u00a0han sido tendencia durante mucho tiempo. Procedentes de una&hellip;\n","protected":false},"author":2,"featured_media":198806,"comment_status":"","ping_status":"","sticky":false,"template":"","format":"standard","meta":{"footnotes":""},"categories":[173],"tags":[229,233,231,230,8372,232,234,146,147,25,24,14047,23],"class_list":{"0":"post-198805","1":"post","2":"type-post","3":"status-publish","4":"format-standard","5":"has-post-thumbnail","7":"category-arte-y-diseno","8":"tag-arte","9":"tag-arte-y-diseno","10":"tag-arts","11":"tag-arts-and-design","12":"tag-decoracion","13":"tag-design","14":"tag-diseno","15":"tag-entertainment","16":"tag-entretenimiento","17":"tag-es","18":"tag-espana","19":"tag-ideas-decoracion","20":"tag-spain"},"share_on_mastodon":{"url":"https:\/\/pubeurope.com\/@es\/115430346506455155","error":""},"_links":{"self":[{"href":"https:\/\/www.europesays.com\/es\/wp-json\/wp\/v2\/posts\/198805","targetHints":{"allow":["GET"]}}],"collection":[{"href":"https:\/\/www.europesays.com\/es\/wp-json\/wp\/v2\/posts"}],"about":[{"href":"https:\/\/www.europesays.com\/es\/wp-json\/wp\/v2\/types\/post"}],"author":[{"embeddable":true,"href":"https:\/\/www.europesays.com\/es\/wp-json\/wp\/v2\/users\/2"}],"replies":[{"embeddable":true,"href":"https:\/\/www.europesays.com\/es\/wp-json\/wp\/v2\/comments?post=198805"}],"version-history":[{"count":0,"href":"https:\/\/www.europesays.com\/es\/wp-json\/wp\/v2\/posts\/198805\/revisions"}],"wp:featuredmedia":[{"embeddable":true,"href":"https:\/\/www.europesays.com\/es\/wp-json\/wp\/v2\/media\/198806"}],"wp:attachment":[{"href":"https:\/\/www.europesays.com\/es\/wp-json\/wp\/v2\/media?parent=198805"}],"wp:term":[{"taxonomy":"category","embeddable":true,"href":"https:\/\/www.europesays.com\/es\/wp-json\/wp\/v2\/categories?post=198805"},{"taxonomy":"post_tag","embeddable":true,"href":"https:\/\/www.europesays.com\/es\/wp-json\/wp\/v2\/tags?post=198805"}],"curies":[{"name":"wp","href":"https:\/\/api.w.org\/{rel}","templated":true}]}}