{"id":198812,"date":"2025-10-24T17:38:17","date_gmt":"2025-10-24T17:38:17","guid":{"rendered":"https:\/\/www.europesays.com\/es\/198812\/"},"modified":"2025-10-24T17:38:17","modified_gmt":"2025-10-24T17:38:17","slug":"simeone-ensaya-en-el-entrenamiento-el-once-que-podria-sacar-ante-el-betis","status":"publish","type":"post","link":"https:\/\/www.europesays.com\/es\/198812\/","title":{"rendered":"Simeone ensaya en el entrenamiento el once que podr\u00eda sacar ante el Betis"},"content":{"rendered":"<p style=\"\">El <strong>Atl\u00e9tico de Madrid<\/strong> prepara ya el duelo frente el <a href=\"https:\/\/www.abc.es\/deportes\/alfinaldelapalmera\/noticias-betis\/betis-unico-equipo-cinco-puntos-liga-igualada-20251024122749-nts.html\" target=\"_self\" data-voc-vtm-id=\"in-text-traffic\" title=\"Real Betis\" data-mrf-link=\"www.abc.es\" rel=\"nofollow noopener\">Real Betis<\/a> de la jornada 10 de <strong>LaLiga EA Sports<\/strong>. Los del <strong>Cholo Simeone<\/strong> han regresado a los entrenamientos esta ma\u00f1ana con la \u00fanica ausencia del lateral <strong>Matteo Ruggeri<\/strong> por  &#8230; una indisposici\u00f3n.<\/p>\n<p class=\"voc-p\" style=\"\">Como suele ser habitual en los entrenamientos del conjunto colchonero, el entrenador argentino ha ensayado un once titular que podr\u00eda parecerse bastante al que salte a <strong>La Cartuja<\/strong> el pr\u00f3ximo lunes (21.00). Este contar\u00eda con dos cambios respecto al equipo que sali\u00f3 vapuleado el pasado martes por 4-0 frente al <strong>Arsenal<\/strong> en la tercera jornada de la fase de liga de la <strong>Champions League<\/strong>. El <strong>ensayo<\/strong> de <strong>Simeone<\/strong> ha contado con <strong>Oblak; Llorente, Gim\u00e9nez, Lenglet, Hancko; Giuliano, Barrios, Koke, Nico Gonz\u00e1lez; Baena y Juli\u00e1n \u00c1lvarez<\/strong>. Lenglet y Baena son los \u00fanicos que no comenzaron el encuentro en el Emirates Stadium. Sus puestos los ocuparon Le Normand y Sorloth. <\/p>\n<p class=\"voc-p\" style=\"\">Otra novedad que llega desde Majadahonda es la posible recuperaci\u00f3n de <strong>Johnny Cardoso<\/strong>. El pivote estadounidense ha realizado parte del entrenamiento junto a sus compa\u00f1eros, por lo que podr\u00eda entrar en la convocatoria para enfrentarse a su exequipo. Una <strong>lesi\u00f3n en su tobillo izquierdo<\/strong>, producida durante un entrenamiento del equipo madrile\u00f1o a mediados de septiembre, le ha impedido jugar con sus compa\u00f1eros desde la jornada 3 de LaLiga.<\/p>\n<p class=\"voc-p\" style=\"\">Los rojiblancos llegar\u00e1n a Sevilla con la intenci\u00f3n de <strong>ganar su primer partido fuera de casa<\/strong> en lo que va de temporada. Hasta ahora acumulan <strong>tres derrotas<\/strong> (Espanyol, Liverpool y Arsenal) <strong>y tres empates<\/strong> (Alav\u00e9s, Mallorca y Celta).<\/p>\n","protected":false},"excerpt":{"rendered":"El Atl\u00e9tico de Madrid prepara ya el duelo frente el Real Betis de la jornada 10 de LaLiga&hellip;\n","protected":false},"author":2,"featured_media":198813,"comment_status":"","ping_status":"","sticky":false,"template":"","format":"standard","meta":{"footnotes":""},"categories":[93],"tags":[1575,291,168,26332,8346,25,24,531,6860,10259,23,167],"class_list":{"0":"post-198812","1":"post","2":"type-post","3":"status-publish","4":"format-standard","5":"has-post-thumbnail","7":"category-deportes","8":"tag-ante","9":"tag-betis","10":"tag-deportes","11":"tag-ensaya","12":"tag-entrenamiento","13":"tag-es","14":"tag-espana","15":"tag-once","16":"tag-sacar","17":"tag-simeone","18":"tag-spain","19":"tag-sports"},"share_on_mastodon":{"url":"https:\/\/pubeurope.com\/@es\/115430365835414128","error":""},"_links":{"self":[{"href":"https:\/\/www.europesays.com\/es\/wp-json\/wp\/v2\/posts\/198812","targetHints":{"allow":["GET"]}}],"collection":[{"href":"https:\/\/www.europesays.com\/es\/wp-json\/wp\/v2\/posts"}],"about":[{"href":"https:\/\/www.europesays.com\/es\/wp-json\/wp\/v2\/types\/post"}],"author":[{"embeddable":true,"href":"https:\/\/www.europesays.com\/es\/wp-json\/wp\/v2\/users\/2"}],"replies":[{"embeddable":true,"href":"https:\/\/www.europesays.com\/es\/wp-json\/wp\/v2\/comments?post=198812"}],"version-history":[{"count":0,"href":"https:\/\/www.europesays.com\/es\/wp-json\/wp\/v2\/posts\/198812\/revisions"}],"wp:featuredmedia":[{"embeddable":true,"href":"https:\/\/www.europesays.com\/es\/wp-json\/wp\/v2\/media\/198813"}],"wp:attachment":[{"href":"https:\/\/www.europesays.com\/es\/wp-json\/wp\/v2\/media?parent=198812"}],"wp:term":[{"taxonomy":"category","embeddable":true,"href":"https:\/\/www.europesays.com\/es\/wp-json\/wp\/v2\/categories?post=198812"},{"taxonomy":"post_tag","embeddable":true,"href":"https:\/\/www.europesays.com\/es\/wp-json\/wp\/v2\/tags?post=198812"}],"curies":[{"name":"wp","href":"https:\/\/api.w.org\/{rel}","templated":true}]}}