{"id":198816,"date":"2025-10-24T17:40:08","date_gmt":"2025-10-24T17:40:08","guid":{"rendered":"https:\/\/www.europesays.com\/es\/198816\/"},"modified":"2025-10-24T17:40:08","modified_gmt":"2025-10-24T17:40:08","slug":"una-pintura-de-picasso-de-una-coleccion-privada-se-vende-por-27-millones-de-euros-en-una-subasta-en-paris-cultura","status":"publish","type":"post","link":"https:\/\/www.europesays.com\/es\/198816\/","title":{"rendered":"Una pintura de Picasso de una colecci\u00f3n privada se vende por 27 millones de euros en una subasta en Par\u00eds | Cultura"},"content":{"rendered":"<p class=\"\">Una pintura de Pablo Picasso se ha vendido por 27 millones de euros en una subasta en Par\u00eds este viernes. Se trata de un retrato in\u00e9dito de Dora Maar <a href=\"https:\/\/elpais.com\/cultura\/2023-04-08\/medio-siglo-sin-picasso-guia-para-adentrarse-en-su-vida-y-obra.html\" rel=\"nofollow noopener\" title=\"https:\/\/elpais.com\/cultura\/2023-04-08\/medio-siglo-sin-picasso-guia-para-adentrarse-en-su-vida-y-obra.html\" target=\"_blank\">pintado por Pablo Picasso en 1943<\/a> y mantenido en secreto durante m\u00e1s de 80 a\u00f1os por la familia propietaria. La obra, Busto de mujer con sombrero de flores, forma parte de la serie Mujeres con sombrero y no hab\u00eda salido al mercado ni hab\u00eda sido expuesta. El comprador se encontraba en la sala de subastas, pero no fue identificado. <\/p>\n<p class=\"\">\u201cEs sin duda la obra m\u00e1s conmovedora de Picasso que involucr\u00f3 a su musa, ya que estaba a punto de dejarla (Dora Maar) por la pintora francesa Fran\u00e7oise Gilot\u201d, declar\u00f3 el subastador Christophe Lucien. \u201cY a trav\u00e9s de este retrato vemos a una mujer que contiene las l\u00e1grimas. As\u00ed que es una suerte para un subastador tener una pieza de la historia del arte ante sus propios ojos\u201d, a\u00f1adi\u00f3.<\/p>\n<p class=\"\">El lienzo permaneci\u00f3 en manos de una misma familia \u2015que quiere permanecer en el anonimato\u2015 desde 1944, cuando fue adquirido por el abuelo de los actuales herederos en plena ocupaci\u00f3n alemana de Francia, poco antes de la liberaci\u00f3n de Par\u00eds. Durante generaciones estuvo colgado en el domicilio familiar y seg\u00fan han relatado los propietarios, los ni\u00f1os jugaban en la sala donde estaba sin ser conscientes de que conviv\u00edan con un picasso.<\/p>\n<p class=\"\"><a href=\"https:\/\/elpais.com\/espana\/madrid\/2025-09-04\/objetivo-dora-maar.html\" rel=\"nofollow noopener\" title=\"https:\/\/elpais.com\/espana\/madrid\/2025-09-04\/objetivo-dora-maar.html\" target=\"_blank\">Maar, fot\u00f3grafa, artista y pareja<\/a> del pintor entre 1936 y 1945, aparece en esta obra pintada en la \u00faltima parte de su relaci\u00f3n, coincidiendo con la entrada en la vida de Picasso de Fran\u00e7oise Gilot. \u201cEl sombrero, atributo predilecto de Dora, se convierte aqu\u00ed en una corona y un contrapunto a la fragmentaci\u00f3n del rostro, cargado de melancol\u00eda\u201d, ha dicho la experta Agn\u00e8s Sevestre-Barb\u00e9.<\/p>\n<p class=\"\">Picasso solo hab\u00eda presentado este lienzo en una exposici\u00f3n privada con algunos de sus amigos, como Jean Marais y Jean Cocteau en su taller de la calle de los Grands-Augustins de Par\u00eds, donde el pintor permaneci\u00f3 confinado durante la guerra. Hasta ahora se conoc\u00eda \u00fanicamente a trav\u00e9s de dos fotograf\u00edas en blanco y negro de Brassai, tomadas en ese momento, y que fueron utilizada en el cat\u00e1logo razonado de Christian Zervos. Validada ahora como aut\u00e9ntica por el Comit\u00e9 Picasso y la Picasso Administration, la pieza tiene una importancia hist\u00f3rica, seg\u00fan la casa de subastas.<\/p>\n","protected":false},"excerpt":{"rendered":"Una pintura de Pablo Picasso se ha vendido por 27 millones de euros en una subasta en Par\u00eds&hellip;\n","protected":false},"author":2,"featured_media":198817,"comment_status":"","ping_status":"","sticky":false,"template":"","format":"standard","meta":{"footnotes":""},"categories":[91],"tags":[229,4194,209,146,147,25,24,504,503,23,21363],"class_list":{"0":"post-198816","1":"post","2":"type-post","3":"status-publish","4":"format-standard","5":"has-post-thumbnail","7":"category-entretenimiento","8":"tag-arte","9":"tag-cuadros","10":"tag-cultura","11":"tag-entertainment","12":"tag-entretenimiento","13":"tag-es","14":"tag-espana","15":"tag-pablo-picasso","16":"tag-pintura","17":"tag-spain","18":"tag-subastas-arte"},"share_on_mastodon":{"url":"https:\/\/pubeurope.com\/@es\/115430373733555758","error":""},"_links":{"self":[{"href":"https:\/\/www.europesays.com\/es\/wp-json\/wp\/v2\/posts\/198816","targetHints":{"allow":["GET"]}}],"collection":[{"href":"https:\/\/www.europesays.com\/es\/wp-json\/wp\/v2\/posts"}],"about":[{"href":"https:\/\/www.europesays.com\/es\/wp-json\/wp\/v2\/types\/post"}],"author":[{"embeddable":true,"href":"https:\/\/www.europesays.com\/es\/wp-json\/wp\/v2\/users\/2"}],"replies":[{"embeddable":true,"href":"https:\/\/www.europesays.com\/es\/wp-json\/wp\/v2\/comments?post=198816"}],"version-history":[{"count":0,"href":"https:\/\/www.europesays.com\/es\/wp-json\/wp\/v2\/posts\/198816\/revisions"}],"wp:featuredmedia":[{"embeddable":true,"href":"https:\/\/www.europesays.com\/es\/wp-json\/wp\/v2\/media\/198817"}],"wp:attachment":[{"href":"https:\/\/www.europesays.com\/es\/wp-json\/wp\/v2\/media?parent=198816"}],"wp:term":[{"taxonomy":"category","embeddable":true,"href":"https:\/\/www.europesays.com\/es\/wp-json\/wp\/v2\/categories?post=198816"},{"taxonomy":"post_tag","embeddable":true,"href":"https:\/\/www.europesays.com\/es\/wp-json\/wp\/v2\/tags?post=198816"}],"curies":[{"name":"wp","href":"https:\/\/api.w.org\/{rel}","templated":true}]}}