{"id":198825,"date":"2025-10-24T17:45:48","date_gmt":"2025-10-24T17:45:48","guid":{"rendered":"https:\/\/www.europesays.com\/es\/198825\/"},"modified":"2025-10-24T17:45:48","modified_gmt":"2025-10-24T17:45:48","slug":"policia-local-informa-cortes-de-trafico-por-la-carrera-memorial-de-los-bomberos-el-domingo-26-de-octubre","status":"publish","type":"post","link":"https:\/\/www.europesays.com\/es\/198825\/","title":{"rendered":"Polic\u00eda Local Informa: Cortes de tr\u00e1fico por la carrera Memorial de los Bomberos el domingo, 26 de octubre"},"content":{"rendered":"<p>La Polic\u00eda Local de Alcal\u00e1 de Henares informa:\u00a0<\/p>\n<p>Con motivo de la celebraci\u00f3n la carrera popular memorial de bomberos 2025 el domingo 26 de octubre a las 10.30 horas (duraci\u00f3n aproximada de 60 minutos), se va a proceder al corte de algunas calles, les adjuntamos los itinerarios, para que puedan prever los desv\u00edos alternativos de sus l\u00edneas de autobuses, as\u00ed como las paradas de las mismas.<\/p>\n<p>\u00a0<\/p>\n<p>Itinerario:<\/p>\n<p>\u00a0<\/p>\n<p>Calle Federico Chueca \u2013 C. Camarmilla \u2013 Camino del Cementerio \u2013 Cruce con V\u00eda Complutense \u2013 Andr\u00e9s Saborit \u2013 Puerta de Madrid \u2013 Plaza Puerta de Madrid \u2013 Cardenal Cisneros \u2013 Plaza de los Santos Ni\u00f1os \u2013 Empecinado \u2013 Plaza de Santa Mar\u00eda de la Rica \u2013 Avellaneda \u2013 Traves\u00eda Avellaneda \u2013 Escritorios \u2013 Santa \u00darsula \u2013 Colegio \u2013 Plaza Puerta de Aguadores \u2013 Paseo del Val \u2013 Rotonda Plaza de la Juventud \u2013 Avda. Virgen del Val \u2013 Avda. de Castilla \u2013 Santander \u2013 Rotonda de la Mol\u00e9cula \u2013 Avda. Lope de Figueroa \u2013 Avda. Juan de Austria \u2013 ronda Ancha \u2013 Padre Francisco \u2013\u00a0 Azucena \u2013 San Diego \u2013 Plaza San Diego (Universidad) \u2013 Bustamante de la C\u00e1mara \u2013 Plaza Cervantes \u2013 Calle mayor \u2013 Plaza de los Santos Ni\u00f1os \u2013 Cardenal Cisneros \u2013 Puerta Madrid \u2013 Andr\u00e9s Saborit \u2013 Cruce con V\u00eda Complutense \u2013 Camino del Cementerio \u2013 C. Camarmilla \u2013 Federico Chueca<\/p>\n<p>\u00a0<\/p>\n<p>Agradeciendo de antemano su colaboraci\u00f3n y ayuda.<\/p>\n<p>\u00a0<\/p>\n<p>Quedamos a su disposici\u00f3n.<\/p>\n","protected":false},"excerpt":{"rendered":"La Polic\u00eda Local de Alcal\u00e1 de Henares informa:\u00a0 Con motivo de la celebraci\u00f3n la carrera popular memorial de&hellip;\n","protected":false},"author":2,"featured_media":198826,"comment_status":"","ping_status":"","sticky":false,"template":"","format":"standard","meta":{"footnotes":""},"categories":[5],"tags":[27349,17,18,54887,25,24,13,14,11,19,20,9,10,15,16,23,12,21,22],"class_list":{"0":"post-198825","1":"post","2":"type-post","3":"status-publish","4":"format-standard","5":"has-post-thumbnail","7":"category-titulares","8":"tag-ayuntamiento-de-alcala","9":"tag-breaking-news","10":"tag-breakingnews","11":"tag-dispositivo-trafico","12":"tag-es","13":"tag-espana","14":"tag-featured-news","15":"tag-featurednews","16":"tag-headlines","17":"tag-latest-news","18":"tag-latestnews","19":"tag-news","20":"tag-noticias","21":"tag-noticias-destacadas","22":"tag-noticiasdestacadas","23":"tag-spain","24":"tag-titulares","25":"tag-ultimas-noticias","26":"tag-ultimasnoticias"},"share_on_mastodon":{"url":"https:\/\/pubeurope.com\/@es\/115430397241818372","error":""},"_links":{"self":[{"href":"https:\/\/www.europesays.com\/es\/wp-json\/wp\/v2\/posts\/198825","targetHints":{"allow":["GET"]}}],"collection":[{"href":"https:\/\/www.europesays.com\/es\/wp-json\/wp\/v2\/posts"}],"about":[{"href":"https:\/\/www.europesays.com\/es\/wp-json\/wp\/v2\/types\/post"}],"author":[{"embeddable":true,"href":"https:\/\/www.europesays.com\/es\/wp-json\/wp\/v2\/users\/2"}],"replies":[{"embeddable":true,"href":"https:\/\/www.europesays.com\/es\/wp-json\/wp\/v2\/comments?post=198825"}],"version-history":[{"count":0,"href":"https:\/\/www.europesays.com\/es\/wp-json\/wp\/v2\/posts\/198825\/revisions"}],"wp:featuredmedia":[{"embeddable":true,"href":"https:\/\/www.europesays.com\/es\/wp-json\/wp\/v2\/media\/198826"}],"wp:attachment":[{"href":"https:\/\/www.europesays.com\/es\/wp-json\/wp\/v2\/media?parent=198825"}],"wp:term":[{"taxonomy":"category","embeddable":true,"href":"https:\/\/www.europesays.com\/es\/wp-json\/wp\/v2\/categories?post=198825"},{"taxonomy":"post_tag","embeddable":true,"href":"https:\/\/www.europesays.com\/es\/wp-json\/wp\/v2\/tags?post=198825"}],"curies":[{"name":"wp","href":"https:\/\/api.w.org\/{rel}","templated":true}]}}