{"id":198829,"date":"2025-10-24T17:52:12","date_gmt":"2025-10-24T17:52:12","guid":{"rendered":"https:\/\/www.europesays.com\/es\/198829\/"},"modified":"2025-10-24T17:52:12","modified_gmt":"2025-10-24T17:52:12","slug":"10-datos-curiosos-que-no-sabias-del-mexico-gp","status":"publish","type":"post","link":"https:\/\/www.europesays.com\/es\/198829\/","title":{"rendered":"10 datos curiosos que no sab\u00edas del M\u00e9xico GP"},"content":{"rendered":"<p>El ritmo de los motores y el ambiente de F1esta ya se siente en el aire. La edici\u00f3n 2025 no es una m\u00e1s; marca el d\u00e9cimo aniversario del regreso de la<a href=\"https:\/\/www.formula1.com\/\" target=\"_blank\" rel=\"noopener nofollow\"><strong> F\u00f3rmula 1<\/strong><\/a> en el <a href=\"https:\/\/www.mexicogp.mx\/\" target=\"_blank\" rel=\"noopener nofollow\">Aut\u00f3dromo Hermanos Rodr\u00edguez<\/a>, una d\u00e9cada en la que el evento se consolid\u00f3 como el coraz\u00f3n de la temporada.<\/p>\n<p>\u00a0<\/p>\n<p>Para celebrar, desempolvamos el archivo y te presentamos 10 datos curiosos que resumen esta gran H1STORIA.<\/p>\n<p>\u00a0<\/p>\n<p>Una distancia continental<\/p>\n<p>\u00a0<\/p>\n<p>Luego de nueve ediciones del Gran Premio de M\u00e9xico, se han disputado 2,748.186 kil\u00f3metros de competencia, es decir, la distancia que hay en carretera entre la Ciudad de M\u00e9xico y la frontera con Estados Unidos en el paso por Tijuana.<\/p>\n<p>\u00a0<\/p>\n<p><img loading=\"lazy\" decoding=\"async\" class=\"aligncenter size-large wp-image-100470\" src=\"https:\/\/www.europesays.com\/es\/wp-content\/uploads\/2025\/10\/3-1-scaled-1-1024x683.jpg\" alt=\"\" width=\"1024\" height=\"683\"  \/><\/p>\n<p>\u00a0<\/p>\n<p>La pista de los r\u00e9cords<\/p>\n<p>\u00a0<\/p>\n<p>El asfalto del Aut\u00f3dromo Hermanos Rodr\u00edguez ha visto cruzar la l\u00ednea de meta\u00a0<strong>639 veces<\/strong> en vuelta de Gran Premio, sin contar pr\u00e1cticas o clasificaciones.<\/p>\n<p>\u00a0<\/p>\n<p><img loading=\"lazy\" decoding=\"async\" class=\"aligncenter size-large wp-image-100466\" src=\"https:\/\/www.europesays.com\/es\/wp-content\/uploads\/2025\/10\/mexicogp-nota-02172025-01-1024x576.jpg\" alt=\"\" width=\"1024\" height=\"576\"  \/><\/p>\n<p>\u00a0<\/p>\n<p>Motor econ\u00f3mico<\/p>\n<p>\u00a0<\/p>\n<p>El evento ha sido un catalizador de prosperidad de la Ciudad de M\u00e9xico y del pa\u00eds a lo largo de estos 10 a\u00f1os, generando una derrama econ\u00f3mica estimada de 137,754 millones de pesos en derrama econ\u00f3mica y exposici\u00f3n en medios.<\/p>\n<p>\u00a0<\/p>\n<p><img loading=\"lazy\" decoding=\"async\" class=\"aligncenter size-large wp-image-100464\" src=\"https:\/\/www.europesays.com\/es\/wp-content\/uploads\/2025\/10\/08-galeria-13feb-1024x576.jpg\" alt=\"\" width=\"1024\" height=\"576\"  \/><\/p>\n<p>\u00a0<\/p>\n<p>Generador de empleo<\/p>\n<p>\u00a0<\/p>\n<p>Para conseguir el nivel de excelencia en su organizaci\u00f3n, el Gran Premio ha creado\u00a0<strong>82,494 empleos directos<\/strong>, una cifra que crece a\u00f1o con a\u00f1o. Y como dato extra en este punto, se han distribuido alrededor de <strong>$11,499 millones de pesos<\/strong>\u00a0en salarios acumulados, impulsando la econom\u00eda de miles de familias.<\/p>\n<p>\u00a0<\/p>\n<p><img loading=\"lazy\" decoding=\"async\" class=\"aligncenter size-large wp-image-100469\" src=\"https:\/\/www.europesays.com\/es\/wp-content\/uploads\/2025\/10\/mexicogp-nota-02172025-04-1024x576.jpg\" alt=\"\" width=\"1024\" height=\"576\"  \/><\/p>\n<p>\u00a0<\/p>\n<p>9 ediciones de F1ESTA<\/p>\n<p>\u00a0<\/p>\n<p>Salvo el paro obligatorio por la pandemia en 2020, el Gran Premio de la Ciudad de M\u00e9xico se ha disputado nueve veces seguidas de 2015 hasta 2024. Todas ellas han tenido una sola sede y una sola configuraci\u00f3n del aut\u00f3dromo, que atraviesa por la zona del Estadio (el Foro Sol).<\/p>\n<p>\u00a0<\/p>\n<p><img loading=\"lazy\" decoding=\"async\" class=\"aligncenter size-large wp-image-100468\" src=\"https:\/\/www.europesays.com\/es\/wp-content\/uploads\/2025\/10\/mexicogp-nota-02172025-03-1024x576.jpg\" alt=\"\" width=\"1024\" height=\"576\"  \/><\/p>\n<p>\u00a0<\/p>\n<p>El mejor de su clase<\/p>\n<p>\u00a0<\/p>\n<p>Un r\u00e9ord absoluto: ha sido premiado como\u00a0<strong>\u201cMejor Evento del A\u00f1o\u201d<\/strong>\u00a0por la FIA por\u00a0<strong>5 a\u00f1os consecutivos<\/strong>\u00a0(2015-2019), un honor que ninguna otra sede ha igualado.<\/p>\n<p>\u00a0<\/p>\n<p><img loading=\"lazy\" decoding=\"async\" class=\"aligncenter size-large wp-image-100467\" src=\"https:\/\/www.europesays.com\/es\/wp-content\/uploads\/2025\/10\/mexicogp-nota-02172025-02-1024x576.jpg\" alt=\"\" width=\"1024\" height=\"576\"  \/><\/p>\n<p>\u00a0<\/p>\n<p>Solo hay 4 ganadores<\/p>\n<p>\u00a0<\/p>\n<p>Desde su regreso al calendario en 2015, son solo cuatro pilotos los que han ganado el Gran Premio de M\u00e9xico. Nico Rosberg en 2015, Lewis Hamilton en 2016 y 2019, Max Verstappen en 2017, 2018, 2021, 2022 y 2023. Finalmente, el \u00faltimo ganador Carlos Sainz en 2024.<\/p>\n<p>\u00a0<\/p>\n<p><img loading=\"lazy\" decoding=\"async\" class=\"wp-image-100465 size-large\" src=\"https:\/\/www.europesays.com\/es\/wp-content\/uploads\/2025\/10\/09-galeria-13feb-1024x576.jpg\" alt=\"\" width=\"1024\" height=\"576\"  \/>Nico Rosberg<\/p>\n<p>\u00a0<\/p>\n<p>2 mexicanos han competido desde 2015<\/p>\n<p>\u00a0<\/p>\n<p>Los aficionados han tenido la oportunidad de ver en estos 10 a\u00f1os a dos representantes locales: Esteban Guti\u00e9rrez y Sergio P\u00e9rez. El regiomontano Guti\u00e9rrez compiti\u00f3 en el M\u00e9xico GP de 2016, mientras que Checo form\u00f3 parte de la parrilla de las nueve ediciones disputadas de esta era.<\/p>\n<p>\u00a0<\/p>\n<p><img loading=\"lazy\" decoding=\"async\" class=\"size-large wp-image-100473\" src=\"https:\/\/www.europesays.com\/es\/wp-content\/uploads\/2025\/10\/11-1-scaled-1-1024x683.jpg\" alt=\"\" width=\"1024\" height=\"683\"  \/><\/p>\n<p>\u00a0<\/p>\n<p>1 pilo de casa en el podio<\/p>\n<p>\u00a0<\/p>\n<p>El dato que enorgullece a toda una naci\u00f3n: Sergio \u201cCheco\u201d P\u00e9rez es el \u00fanico piloto mexicano en subirse al podio, con sus dos terceros lugares en 2021 y 2022.<\/p>\n<p>\u00a0<\/p>\n<p><img loading=\"lazy\" decoding=\"async\" class=\"size-large wp-image-100472\" src=\"https:\/\/www.europesays.com\/es\/wp-content\/uploads\/2025\/10\/9-1-scaled-1-1024x683.jpg\" alt=\"\" width=\"1024\" height=\"683\"  \/><\/p>\n","protected":false},"excerpt":{"rendered":"El ritmo de los motores y el ambiente de F1esta ya se siente en el aire. La edici\u00f3n&hellip;\n","protected":false},"author":2,"featured_media":198830,"comment_status":"","ping_status":"","sticky":false,"template":"","format":"standard","meta":{"footnotes":""},"categories":[270],"tags":[168,25,24,306,271,272,23,167],"class_list":{"0":"post-198829","1":"post","2":"type-post","3":"status-publish","4":"format-standard","5":"has-post-thumbnail","7":"category-formula-1","8":"tag-deportes","9":"tag-es","10":"tag-espana","11":"tag-f1","12":"tag-formula-1","13":"tag-formula1","14":"tag-spain","15":"tag-sports"},"share_on_mastodon":{"url":"https:\/\/pubeurope.com\/@es\/115430421202651705","error":""},"_links":{"self":[{"href":"https:\/\/www.europesays.com\/es\/wp-json\/wp\/v2\/posts\/198829","targetHints":{"allow":["GET"]}}],"collection":[{"href":"https:\/\/www.europesays.com\/es\/wp-json\/wp\/v2\/posts"}],"about":[{"href":"https:\/\/www.europesays.com\/es\/wp-json\/wp\/v2\/types\/post"}],"author":[{"embeddable":true,"href":"https:\/\/www.europesays.com\/es\/wp-json\/wp\/v2\/users\/2"}],"replies":[{"embeddable":true,"href":"https:\/\/www.europesays.com\/es\/wp-json\/wp\/v2\/comments?post=198829"}],"version-history":[{"count":0,"href":"https:\/\/www.europesays.com\/es\/wp-json\/wp\/v2\/posts\/198829\/revisions"}],"wp:featuredmedia":[{"embeddable":true,"href":"https:\/\/www.europesays.com\/es\/wp-json\/wp\/v2\/media\/198830"}],"wp:attachment":[{"href":"https:\/\/www.europesays.com\/es\/wp-json\/wp\/v2\/media?parent=198829"}],"wp:term":[{"taxonomy":"category","embeddable":true,"href":"https:\/\/www.europesays.com\/es\/wp-json\/wp\/v2\/categories?post=198829"},{"taxonomy":"post_tag","embeddable":true,"href":"https:\/\/www.europesays.com\/es\/wp-json\/wp\/v2\/tags?post=198829"}],"curies":[{"name":"wp","href":"https:\/\/api.w.org\/{rel}","templated":true}]}}